{"id":97620,"date":"2019-08-23T15:10:24","date_gmt":"2019-08-23T12:10:24","guid":{"rendered":"https:\/\/www.enerjigazetesi.ist\/?p=97620"},"modified":"2019-08-23T15:11:23","modified_gmt":"2019-08-23T12:11:23","slug":"yekdem-yarisma-ve-lisanslarina-yonelik-yonetmeliklerde-degisiklik","status":"publish","type":"post","link":"https:\/\/www.enerjigazetesi.ist\/en\/yekdem-yarisma-ve-lisanslarina-yonelik-yonetmeliklerde-degisiklik\/","title":{"rendered":"(Turkish) &#8217;YEKDEM&#8217; Yar\u0131\u015fma ve Lisanslar\u0131na Y\u00f6nelik Y\u00f6netmeliklerde De\u011fi\u015fiklik!"},"content":{"rendered":"<p class=\"qtranxs-available-languages-message qtranxs-available-languages-message-en\">Sorry, this entry is only available in <a href=\"https:\/\/www.enerjigazetesi.ist\/tr\/wp-json\/wp\/v2\/posts\/97620\" class=\"qtranxs-available-language-link qtranxs-available-language-link-tr\" title=\"Turkish\">Turkish<\/a>. For the sake of viewer convenience, the content is shown below in the alternative language. You may click the link to switch the active language.<\/p><p><\/p>\n<h1><strong>Yenilenebilir Enerji Kaynaklar\u0131n Belgelenmesi ve Desteklenmesine \u0130li\u015fkin Y\u00f6netmelikte ger\u00e7ekle\u015fen de\u011fi\u015fiklikler 23 A\u011fustos 2019 tarihli Resmi Gazete\u2019de yay\u0131nland\u0131.<\/strong><\/h1>\n<p>Yap\u0131lan de\u011fi\u015fiklikler kapsam\u0131nda, yenilenebilir enerji kaynaklar\u0131na dayal\u0131 \u00fcretim lisans\u0131 sahibi t\u00fczel <img loading=\"lazy\" class=\"alignleft wp-image-97624\" src=\"https:\/\/www.enerjigazetesi.ist\/wp-content\/uploads\/2019\/08\/yekdem-yarisma-ve-lisanslarina-yonelik-yonetmeliklerde-degisiklik1-300x150.jpg\" alt=\"\" width=\"320\" height=\"160\" srcset=\"https:\/\/www.enerjigazetesi.ist\/wp-content\/uploads\/2019\/08\/yekdem-yarisma-ve-lisanslarina-yonelik-yonetmeliklerde-degisiklik1-300x150.jpg 300w, https:\/\/www.enerjigazetesi.ist\/wp-content\/uploads\/2019\/08\/yekdem-yarisma-ve-lisanslarina-yonelik-yonetmeliklerde-degisiklik1-500x250.jpg 500w, https:\/\/www.enerjigazetesi.ist\/wp-content\/uploads\/2019\/08\/yekdem-yarisma-ve-lisanslarina-yonelik-yonetmeliklerde-degisiklik1-80x40.jpg 80w, https:\/\/www.enerjigazetesi.ist\/wp-content\/uploads\/2019\/08\/yekdem-yarisma-ve-lisanslarina-yonelik-yonetmeliklerde-degisiklik1.jpg 650w\" sizes=\"(max-width: 320px) 100vw, 320px\" \/>ki\u015filer, lisans baz\u0131nda, bir sonraki takvim y\u0131l\u0131nda YEKDEM\u2019e kay\u0131t olmak istemeleri halinde 31 Ekim\u2019e kadar EPDK\u2019ya ba\u015fvuru yapacak. Ba\u015fvurular, EPDK taraf\u0131ndan belirlenen formata uygun olarak, kurum internet sayfas\u0131nda ilan edilen bilgi ve belgeler ile ba\u015fvuru sahibi t\u00fczel ki\u015finin yetkilendirdi\u011fi ki\u015fi veya ki\u015filerce elektronik veya mobil imza ile yap\u0131lacak.<\/p>\n<p>R\u00fczgar ve g\u00fcne\u015f enerjisine dayal\u0131 \u00fcretim tesisi kurmak amac\u0131yla yap\u0131lan \u00f6nlisans yar\u0131\u015fmalar\u0131nda, ilgili kanun uyar\u0131nca \u00f6denmesi taahh\u00fct edilen katk\u0131 pay\u0131 veya kat\u0131l\u0131m bedeli, \u00fcretim tesislerinin kapasite art\u0131\u015flar\u0131 i\u00e7in de ge\u00e7erli olacak.<\/p>\n<p><strong><a href=\"http:\/\/www.resmigazete.gov.tr\/eskiler\/2019\/08\/20190823-1.htm\" target=\"_blank\" rel=\"noopener noreferrer\">\u2013 Elektrik Piyasas\u0131 Lisans Y\u00f6netmeli\u011finde De\u011fi\u015fiklik Yap\u0131lmas\u0131na Dair Y\u00f6netmelik<\/a><\/strong><\/p>\n<p><strong><a href=\"http:\/\/www.resmigazete.gov.tr\/eskiler\/2019\/08\/20190823-2.htm\" target=\"_blank\" rel=\"noopener noreferrer\">\u2013 R\u00fczg\u00e2r veya G\u00fcne\u015f Enerjisine Dayal\u0131 \u00dcretim Tesisi Kurmak \u00dczere Yap\u0131lan \u00d6nlisans Ba\u015fvurular\u0131na \u0130li\u015fkin Yar\u0131\u015fma Y\u00f6netmeli\u011finde De\u011fi\u015fiklik Yap\u0131lmas\u0131na Dair Y\u00f6netmelik<\/a><\/strong><\/p>\n<p><strong><a href=\"http:\/\/www.resmigazete.gov.tr\/eskiler\/2019\/08\/20190823-3.htm\" target=\"_blank\" rel=\"noopener noreferrer\">\u2014 Yenilenebilir Enerji Kaynaklar\u0131n\u0131n Belgelendirilmesi ve Desteklenmesine \u0130li\u015fkin Y\u00f6netmelikte De\u011fi\u015fiklik Yap\u0131lmas\u0131na Dair Y\u00f6netmelik<\/a><\/strong><\/p>","protected":false},"excerpt":{"rendered":"<p>Sorry, this entry is only available in Turkish. For the sake of viewer convenience, the content is shown below in the alternative language. You may click the link to switch the active language. Yenilenebilir Enerji Kaynaklar\u0131n Belgelenmesi ve Desteklenmesine \u0130li\u015fkin Y\u00f6netmelikte ger\u00e7ekle\u015fen de\u011fi\u015fiklikler 23 A\u011fustos 2019 tarihli Resmi Gazete\u2019de yay\u0131nland\u0131. Yap\u0131lan de\u011fi\u015fiklikler kapsam\u0131nda, yenilenebilir enerji [&hellip;]<\/p>\n","protected":false},"author":1,"featured_media":97625,"comment_status":"open","ping_status":"open","sticky":false,"template":"","format":"standard","meta":[],"categories":[51,53,49],"tags":[34979,34980,10136,26353,19,55484,52259,2765,750,35038,23416,35039,34925,23131,6286,55485,35002,1388,24949,35004,34960,11003,34977,1142,8275,26829,508],"views":706,"_links":{"self":[{"href":"https:\/\/www.enerjigazetesi.ist\/en\/wp-json\/wp\/v2\/posts\/97620"}],"collection":[{"href":"https:\/\/www.enerjigazetesi.ist\/en\/wp-json\/wp\/v2\/posts"}],"about":[{"href":"https:\/\/www.enerjigazetesi.ist\/en\/wp-json\/wp\/v2\/types\/post"}],"author":[{"embeddable":true,"href":"https:\/\/www.enerjigazetesi.ist\/en\/wp-json\/wp\/v2\/users\/1"}],"replies":[{"embeddable":true,"href":"https:\/\/www.enerjigazetesi.ist\/en\/wp-json\/wp\/v2\/comments?post=97620"}],"version-history":[{"count":0,"href":"https:\/\/www.enerjigazetesi.ist\/en\/wp-json\/wp\/v2\/posts\/97620\/revisions"}],"wp:featuredmedia":[{"embeddable":true,"href":"https:\/\/www.enerjigazetesi.ist\/en\/wp-json\/wp\/v2\/media\/97625"}],"wp:attachment":[{"href":"https:\/\/www.enerjigazetesi.ist\/en\/wp-json\/wp\/v2\/media?parent=97620"}],"wp:term":[{"taxonomy":"category","embeddable":true,"href":"https:\/\/www.enerjigazetesi.ist\/en\/wp-json\/wp\/v2\/categories?post=97620"},{"taxonomy":"post_tag","embeddable":true,"href":"https:\/\/www.enerjigazetesi.ist\/en\/wp-json\/wp\/v2\/tags?post=97620"}],"curies":[{"name":"wp","href":"https:\/\/api.w.org\/{rel}","templated":true}]}}