{"id":97468,"date":"2019-12-02T10:53:25","date_gmt":"2019-12-02T07:53:25","guid":{"rendered":"https:\/\/www.enerjigazetesi.ist\/?p=97468"},"modified":"2019-12-03T11:23:32","modified_gmt":"2019-12-03T08:23:32","slug":"enerji-sistemleri-muhendisleri-nin-dogalgaz-ic-tesisat-projeleri-ndeki-yetkileri-hk","status":"publish","type":"post","link":"https:\/\/www.enerjigazetesi.ist\/en\/enerji-sistemleri-muhendisleri-nin-dogalgaz-ic-tesisat-projeleri-ndeki-yetkileri-hk\/","title":{"rendered":"(Turkish) &#8217;Enerji Sis. M\u00fchendisleri&#8217;nin Do\u011falgaz \u0130\u00e7 Tesisat Projelerindeki Yetkileri Hk."},"content":{"rendered":"<p class=\"qtranxs-available-languages-message qtranxs-available-languages-message-en\">Sorry, this entry is only available in <a href=\"https:\/\/www.enerjigazetesi.ist\/tr\/wp-json\/wp\/v2\/posts\/97468\" class=\"qtranxs-available-language-link qtranxs-available-language-link-tr\" title=\"Turkish\">Turkish<\/a>. For the sake of viewer convenience, the content is shown below in the alternative language. You may click the link to switch the active language.<\/p><p><\/p>\n<h1><strong>Bilindi\u011fi \u00fczere Sn. Burhan Kuzu&#8217;nun da resmi sosyal medya hesab\u0131 \u00fczerinden Ankara&#8217;da d\u00fczenlenen EIF 2019 ve R\u00fczgar kongresinin zaman dilimi i\u00e7inde bir payla\u015f\u0131m s\u00fcrecine dahil oldu\u011fu &#8216;Enerji Sistemleri M\u00fchendisli\u011fi&#8217; b\u00f6l\u00fcm\u00fc mezunlar\u0131na y\u00f6nelik Do\u011fal Gaz \u0130\u00e7 Tesisat Proje m\u00fchendisli\u011fi hizmetlerinde yetkili oldu\u011funa dair payla\u015f\u0131mlar g\u00fcndemdeki yerini alm\u0131\u015ft\u0131.<\/strong><\/h1>\n<p><strong>Enerji Sistemleri M\u00fchendisi<\/strong> mezunumuz bir gencimiz ise daha \u00f6nceden\u00a0<strong>Enerji Piyasas\u0131 D\u00fczenleme Kurumu (EPDK)<\/strong>\u2019ya\u00a0<strong>yazarak iletti\u011fi dilek\u00e7eye<\/strong> kar\u015f\u0131l\u0131k cevap olarak\u00a0<strong>Do\u011fal Gaz \u0130\u00e7 Tesisat Proje m\u00fchendisli\u011fi hizmetlerine y\u00f6nelik<\/strong>\u00a0resmi bir yaz\u0131 iletilmi\u015fti.<\/p>\n<p><strong><img loading=\"lazy\" class=\"alignright wp-image-97471\" src=\"https:\/\/www.enerjigazetesi.ist\/wp-content\/uploads\/2019\/08\/enerji-sistemleri-muhendislerine-dogalgaz-ic-tesisat-proje-hazirlama-yetkisi2-300x174.jpg\" alt=\"\" width=\"320\" height=\"186\" srcset=\"https:\/\/www.enerjigazetesi.ist\/wp-content\/uploads\/2019\/08\/enerji-sistemleri-muhendislerine-dogalgaz-ic-tesisat-proje-hazirlama-yetkisi2-300x174.jpg 300w, https:\/\/www.enerjigazetesi.ist\/wp-content\/uploads\/2019\/08\/enerji-sistemleri-muhendislerine-dogalgaz-ic-tesisat-proje-hazirlama-yetkisi2-500x291.jpg 500w, https:\/\/www.enerjigazetesi.ist\/wp-content\/uploads\/2019\/08\/enerji-sistemleri-muhendislerine-dogalgaz-ic-tesisat-proje-hazirlama-yetkisi2-80x46.jpg 80w, https:\/\/www.enerjigazetesi.ist\/wp-content\/uploads\/2019\/08\/enerji-sistemleri-muhendislerine-dogalgaz-ic-tesisat-proje-hazirlama-yetkisi2.jpg 666w\" sizes=\"(max-width: 320px) 100vw, 320px\" \/>EPDK \u00f6zetle;<\/strong><\/p>\n<p><em>Y\u00d6K ile yap\u0131lan g\u00f6r\u00fc\u015fmeler neticesinde\u00a0<strong>Enerji Sistemleri M\u00fchendislerinin<\/strong>\u00a0<strong>Enerji Sistemleri M\u00fchendisleri\u00a0<\/strong>de\u00a0<strong>Do\u011fal Gaz \u0130\u00e7 Tesisat Projeleri<\/strong>\u00a0haz\u0131rlanma yetkisine y\u00f6nelik resmi a\u015fa\u011f\u0131da belirtilen yaz\u0131y\u0131 kendisine iletmi\u015fti.<\/em><\/p>\n<p><strong>Do\u011falgaz i\u00e7 tesisat proje<\/strong> yetkisi <strong>08\/2019<\/strong> tarihinde <strong>Enerji Sistemleri M\u00fchendisleri&#8217;ne<\/strong> verilmi\u015ftir ancak odalar bu konuda ki\u015filere farkl\u0131 cevaplar verebilmektedir. <strong>EMO<\/strong> ve\u00a0<strong>Makine M\u00fchendisleri Odas\u0131&#8217;ndan<\/strong> bu yetkilendirme s\u00fcrecinde\u00a0<strong>problemlerle kar\u015f\u0131la\u015f\u0131ld\u0131\u011f\u0131 da gelen bilgiler aras\u0131nda<\/strong>\u00a0ancak gerekirse bunun <strong>TMMOB&#8217;a <\/strong>da\u00a0bir \u015fikayet olarak iletilebilece\u011fi de belirtiliyor.<\/p>\n<p>&#8216;<strong>Enerji Sistemleri M\u00fchendisleri<\/strong>&#8216;miz lisans e\u011fitimleri boyunca <strong>Y\u00d6K taraf\u0131ndan<\/strong> onay verilen e\u011fitim m\u00fcfradat\u0131yla <strong>enerji sistemleri m\u00fchendisli\u011fi<\/strong> alan\u0131nda bilgi ve yetki donan\u0131m\u0131na sahip olarak \u00fcniversitelerimizden mezun olmaktad\u0131rlar. B\u00f6l\u00fcm mezunlar\u0131 devlet kurumlar\u0131, odalar ve \u00f6zel sekt\u00f6rdeki kurulu\u015flar taraf\u0131ndan da <em><strong>\u00fcreten bir T\u00fcrkiye ekonomisinde<\/strong><\/em>\u00a0ilerleyen zaman s\u00fcrecinde tecr\u00fcbe ve imza yetkisi alarak \u00e7ok daha <strong>iyi pozisyon<\/strong> ve <strong>g\u00f6revlerde de<\/strong> yer alacaklar\u0131 \u015f\u00fcphesiz bir ger\u00e7ektir&#8230;<\/p>\n<p style=\"text-align: center;\"><img loading=\"lazy\" class=\"aligncenter size-full wp-image-103882\" src=\"https:\/\/www.enerjigazetesi.ist\/wp-content\/uploads\/2019\/08\/f412ea75-96f6-47d9-bb58-efe50543184e-1.jpg\" alt=\"\" width=\"536\" height=\"783\" srcset=\"https:\/\/www.enerjigazetesi.ist\/wp-content\/uploads\/2019\/08\/f412ea75-96f6-47d9-bb58-efe50543184e-1.jpg 536w, https:\/\/www.enerjigazetesi.ist\/wp-content\/uploads\/2019\/08\/f412ea75-96f6-47d9-bb58-efe50543184e-1-205x300.jpg 205w, https:\/\/www.enerjigazetesi.ist\/wp-content\/uploads\/2019\/08\/f412ea75-96f6-47d9-bb58-efe50543184e-1-274x400.jpg 274w, https:\/\/www.enerjigazetesi.ist\/wp-content\/uploads\/2019\/08\/f412ea75-96f6-47d9-bb58-efe50543184e-1-34x50.jpg 34w\" sizes=\"(max-width: 536px) 100vw, 536px\" \/><\/p>\n<p>Sarp ALTINEL \/ Enerji Gazetesi &#8211; <a href=\"mailto:sarp.altinel@enerjigazetesi.ist\" target=\"_blank\" rel=\"noopener\">sarp.altinel@enerjigazetesi.ist<\/a><\/p>","protected":false},"excerpt":{"rendered":"<p>Sorry, this entry is only available in Turkish. For the sake of viewer convenience, the content is shown below in the alternative language. You may click the link to switch the active language. Bilindi\u011fi \u00fczere Sn. Burhan Kuzu&#8217;nun da resmi sosyal medya hesab\u0131 \u00fczerinden Ankara&#8217;da d\u00fczenlenen EIF 2019 ve R\u00fczgar kongresinin zaman dilimi i\u00e7inde bir [&hellip;]<\/p>\n","protected":false},"author":1,"featured_media":97470,"comment_status":"open","ping_status":"open","sticky":false,"template":"","format":"standard","meta":[],"categories":[46,53],"tags":[55314,55312,55315,55310,55311,62041,1046,23532,52259,12235,39178,2384,750,30503,51061,55313],"views":2743,"_links":{"self":[{"href":"https:\/\/www.enerjigazetesi.ist\/en\/wp-json\/wp\/v2\/posts\/97468"}],"collection":[{"href":"https:\/\/www.enerjigazetesi.ist\/en\/wp-json\/wp\/v2\/posts"}],"about":[{"href":"https:\/\/www.enerjigazetesi.ist\/en\/wp-json\/wp\/v2\/types\/post"}],"author":[{"embeddable":true,"href":"https:\/\/www.enerjigazetesi.ist\/en\/wp-json\/wp\/v2\/users\/1"}],"replies":[{"embeddable":true,"href":"https:\/\/www.enerjigazetesi.ist\/en\/wp-json\/wp\/v2\/comments?post=97468"}],"version-history":[{"count":0,"href":"https:\/\/www.enerjigazetesi.ist\/en\/wp-json\/wp\/v2\/posts\/97468\/revisions"}],"wp:featuredmedia":[{"embeddable":true,"href":"https:\/\/www.enerjigazetesi.ist\/en\/wp-json\/wp\/v2\/media\/97470"}],"wp:attachment":[{"href":"https:\/\/www.enerjigazetesi.ist\/en\/wp-json\/wp\/v2\/media?parent=97468"}],"wp:term":[{"taxonomy":"category","embeddable":true,"href":"https:\/\/www.enerjigazetesi.ist\/en\/wp-json\/wp\/v2\/categories?post=97468"},{"taxonomy":"post_tag","embeddable":true,"href":"https:\/\/www.enerjigazetesi.ist\/en\/wp-json\/wp\/v2\/tags?post=97468"}],"curies":[{"name":"wp","href":"https:\/\/api.w.org\/{rel}","templated":true}]}}