{"id":9745,"date":"2013-04-17T10:10:44","date_gmt":"2013-04-17T07:10:44","guid":{"rendered":"https:\/\/www.enerjigazetesi.ist\/?p=9745"},"modified":"2013-04-17T10:10:44","modified_gmt":"2013-04-17T07:10:44","slug":"ab-komisyonu-turkiye-enerji-faslini-acmaya-hazir","status":"publish","type":"post","link":"https:\/\/www.enerjigazetesi.ist\/en\/ab-komisyonu-turkiye-enerji-faslini-acmaya-hazir\/","title":{"rendered":"(Turkish) AB Komisyonu: \u201c T\u00fcrkiye Enerji Fasl\u0131n\u0131 A\u00e7maya Haz\u0131r \u201d"},"content":{"rendered":"<p class=\"qtranxs-available-languages-message qtranxs-available-languages-message-en\">Sorry, this entry is only available in <a href=\"https:\/\/www.enerjigazetesi.ist\/tr\/wp-json\/wp\/v2\/posts\/9745\" class=\"qtranxs-available-language-link qtranxs-available-language-link-tr\" title=\"Turkish\">Turkish<\/a>. For the sake of viewer convenience, the content is shown below in the alternative language. You may click the link to switch the active language.<\/p><p><strong>AB Komisyonu\u2019nun geni\u015flemeden sorumlu \u00fcyesi Stefan F\u00fcle, T\u00fcrkiye\u2019nin kat\u0131l\u0131m m\u00fczakerelerinde enerji fasl\u0131n\u0131n a\u00e7\u0131lmas\u0131n\u0131 istedi.\u201dKomisyon, T\u00fcrkiye\u2019nin enerji fasl\u0131nda m\u00fczakerelere ba\u015flayabilmek i\u00e7in yeterince haz\u0131r oldu\u011funu d\u00fc\u015f\u00fcnmektedir\u201d dedi. AB Komisyonu\u2019nun geni\u015flemeden sorumlu \u00fcyesi Stefan F\u00fcle, T\u00fcrkiye\u2019nin kat\u0131l\u0131m m\u00fczakerelerinde enerji fasl\u0131n\u0131n a\u00e7\u0131lmas\u0131n\u0131 istedi.<\/strong><\/p>\n<p>Avrupa Parlamentosu\u2019nda<a href=\"https:\/\/www.enerjigazetesi.ist\/wp-content\/uploads\/2013\/04\/Turkiye_enerji_faslini_acmaya_hazir_stephan-f\u00fcle-505x313.jpg\"><img loading=\"lazy\" class=\"alignleft size-medium wp-image-9746\" title=\"Turkiye_enerji_faslini_acmaya_hazir_stephan-f\u00fcle-505x313\" src=\"https:\/\/www.enerjigazetesi.ist\/wp-content\/uploads\/2013\/04\/Turkiye_enerji_faslini_acmaya_hazir_stephan-f\u00fcle-505x313-300x206.jpg\" alt=\"\" width=\"300\" height=\"206\" srcset=\"https:\/\/www.enerjigazetesi.ist\/wp-content\/uploads\/2013\/04\/Turkiye_enerji_faslini_acmaya_hazir_stephan-f\u00fcle-505x313-300x206.jpg 300w, https:\/\/www.enerjigazetesi.ist\/wp-content\/uploads\/2013\/04\/Turkiye_enerji_faslini_acmaya_hazir_stephan-f\u00fcle-505x313-72x50.jpg 72w, https:\/\/www.enerjigazetesi.ist\/wp-content\/uploads\/2013\/04\/Turkiye_enerji_faslini_acmaya_hazir_stephan-f\u00fcle-505x313.jpg 455w\" sizes=\"(max-width: 300px) 100vw, 300px\" \/><\/a>n farkl\u0131 yaz\u0131l\u0131 soru \u00f6nergelerini cevapland\u0131ran F\u00fcle,<\/p>\n<p>\u201cKomisyon, T\u00fcrkiye\u2019nin enerji fasl\u0131nda m\u00fczakerelere ba\u015flayabilmek i\u00e7in yeterince haz\u0131r oldu\u011funu d\u00fc\u015f\u00fcnmektedir\u201d dedi.<\/p>\n<p>F\u00fcle, enerji piyasas\u0131n\u0131n d\u00fczenlenmesi, yenilenebilir enerjinin ve enerji verimlili\u011finin te\u015fviki ile n\u00fckleer enerji g\u00fcvenli\u011fi gibi konularda AB m\u00fcktesebat\u0131na uyumu \u00f6ng\u00f6ren enerji fasl\u0131n\u0131n a\u00e7\u0131lmas\u0131na hen\u00fcz t\u00fcm \u00fcye \u00fclkelerin r\u0131za g\u00f6stermedi\u011fini hat\u0131rlatt\u0131.<\/p>\n<p>Geni\u015fleme Komiseri F\u00fcle, yarg\u0131 ve temel haklar fasl\u0131nda da t\u00fcm \u00fcye \u00fclkelerin hen\u00fcz onay vermemesi nedeniyle resmi a\u00e7\u0131l\u0131\u015f kriterlerini T\u00fcrkiye\u2019ye iletemediklerini bildirdi.<\/p>\n<p>F\u00fcle, her iki fasl\u0131n AB\u2019nin, Ek Protokol anla\u015fmazl\u0131\u011f\u0131 nedeniyle T\u00fcrkiye\u2019nin kat\u0131l\u0131m m\u00fczakerelerinde dondurdu\u011fu sekiz fas\u0131l aras\u0131na bulunmad\u0131\u011f\u0131na dikkat \u00e7ekti.<\/p>\n<p>Rum kesimi, limanlar\u0131n a\u00e7\u0131lmamas\u0131n\u0131 gerek\u00e7e g\u00f6stererek enerji ile yarg\u0131 ve temel haklar fas\u0131llar\u0131na ilaveten i\u015f g\u00fcc\u00fcn\u00fcn serbest dola\u015f\u0131m\u0131, e\u011fitim ve k\u00fclt\u00fcr, d\u0131\u015f g\u00fcvenlik ve savunma ile adalet, \u00f6zg\u00fcrl\u00fck ve g\u00fcvenlik olmak \u00fczere toplam alt\u0131 fasl\u0131 tek tarafl\u0131 olarak engelleme karar\u0131 alm\u0131\u015ft\u0131.<\/p>\n<p>Kaynak: <a href=\"http:\/\/enerjienstitusu.com\/2013\/04\/17\/ab-komisyonu-turkiye-enerji-faslini-acmaya-hazir\/\" target=\"_blank\">Enerji G\u00fcnl\u00fc\u011f\u00fc<\/a><\/p>","protected":false},"excerpt":{"rendered":"<p>Sorry, this entry is only available in Turkish. For the sake of viewer convenience, the content is shown below in the alternative language. You may click the link to switch the active language.AB Komisyonu\u2019nun geni\u015flemeden sorumlu \u00fcyesi Stefan F\u00fcle, T\u00fcrkiye\u2019nin kat\u0131l\u0131m m\u00fczakerelerinde enerji fasl\u0131n\u0131n a\u00e7\u0131lmas\u0131n\u0131 istedi.\u201dKomisyon, T\u00fcrkiye\u2019nin enerji fasl\u0131nda m\u00fczakerelere ba\u015flayabilmek i\u00e7in yeterince haz\u0131r oldu\u011funu [&hellip;]<\/p>\n","protected":false},"author":1,"featured_media":9746,"comment_status":"open","ping_status":"open","sticky":false,"template":"","format":"standard","meta":[],"categories":[53],"tags":[4554,63,4553,4552,67,4556,4557,4558,4555,105],"views":663,"_links":{"self":[{"href":"https:\/\/www.enerjigazetesi.ist\/en\/wp-json\/wp\/v2\/posts\/9745"}],"collection":[{"href":"https:\/\/www.enerjigazetesi.ist\/en\/wp-json\/wp\/v2\/posts"}],"about":[{"href":"https:\/\/www.enerjigazetesi.ist\/en\/wp-json\/wp\/v2\/types\/post"}],"author":[{"embeddable":true,"href":"https:\/\/www.enerjigazetesi.ist\/en\/wp-json\/wp\/v2\/users\/1"}],"replies":[{"embeddable":true,"href":"https:\/\/www.enerjigazetesi.ist\/en\/wp-json\/wp\/v2\/comments?post=9745"}],"version-history":[{"count":2,"href":"https:\/\/www.enerjigazetesi.ist\/en\/wp-json\/wp\/v2\/posts\/9745\/revisions"}],"predecessor-version":[{"id":9748,"href":"https:\/\/www.enerjigazetesi.ist\/en\/wp-json\/wp\/v2\/posts\/9745\/revisions\/9748"}],"wp:featuredmedia":[{"embeddable":true,"href":"https:\/\/www.enerjigazetesi.ist\/en\/wp-json\/wp\/v2\/media\/9746"}],"wp:attachment":[{"href":"https:\/\/www.enerjigazetesi.ist\/en\/wp-json\/wp\/v2\/media?parent=9745"}],"wp:term":[{"taxonomy":"category","embeddable":true,"href":"https:\/\/www.enerjigazetesi.ist\/en\/wp-json\/wp\/v2\/categories?post=9745"},{"taxonomy":"post_tag","embeddable":true,"href":"https:\/\/www.enerjigazetesi.ist\/en\/wp-json\/wp\/v2\/tags?post=9745"}],"curies":[{"name":"wp","href":"https:\/\/api.w.org\/{rel}","templated":true}]}}