{"id":97430,"date":"2019-08-20T14:08:33","date_gmt":"2019-08-20T11:08:33","guid":{"rendered":"https:\/\/www.enerjigazetesi.ist\/?p=97430"},"modified":"2019-08-20T14:43:30","modified_gmt":"2019-08-20T11:43:30","slug":"turkiye-ve-dunya-gundeminde-enerji-de-one-cikanlar-12-18-agustos-2019","status":"publish","type":"post","link":"https:\/\/www.enerjigazetesi.ist\/en\/turkiye-ve-dunya-gundeminde-enerji-de-one-cikanlar-12-18-agustos-2019\/","title":{"rendered":"(Turkish) T\u00fcrkiye ve D\u00fcnya G\u00fcndeminde Enerjide \u00d6ne \u00c7\u0131kanlar (12-18 A\u011fustos&#8217;19)"},"content":{"rendered":"<p class=\"qtranxs-available-languages-message qtranxs-available-languages-message-en\">Sorry, this entry is only available in <a href=\"https:\/\/www.enerjigazetesi.ist\/tr\/wp-json\/wp\/v2\/posts\/97430\" class=\"qtranxs-available-language-link qtranxs-available-language-link-tr\" title=\"Turkish\">Turkish<\/a>. For the sake of viewer convenience, the content is shown below in the alternative language. You may click the link to switch the active language.<\/p><p><\/p>\n<h1><strong>T\u00fcrkiye&#8217;nin G\u00fcndeminden\u00a0<\/strong><strong>Enerji Sekt\u00f6r\u00fcnde\u00a0<\/strong><strong>\u00d6ne \u00c7\u0131kan Haber \u00d6zetleri (12-18 A\u011fustos 2019)<\/strong><\/h1>\n<h2><strong>T\u00fcrkiye\u2019de do\u011falgaz t\u00fcketimi ge\u00e7en y\u0131l\u0131n ayn\u0131 d\u00f6nemine g\u00f6re y\u00fczde 2 azal\u0131\u015fla 2 milyon 936 bin metrek\u00fcp oldu. 2019 y\u0131l\u0131 May\u0131s&#8217;\u0131nda konutlarda do\u011falgaz kullan\u0131m\u0131 ge\u00e7en y\u0131la g\u00f6re havalar\u0131n daha s\u0131cak ge\u00e7mesine ra\u011fmen % 74 oran\u0131nda artarak 781 milyon metrek\u00fcpe \u00e7\u0131kt\u0131. Sanayide t\u00fcketim % 2 art\u0131\u015f g\u00f6stererek 1012 milyon metrek\u00fcp olurken, elektrikte do\u011falgaz kullan\u0131m\u0131 ise % 43 azal\u0131\u015fla 661 milyon metrek\u00fcp oldu. <\/strong><\/h2>\n<p>Elektrik \u00fcretiminde yerli kaynaklar\u0131n pay\u0131n\u0131n artmas\u0131yla yakla\u015f\u0131k 1,4 milyar dolar T\u00fcrkiye&#8217;nin kasas\u0131nda kald\u0131. Elektrikte kurulu g\u00fc\u00e7 Temmuz ay\u0131nda ge\u00e7ti\u011fimiz y\u0131l\u0131n ayn\u0131 ay\u0131na g\u00f6re %3,6 art\u0131\u015f g\u00f6stererek 90 bin 449 megavata \u00e7\u0131kt\u0131. Bu d\u00f6nemde T\u00fcrkiye&#8217;nin artan enerji talebini sorunsuz kar\u015f\u0131lamak amac\u0131yla <img loading=\"lazy\" class=\"alignright wp-image-97435\" src=\"https:\/\/www.enerjigazetesi.ist\/wp-content\/uploads\/2019\/08\/turkiye-ve-dunyada-enerji-gundeminde-one-cikanlar-12-18-agustos-2019-300x182.jpg\" alt=\"turkiye-ve-dunyada-enerji-gundeminde-one-cikanlar-12-18-agustos-2019\" width=\"320\" height=\"194\" srcset=\"https:\/\/www.enerjigazetesi.ist\/wp-content\/uploads\/2019\/08\/turkiye-ve-dunyada-enerji-gundeminde-one-cikanlar-12-18-agustos-2019-300x182.jpg 300w, https:\/\/www.enerjigazetesi.ist\/wp-content\/uploads\/2019\/08\/turkiye-ve-dunyada-enerji-gundeminde-one-cikanlar-12-18-agustos-2019-768x465.jpg 768w, https:\/\/www.enerjigazetesi.ist\/wp-content\/uploads\/2019\/08\/turkiye-ve-dunyada-enerji-gundeminde-one-cikanlar-12-18-agustos-2019-500x303.jpg 500w, https:\/\/www.enerjigazetesi.ist\/wp-content\/uploads\/2019\/08\/turkiye-ve-dunyada-enerji-gundeminde-one-cikanlar-12-18-agustos-2019-80x48.jpg 80w, https:\/\/www.enerjigazetesi.ist\/wp-content\/uploads\/2019\/08\/turkiye-ve-dunyada-enerji-gundeminde-one-cikanlar-12-18-agustos-2019.jpg 806w\" sizes=\"(max-width: 320px) 100vw, 320px\" \/>yat\u0131r\u0131mlar h\u0131zland\u0131r\u0131ld\u0131. Enerji ve Tabii Kaynaklar Bakanl\u0131\u011f\u0131&#8217;na g\u00f6re, <strong>Ocak &#8211; Temmuz d\u00f6neminde\u00a0<\/strong>elektrik \u00fcretiminde yerli kaynaklar\u0131n pay\u0131 ge\u00e7ti\u011fimiz y\u0131l\u0131n ayn\u0131 d\u00f6nemine k\u0131yasla %29,4 artarak 116 milyon 799 bin megavatsaate y\u00fckseldi. Bu d\u00f6nemde yenilenebilir enerji kaynaklar\u0131n\u0131n \u00fcretimdeki pay\u0131 ise %44,7 artarak 87 milyon 66 bin megavatsaate y\u00fckseldi.<\/p>\n<p>T\u00fcrkiye&#8217;nin kamu binalar\u0131nda 2023 y\u0131l\u0131 sonuna kadar asgari %15 enerji tasarrufu hedeflenirken <strong>2019\/18<\/strong> say\u0131l\u0131 &#8216;<strong>Kamu Binalar\u0131nda Enerji Tasarrufu&#8217;<\/strong> ba\u015fl\u0131kl\u0131 <strong>Cumhurba\u015fkanl\u0131\u011f\u0131 Genelgesi<\/strong> yay\u0131mland\u0131. Genelge, 2023&#8217;\u00fcn sonuna kadar, y\u0131ll\u0131k toplam enerji t\u00fcketimi 250 TEP ve \u00fczeri veya toplam in\u015faat alan\u0131 10.000 m2 ve \u00fczeri olan ve enerji y\u00f6neticisi g\u00f6revlendirmekle y\u00fck\u00fcml\u00fc olan b\u00fct\u00fcn kamu binalar\u0131nda asgari %15 oran\u0131nda enerji tasarrufu sa\u011flanmas\u0131n\u0131n hedeflendi\u011fini belirtiyor.<\/p>\n<h1><strong>D\u00fcnya&#8217;n\u0131n G\u00fcndeminden\u00a0<\/strong><strong>Enerji Sekt\u00f6r\u00fcnde\u00a0<\/strong><strong>\u00d6ne \u00c7\u0131kan Haber \u00d6zetleri (12-18 A\u011fustos 2019)<\/strong><\/h1>\n<h2><strong><em>Hyundai&#8217;\u0131n \u00c7at\u0131 Tabanl\u0131 Solar \u015earj Sistemine Sahip Arac\u0131 Art\u0131k Piyasada<\/em><\/strong><\/h2>\n<p><em>Hyundai Motor Company, ilk kez g\u00fcne\u015f enerjili tavan \u015farj sistemi olan bir otomobili piyasaya s\u00fcrd\u00fc. Cuma g\u00fcn\u00fc bir a\u00e7\u0131klama yapan \u015firket, bu teknolojinin Sonata Hybrid&#8217;in en son s\u00fcr\u00fcm\u00fcnde kullan\u0131laca\u011f\u0131n\u0131 ve \u00f6n\u00fcm\u00fczdeki y\u0131llarda di\u011fer ara\u00e7lara eklenece\u011fini s\u00f6yledi.<\/em><\/p>\n<h2><strong><em>Amazon&#8217;dan ABD ve \u0130rlanda&#8217;ya Y\u00f6nelik Yenilenebilir Enerjisi Projeleri A\u00e7\u0131kland\u0131<\/em><\/strong><\/h2>\n<p>Teknoloji devi Amazon, ABD ve \u0130rlanda&#8217;da iki yeni yenilenebilir enerji projesine yat\u0131r\u0131m yapacak. Yap\u0131lan bir a\u00e7\u0131klamaya g\u00f6re projeler, Virginia eyaletinde ve \u0130rlanda\u2019n\u0131n Cork \u015fehrinde 2020&#8217;de \u00fcretime ba\u015flayacak. \u0130rlanda&#8217;daki proje, 23.2 megawatt (MW) kapasiteye sahip bir r\u00fczgar santrali olacak ve y\u0131lda 68.000 megawatt saat (MWh) enerji \u00fcretecek. Virginia&#8217;daki tesis ise 45 MW kapasiteye sahip bir g\u00fcne\u015f enerjisi santrali olacak ve her y\u0131l 100.000 MWh enerji \u00fcretecek.<\/p>\n<h2><strong><em>Avustralya&#8217;dan \u0130\u00e7 Pazara Y\u00f6nelik Gaz Ay\u0131rma Plan\u0131<\/em><\/strong><\/h2>\n<p><em>D\u00fcnyan\u0131n en b\u00fcy\u00fck LNG ihracat\u00e7\u0131s\u0131 olan Avustralya, \u00fcreticileri i\u00e7 piyasa i\u00e7in bir miktar gaz ay\u0131rmaya zorlayacaklar\u0131n\u0131 a\u00e7\u0131klad\u0131. Kaynaklar Bakan\u0131 Matthew Canavan ve Enerji Bakan\u0131 Angus Taylor taraf\u0131ndan \u015eubat 2021 tarihine kadar gaz rezervi olu\u015fturma, boru hatt\u0131 eri\u015fimi ve fiyat \u015feffafl\u0131\u011f\u0131 gibi birtak\u0131m politikalar\u0131 de\u011ferlendirece\u011fi a\u00e7\u0131kland\u0131.<\/em><\/p>\n<h2><em><strong>ABD Kaya Gaz\u0131, Exxon ve Chevron\u2019un \u00dcretimini Art\u0131\u015f Yaratt\u0131<\/strong><\/em><\/h2>\n<p><em>ExxonMobil ve Chevron, petrol ve do\u011fal gaz \u00fcretimini keskin bir \u015fekilde art\u0131r\u0131rken bunun \u00f6nemli bir k\u0131sm\u0131 ABD\u2019nin kaya gaz\u0131 \u00fcretimiyle ba\u011flant\u0131l\u0131 meydana geldi. B\u00f6ylece rafinaj ve kimyasal i\u015flemlerde ya\u015fanan zay\u0131f performans\u0131n dengelenmesini destekledi. ABD\u2019nin iki enerji devi, son on y\u0131l i\u00e7inde d\u00fcnyan\u0131n en verimli petrol sahalar\u0131ndan biri h\u00e2line gelen Permiyen Havzas\u0131\u2019ndaki varl\u0131klar\u0131n\u0131 geni\u015fletiyor. <\/em><\/p>\n<h2><strong><em>SoftBank&#8217;tan Enerji Depolama Start-Up\u2019lar\u0131na 110 Milyon $&#8217;l\u0131k Yat\u0131r\u0131m!<\/em><\/strong><\/h2>\n<p><em>SoftBank Vision Fund, enerji depolayabilen devasa tu\u011fla kuleler in\u015fa etmeyi planlayan bir enerji depolama start-up\u2019\u0131 olan Energy Vault\u2019a 110 milyon dolar yat\u0131r\u0131m yapacak. Lugano merkezli \u015firket, bu paray\u0131 d\u00f6rt k\u0131tada e\u015fzamanl\u0131 olarak ger\u00e7ekle\u015ftirdi\u011fi ticari \u00f6l\u00e7ekli projelerine harcayaca\u011f\u0131n\u0131 a\u00e7\u0131klad\u0131.<\/em><\/p>\n<p>Sarp ALTINEL \/ Enerji Gazetesi &#8211; <a href=\"mailto:sarp.altinel@enerjigazetesi.ist\" target=\"_blank\" rel=\"noopener\">sarp.altinel@enerjigazetesi.ist<\/a><\/p>","protected":false},"excerpt":{"rendered":"<p>Sorry, this entry is only available in Turkish. For the sake of viewer convenience, the content is shown below in the alternative language. You may click the link to switch the active language. T\u00fcrkiye&#8217;nin G\u00fcndeminden\u00a0Enerji Sekt\u00f6r\u00fcnde\u00a0\u00d6ne \u00c7\u0131kan Haber \u00d6zetleri (12-18 A\u011fustos 2019) T\u00fcrkiye\u2019de do\u011falgaz t\u00fcketimi ge\u00e7en y\u0131l\u0131n ayn\u0131 d\u00f6nemine g\u00f6re y\u00fczde 2 azal\u0131\u015fla 2 milyon [&hellip;]<\/p>\n","protected":false},"author":1,"featured_media":97435,"comment_status":"open","ping_status":"open","sticky":false,"template":"","format":"standard","meta":[],"categories":[46,51,53,52,49,44,50],"tags":[1198,23747,55271,4599,55273,55276,1542,55093,50112,4387,884,36029,3149,45104,19,42030,55281,55269,2625,55268,21919,35376,34923,52259,55286,55285,49436,1031,44531,18,1972,26559,532,55283,2086,55272,35038,55277,55278,35039,10885,5121,11012,55264,17994,168,55284,55280,16507,55270,49269,8122,26300,15988,35002,35035,55279,30503,37223,55267,54914,35514,34977,8973,55263,55265,793,55266,26829,508,55282,55275,55274,1707],"views":679,"_links":{"self":[{"href":"https:\/\/www.enerjigazetesi.ist\/en\/wp-json\/wp\/v2\/posts\/97430"}],"collection":[{"href":"https:\/\/www.enerjigazetesi.ist\/en\/wp-json\/wp\/v2\/posts"}],"about":[{"href":"https:\/\/www.enerjigazetesi.ist\/en\/wp-json\/wp\/v2\/types\/post"}],"author":[{"embeddable":true,"href":"https:\/\/www.enerjigazetesi.ist\/en\/wp-json\/wp\/v2\/users\/1"}],"replies":[{"embeddable":true,"href":"https:\/\/www.enerjigazetesi.ist\/en\/wp-json\/wp\/v2\/comments?post=97430"}],"version-history":[{"count":0,"href":"https:\/\/www.enerjigazetesi.ist\/en\/wp-json\/wp\/v2\/posts\/97430\/revisions"}],"wp:featuredmedia":[{"embeddable":true,"href":"https:\/\/www.enerjigazetesi.ist\/en\/wp-json\/wp\/v2\/media\/97435"}],"wp:attachment":[{"href":"https:\/\/www.enerjigazetesi.ist\/en\/wp-json\/wp\/v2\/media?parent=97430"}],"wp:term":[{"taxonomy":"category","embeddable":true,"href":"https:\/\/www.enerjigazetesi.ist\/en\/wp-json\/wp\/v2\/categories?post=97430"},{"taxonomy":"post_tag","embeddable":true,"href":"https:\/\/www.enerjigazetesi.ist\/en\/wp-json\/wp\/v2\/tags?post=97430"}],"curies":[{"name":"wp","href":"https:\/\/api.w.org\/{rel}","templated":true}]}}