{"id":9726,"date":"2013-04-16T16:12:08","date_gmt":"2013-04-16T13:12:08","guid":{"rendered":"https:\/\/www.enerjigazetesi.ist\/?p=9726"},"modified":"2013-04-16T16:12:08","modified_gmt":"2013-04-16T13:12:08","slug":"japonyada-nukleere-devam","status":"publish","type":"post","link":"https:\/\/www.enerjigazetesi.ist\/en\/japonyada-nukleere-devam\/","title":{"rendered":"(Turkish) Japonya\u2019da N\u00fckleere Devam!"},"content":{"rendered":"<p class=\"qtranxs-available-languages-message qtranxs-available-languages-message-en\">Sorry, this entry is only available in <a href=\"https:\/\/www.enerjigazetesi.ist\/tr\/wp-json\/wp\/v2\/posts\/9726\" class=\"qtranxs-available-language-link qtranxs-available-language-link-tr\" title=\"Turkish\">Turkish<\/a>. For the sake of viewer convenience, the content is shown below in the alternative language. You may click the link to switch the active language.<\/p><p><strong>Japonya`da 2 y\u0131l \u00f6nce ya\u015fanan radyasyon s\u0131z\u0131nt\u0131s\u0131 sonras\u0131 kapat\u0131l\u0131p daha sonra kullan\u0131ma sokulan 2 n\u00fckleer santralin yeniden kapat\u0131lmas\u0131na mahkemeden ret karar\u0131 \u00e7\u0131kt\u0131.<\/strong><\/p>\n<p>N\u00fckleer enerji kar\u015f\u0131t\u0131 bir grup, \u00fclkenin bat\u0131s\u0131nda yer alan Ohi Santrali`nin kapat\u0131lmas\u0131 i\u00e7in mahkemeye ba\u015fvurdu. Davac\u0131<a href=\"https:\/\/www.enerjigazetesi.ist\/wp-content\/uploads\/2013\/04\/nukleer-japonya.jpg\"><img loading=\"lazy\" class=\"alignright size-medium wp-image-9727\" title=\"nukleer-japonya\" src=\"https:\/\/www.enerjigazetesi.ist\/wp-content\/uploads\/2013\/04\/nukleer-japonya-300x193.jpg\" alt=\"\" width=\"300\" height=\"193\" srcset=\"https:\/\/www.enerjigazetesi.ist\/wp-content\/uploads\/2013\/04\/nukleer-japonya-300x193.jpg 300w, https:\/\/www.enerjigazetesi.ist\/wp-content\/uploads\/2013\/04\/nukleer-japonya-77x50.jpg 77w, https:\/\/www.enerjigazetesi.ist\/wp-content\/uploads\/2013\/04\/nukleer-japonya.jpg 333w\" sizes=\"(max-width: 300px) 100vw, 300px\" \/><\/a> grup, Ohi Santrali`nin bulundu\u011fu b\u00f6lgedeki fay hatlar\u0131n\u0131n faal oldu\u011funu savundu. Santrali i\u015fleten Kansai Elektrik \u015eirketi s\u00f6zc\u00fcs\u00fc Akihiro Aoike, davac\u0131 grubun ba\u015fvurusunun reddedildi\u011fini s\u00f6yledi. Aoike, mahkemenin ret karar\u0131na ili\u015fkin ayr\u0131nt\u0131 ise vermedi.<\/p>\n<p>Fuku\u015fima N\u00fckleer Santrali`ndeki s\u0131z\u0131nt\u0131, 11 Mart 2011`de ya\u015fanan 9.0 b\u00fcy\u00fckl\u00fc\u011f\u00fcndeki depremin tetikledi\u011fi tsunaminin reakt\u00f6rleri vurmas\u0131n\u0131n ard\u0131ndan ba\u015flam\u0131\u015ft\u0131. Jenerat\u00f6rlerin su alt\u0131nda kalmas\u0131yla so\u011futma sistemleri devre d\u0131\u015f\u0131 kalm\u0131\u015f ve etrafa radyasyon yay\u0131lm\u0131\u015ft\u0131. Santral a\u00e7\u0131klar\u0131nda ge\u00e7ti\u011fimiz haftalarda avlanan bir bal\u0131kta, izin verilen s\u0131n\u0131r\u0131n 7 bin 400 kat \u00fczerinde radyasyon bulunmu\u015ftu<\/p>\n<p>Krizin ard\u0131ndan Japonya, b\u00fct\u00fcn n\u00fckleer santrallerini ge\u00e7ici olarak kapatm\u0131\u015ft\u0131. Ancak h\u00fck\u00fcmet, ge\u00e7ti\u011fimiz yaz aylar\u0131nda artan elektrik ihtiyac\u0131n\u0131 kar\u015f\u0131lamak i\u00e7in Ohi Santrali`ni tekrar devreye sokmu\u015ftu.<\/p>\n<p>Kaynak: <a href=\"http:\/\/enerjigunlugu.net\/japonya\u2019da-nukleere-devam!_3178.html\" target=\"_blank\">Enerji G\u00fcnl\u00fc\u011f\u00fc<\/a><\/p>","protected":false},"excerpt":{"rendered":"<p>Sorry, this entry is only available in Turkish. For the sake of viewer convenience, the content is shown below in the alternative language. You may click the link to switch the active language.Japonya`da 2 y\u0131l \u00f6nce ya\u015fanan radyasyon s\u0131z\u0131nt\u0131s\u0131 sonras\u0131 kapat\u0131l\u0131p daha sonra kullan\u0131ma sokulan 2 n\u00fckleer santralin yeniden kapat\u0131lmas\u0131na mahkemeden ret karar\u0131 \u00e7\u0131kt\u0131. N\u00fckleer [&hellip;]<\/p>\n","protected":false},"author":1,"featured_media":9727,"comment_status":"open","ping_status":"open","sticky":false,"template":"","format":"standard","meta":[],"categories":[53,43],"tags":[63,67,1547,21,88,4537],"views":642,"_links":{"self":[{"href":"https:\/\/www.enerjigazetesi.ist\/en\/wp-json\/wp\/v2\/posts\/9726"}],"collection":[{"href":"https:\/\/www.enerjigazetesi.ist\/en\/wp-json\/wp\/v2\/posts"}],"about":[{"href":"https:\/\/www.enerjigazetesi.ist\/en\/wp-json\/wp\/v2\/types\/post"}],"author":[{"embeddable":true,"href":"https:\/\/www.enerjigazetesi.ist\/en\/wp-json\/wp\/v2\/users\/1"}],"replies":[{"embeddable":true,"href":"https:\/\/www.enerjigazetesi.ist\/en\/wp-json\/wp\/v2\/comments?post=9726"}],"version-history":[{"count":2,"href":"https:\/\/www.enerjigazetesi.ist\/en\/wp-json\/wp\/v2\/posts\/9726\/revisions"}],"predecessor-version":[{"id":9729,"href":"https:\/\/www.enerjigazetesi.ist\/en\/wp-json\/wp\/v2\/posts\/9726\/revisions\/9729"}],"wp:featuredmedia":[{"embeddable":true,"href":"https:\/\/www.enerjigazetesi.ist\/en\/wp-json\/wp\/v2\/media\/9727"}],"wp:attachment":[{"href":"https:\/\/www.enerjigazetesi.ist\/en\/wp-json\/wp\/v2\/media?parent=9726"}],"wp:term":[{"taxonomy":"category","embeddable":true,"href":"https:\/\/www.enerjigazetesi.ist\/en\/wp-json\/wp\/v2\/categories?post=9726"},{"taxonomy":"post_tag","embeddable":true,"href":"https:\/\/www.enerjigazetesi.ist\/en\/wp-json\/wp\/v2\/tags?post=9726"}],"curies":[{"name":"wp","href":"https:\/\/api.w.org\/{rel}","templated":true}]}}