{"id":97247,"date":"2019-08-16T17:42:02","date_gmt":"2019-08-16T14:42:02","guid":{"rendered":"https:\/\/www.enerjigazetesi.ist\/?p=97247"},"modified":"2019-08-16T17:43:44","modified_gmt":"2019-08-16T14:43:44","slug":"akdemir-su-yalitimi-depreme-karsi-kalkandir","status":"publish","type":"post","link":"https:\/\/www.enerjigazetesi.ist\/en\/akdemir-su-yalitimi-depreme-karsi-kalkandir\/","title":{"rendered":"(Turkish) Akdemir: &#8220;Su Yal\u0131t\u0131m\u0131 Depreme Kar\u015f\u0131 Kalkand\u0131r&#8221;"},"content":{"rendered":"<p class=\"qtranxs-available-languages-message qtranxs-available-languages-message-en\">Sorry, this entry is only available in <a href=\"https:\/\/www.enerjigazetesi.ist\/tr\/wp-json\/wp\/v2\/posts\/97247\" class=\"qtranxs-available-language-link qtranxs-available-language-link-tr\" title=\"Turkish\">Turkish<\/a>. For the sake of viewer convenience, the content is shown below in the alternative language. You may click the link to switch the active language.<\/p><p><\/p>\n<h1><strong>ODE Yal\u0131t\u0131m Pazarlama Direkt\u00f6r\u00fc Ceylin Akdemir 17 A\u011fustos depreminin 20\u2019inci y\u0131l d\u00f6n\u00fcm\u00fc vesilesiyle yapt\u0131\u011f\u0131 a\u00e7\u0131klamada 1999 y\u0131l\u0131nda ya\u015fanan depremde su yal\u0131t\u0131m\u0131n\u0131n eksikli\u011fi nedeniyle facian\u0131n boyutlar\u0131n\u0131n ciddi \u00f6l\u00e7\u00fcde b\u00fcy\u00fcd\u00fc\u011f\u00fcn\u00fc hat\u0131rlatt\u0131. Su s\u0131z\u0131nt\u0131lar\u0131n\u0131n binalar\u0131n ya\u015fam s\u00fcrecini ve dayan\u0131kl\u0131l\u0131\u011f\u0131n\u0131 etkileyen en \u00f6nemli fakt\u00f6rlerden oldu\u011funu belirten Akdemir, bu nedenle \u00f6zellikle yeni yap\u0131larda su yal\u0131t\u0131m\u0131 yap\u0131l\u0131rken bu yat\u0131r\u0131m\u0131n hayat kurtaraca\u011f\u0131n\u0131n unutulmamas\u0131 gerekti\u011fini, su yal\u0131t\u0131m\u0131 sa\u011flayan en g\u00fcvenli uygulaman\u0131n ise bit\u00fcml\u00fc membran \u00f6rt\u00fcler ile ger\u00e7ekle\u015ftirilebilece\u011fini vurgulad\u0131. <\/strong><\/h1>\n<p>Faaliyetlerini k\u00fcresel bir marka olma vizyonuyla s\u00fcrd\u00fcren <strong>ODE Yal\u0131t\u0131m<\/strong>\u2019\u0131n<strong> Pazarlama Direkt\u00f6r\u00fc Ceylin Akdemir<\/strong>, 17 A\u011fustos depreminin 20\u2019inci y\u0131l d\u00f6n\u00fcm\u00fc vesilesiyle bir a\u00e7\u0131klama yapt\u0131. 1999 depreminde 285 bin 211 konut, 42 bin 902 i\u015fyerinin hasar g\u00f6rmesinin en \u00f6nemli nedeninin binalarda su <img loading=\"lazy\" class=\"alignright wp-image-97249\" src=\"https:\/\/www.enerjigazetesi.ist\/wp-content\/uploads\/2019\/08\/akdemir-su-yalitimi-depreme-karsi-kalkandir-300x246.jpg\" alt=\"\" width=\"320\" height=\"262\" srcset=\"https:\/\/www.enerjigazetesi.ist\/wp-content\/uploads\/2019\/08\/akdemir-su-yalitimi-depreme-karsi-kalkandir-300x246.jpg 300w, https:\/\/www.enerjigazetesi.ist\/wp-content\/uploads\/2019\/08\/akdemir-su-yalitimi-depreme-karsi-kalkandir-488x400.jpg 488w, https:\/\/www.enerjigazetesi.ist\/wp-content\/uploads\/2019\/08\/akdemir-su-yalitimi-depreme-karsi-kalkandir-61x50.jpg 61w, https:\/\/www.enerjigazetesi.ist\/wp-content\/uploads\/2019\/08\/akdemir-su-yalitimi-depreme-karsi-kalkandir.jpg 595w\" sizes=\"(max-width: 320px) 100vw, 320px\" \/>yal\u0131t\u0131m\u0131n\u0131n olmamas\u0131 oldu\u011funu ifade eden Akdemir, depreme kar\u015f\u0131 binalarda bir kalkan vazifesi g\u00f6ren su yal\u0131t\u0131m\u0131 konusunun T\u00fcrkiye\u2019nin d\u00f6rt yan\u0131nda titizlikle ele al\u0131nmas\u0131 gerekti\u011fine dikkat \u00e7ekti.<\/p>\n<h2><strong>&#8220;Su Yal\u0131t\u0131m\u0131n Hayat Kurtarabilece\u011fi Unutulmamal\u0131&#8221; <\/strong><\/h2>\n<p>Su yal\u0131t\u0131m eksikli\u011fi nedeniyle 1999 depreminde facian\u0131n boyutlar\u0131n\u0131n ciddi \u00f6l\u00e7\u00fcde b\u00fcy\u00fcd\u00fc\u011f\u00fcn\u00fc hat\u0131rlatan <strong>Akdemir<\/strong>, \u201cD\u0131\u015f etkenlere ba\u011fl\u0131 bir\u00e7ok tehlikeyle kar\u015f\u0131 kar\u015f\u0131ya olan binalar\u0131m\u0131zdaki en b\u00fcy\u00fck tehlikelerden biri de korozyona kar\u015f\u0131 koruma \u00f6nlemi al\u0131nmam\u0131\u015f donat\u0131 demirleri olarak \u00f6n plana \u00e7\u0131k\u0131yor. \u00d6nemsenmeyen bu sorun t\u0131pk\u0131 kanserin insanlarda b\u0131rakt\u0131\u011f\u0131 tahribat gibi binalarda a\u011f\u0131r hasar b\u0131rak\u0131yor. Bina anatomisine bakt\u0131\u011f\u0131m\u0131z zaman, iskelet ne kadar g\u00fc\u00e7l\u00fcyse ve sa\u011flamsa bina da o kadar sa\u011flam ve g\u00fc\u00e7l\u00fcd\u00fcr diyebiliriz. Dolay\u0131s\u0131yla binan\u0131n iskeletini olu\u015fturan demir, korozyondan ne kadar etkin korunursa, yap\u0131 etkin korumu\u015f ve \u00f6mr\u00fcn\u00fc uzatm\u0131\u015f olur. Bu nedenle su yal\u0131t\u0131m\u0131 yap\u0131l\u0131rken yap\u0131lan i\u015fin hayat kurtarabilece\u011fi her zaman g\u00f6z \u00f6n\u00fcnde bulundurulmal\u0131 ve uygulamada en g\u00fcvenilir malzeme olan bit\u00fcml\u00fc membran \u00f6rt\u00fcleri kullan\u0131lmal\u0131\u201d \u015feklinde konu\u015ftu.<\/p>\n<p>N\u00fcfusunun tamam\u0131na yak\u0131n\u0131 deprem riskli b\u00f6lgelerde ya\u015fayan T\u00fcrkiye\u2019de, su yal\u0131t\u0131m\u0131n\u0131n hayati bir \u00f6neme sahip oldu\u011funu s\u00f6yleyen <strong>Akdemir<\/strong>; \u201cODE olarak T\u00fcrkiye&#8217;deki b\u00fct\u00fcn binalar\u0131n su yal\u0131t\u0131m\u0131 ile koruma alt\u0131na al\u0131nmas\u0131 konusunda hem sundu\u011fumuz \u00fcr\u00fcnler hem de d\u00fczenledi\u011fimiz seminerler ve payda\u015f e\u011fitimleri ile \u00f6nemli bir fark\u0131ndal\u0131k yaratmaya kararl\u0131l\u0131kla devam edece\u011fiz\u201d ifadelerini kulland\u0131.<\/p>","protected":false},"excerpt":{"rendered":"<p>Sorry, this entry is only available in Turkish. For the sake of viewer convenience, the content is shown below in the alternative language. You may click the link to switch the active language. ODE Yal\u0131t\u0131m Pazarlama Direkt\u00f6r\u00fc Ceylin Akdemir 17 A\u011fustos depreminin 20\u2019inci y\u0131l d\u00f6n\u00fcm\u00fc vesilesiyle yapt\u0131\u011f\u0131 a\u00e7\u0131klamada 1999 y\u0131l\u0131nda ya\u015fanan depremde su yal\u0131t\u0131m\u0131n\u0131n eksikli\u011fi [&hellip;]<\/p>\n","protected":false},"author":1,"featured_media":97249,"comment_status":"open","ping_status":"open","sticky":false,"template":"","format":"standard","meta":[],"categories":[53],"tags":[55104,55107,55113,43367,13455,55114,55110,55115,55111,55109,45959,33913,55105,55108,33915,43376,55112,55106],"views":489,"_links":{"self":[{"href":"https:\/\/www.enerjigazetesi.ist\/en\/wp-json\/wp\/v2\/posts\/97247"}],"collection":[{"href":"https:\/\/www.enerjigazetesi.ist\/en\/wp-json\/wp\/v2\/posts"}],"about":[{"href":"https:\/\/www.enerjigazetesi.ist\/en\/wp-json\/wp\/v2\/types\/post"}],"author":[{"embeddable":true,"href":"https:\/\/www.enerjigazetesi.ist\/en\/wp-json\/wp\/v2\/users\/1"}],"replies":[{"embeddable":true,"href":"https:\/\/www.enerjigazetesi.ist\/en\/wp-json\/wp\/v2\/comments?post=97247"}],"version-history":[{"count":0,"href":"https:\/\/www.enerjigazetesi.ist\/en\/wp-json\/wp\/v2\/posts\/97247\/revisions"}],"wp:featuredmedia":[{"embeddable":true,"href":"https:\/\/www.enerjigazetesi.ist\/en\/wp-json\/wp\/v2\/media\/97249"}],"wp:attachment":[{"href":"https:\/\/www.enerjigazetesi.ist\/en\/wp-json\/wp\/v2\/media?parent=97247"}],"wp:term":[{"taxonomy":"category","embeddable":true,"href":"https:\/\/www.enerjigazetesi.ist\/en\/wp-json\/wp\/v2\/categories?post=97247"},{"taxonomy":"post_tag","embeddable":true,"href":"https:\/\/www.enerjigazetesi.ist\/en\/wp-json\/wp\/v2\/tags?post=97247"}],"curies":[{"name":"wp","href":"https:\/\/api.w.org\/{rel}","templated":true}]}}