{"id":97237,"date":"2019-08-16T16:51:19","date_gmt":"2019-08-16T13:51:19","guid":{"rendered":"https:\/\/www.enerjigazetesi.ist\/?p=97237"},"modified":"2019-08-16T16:55:36","modified_gmt":"2019-08-16T13:55:36","slug":"kamu-binalarina-yonelik-enerji-verimliligi-hamlesi-basladi","status":"publish","type":"post","link":"https:\/\/www.enerjigazetesi.ist\/en\/kamu-binalarina-yonelik-enerji-verimliligi-hamlesi-basladi\/","title":{"rendered":"(Turkish) Kamu Binalar\u0131na Y\u00f6nelik Enerji Verimlili\u011fi Hamlesi Ba\u015flad\u0131!"},"content":{"rendered":"<p class=\"qtranxs-available-languages-message qtranxs-available-languages-message-en\">Sorry, this entry is only available in <a href=\"https:\/\/www.enerjigazetesi.ist\/tr\/wp-json\/wp\/v2\/posts\/97237\" class=\"qtranxs-available-language-link qtranxs-available-language-link-tr\" title=\"Turkish\">Turkish<\/a>. For the sake of viewer convenience, the content is shown below in the alternative language. You may click the link to switch the active language.<\/p><p><\/p>\n<h1><strong>Y\u0131ll\u0131k enerji t\u00fcketimi 250 Tep ve \u00fczeri veya 10.000 m<sup>2\u00a0<\/sup>ve \u00fczeri toplam in\u015faat alan\u0131na sahip kamu binalar\u0131na y\u00f6nelik 2023&#8217;\u00fcn sonuna kadar en az %15 enerji tasarrufu hedefine dair Cumhurba\u015fkanl\u0131\u011f\u0131 Genelgesi\u00a030860 say\u0131l\u0131 Resmi Gazete\u2019de yay\u0131mland\u0131.<\/strong><\/h1>\n<p><img loading=\"lazy\" class=\"alignright wp-image-97239\" src=\"https:\/\/www.enerjigazetesi.ist\/wp-content\/uploads\/2019\/08\/kamu-binalarina-yonelik-enerji-verimliligi-hamlesi-basladi-300x173.jpg\" alt=\"\" width=\"320\" height=\"185\" srcset=\"https:\/\/www.enerjigazetesi.ist\/wp-content\/uploads\/2019\/08\/kamu-binalarina-yonelik-enerji-verimliligi-hamlesi-basladi-300x173.jpg 300w, https:\/\/www.enerjigazetesi.ist\/wp-content\/uploads\/2019\/08\/kamu-binalarina-yonelik-enerji-verimliligi-hamlesi-basladi-768x444.jpg 768w, https:\/\/www.enerjigazetesi.ist\/wp-content\/uploads\/2019\/08\/kamu-binalarina-yonelik-enerji-verimliligi-hamlesi-basladi-500x289.jpg 500w, https:\/\/www.enerjigazetesi.ist\/wp-content\/uploads\/2019\/08\/kamu-binalarina-yonelik-enerji-verimliligi-hamlesi-basladi-80x46.jpg 80w, https:\/\/www.enerjigazetesi.ist\/wp-content\/uploads\/2019\/08\/kamu-binalarina-yonelik-enerji-verimliligi-hamlesi-basladi.jpg 845w\" sizes=\"(max-width: 320px) 100vw, 320px\" \/>\u201cKamu Binalar\u0131nda Tasarruf ve Uygulama Rehberi\u201dnin Enerji ve Tabii Kaynaklar Bakanl\u0131\u011f\u0131\u2019n\u0131n resmi web sitesinde yay\u0131mlanaca\u011f\u0131 belirtilirken t\u00fcm kamu kurumlar\u0131n\u0131n bu rehber do\u011frultusunda asgari %15 hedefine ula\u015fmak i\u00e7in gerekli \u00e7al\u0131\u015fmalar\u0131n yapmas\u0131 talep edildi.<\/p>\n<p>Bu d\u00f6nem i\u00e7inde enerji tasarrufu ger\u00e7ekle\u015fme oranlar\u0131n\u0131n Enerji ve Tabii Kaynaklar Bakanl\u0131\u011f\u0131nca Cumhurba\u015fkanl\u0131\u011f\u0131na raporlanaca\u011f\u0131 da ifade edildi.<\/p>\n<p><strong>\u0130lgili Karara Ula\u015fmak \u0130\u00e7in:<\/strong><a href=\"http:\/\/www.resmigazete.gov.tr\/eskiler\/2019\/08\/20190816-10.pdf\" target=\"_blank\" rel=\"noopener\"> http:\/\/www.resmigazete.gov.tr\/eskiler\/2019\/08\/20190816-10.pdf<\/a> adresini ziyaret edebilirsiniz.<\/p>","protected":false},"excerpt":{"rendered":"<p>Sorry, this entry is only available in Turkish. For the sake of viewer convenience, the content is shown below in the alternative language. You may click the link to switch the active language. Y\u0131ll\u0131k enerji t\u00fcketimi 250 Tep ve \u00fczeri veya 10.000 m2\u00a0ve \u00fczeri toplam in\u015faat alan\u0131na sahip kamu binalar\u0131na y\u00f6nelik 2023&#8217;\u00fcn sonuna kadar en [&hellip;]<\/p>\n","protected":false},"author":1,"featured_media":97239,"comment_status":"open","ping_status":"open","sticky":false,"template":"","format":"standard","meta":[],"categories":[53,52],"tags":[55093,35423,148,1972,26559,55094,1388,793],"views":518,"_links":{"self":[{"href":"https:\/\/www.enerjigazetesi.ist\/en\/wp-json\/wp\/v2\/posts\/97237"}],"collection":[{"href":"https:\/\/www.enerjigazetesi.ist\/en\/wp-json\/wp\/v2\/posts"}],"about":[{"href":"https:\/\/www.enerjigazetesi.ist\/en\/wp-json\/wp\/v2\/types\/post"}],"author":[{"embeddable":true,"href":"https:\/\/www.enerjigazetesi.ist\/en\/wp-json\/wp\/v2\/users\/1"}],"replies":[{"embeddable":true,"href":"https:\/\/www.enerjigazetesi.ist\/en\/wp-json\/wp\/v2\/comments?post=97237"}],"version-history":[{"count":0,"href":"https:\/\/www.enerjigazetesi.ist\/en\/wp-json\/wp\/v2\/posts\/97237\/revisions"}],"wp:featuredmedia":[{"embeddable":true,"href":"https:\/\/www.enerjigazetesi.ist\/en\/wp-json\/wp\/v2\/media\/97239"}],"wp:attachment":[{"href":"https:\/\/www.enerjigazetesi.ist\/en\/wp-json\/wp\/v2\/media?parent=97237"}],"wp:term":[{"taxonomy":"category","embeddable":true,"href":"https:\/\/www.enerjigazetesi.ist\/en\/wp-json\/wp\/v2\/categories?post=97237"},{"taxonomy":"post_tag","embeddable":true,"href":"https:\/\/www.enerjigazetesi.ist\/en\/wp-json\/wp\/v2\/tags?post=97237"}],"curies":[{"name":"wp","href":"https:\/\/api.w.org\/{rel}","templated":true}]}}