{"id":9722,"date":"2013-04-16T15:49:16","date_gmt":"2013-04-16T12:49:16","guid":{"rendered":"https:\/\/www.enerjigazetesi.ist\/?p=9722"},"modified":"2013-04-16T15:49:16","modified_gmt":"2013-04-16T12:49:16","slug":"karaman-gunes-enerjisi-yatirim-merkezi-olacak","status":"publish","type":"post","link":"https:\/\/www.enerjigazetesi.ist\/en\/karaman-gunes-enerjisi-yatirim-merkezi-olacak\/","title":{"rendered":"(Turkish) Karaman, G\u00fcne\u015f Enerjisi Yat\u0131r\u0131m Merkezi Olacak"},"content":{"rendered":"<p class=\"qtranxs-available-languages-message qtranxs-available-languages-message-en\">Sorry, this entry is only available in <a href=\"https:\/\/www.enerjigazetesi.ist\/tr\/wp-json\/wp\/v2\/posts\/9722\" class=\"qtranxs-available-language-link qtranxs-available-language-link-tr\" title=\"Turkish\">Turkish<\/a>. For the sake of viewer convenience, the content is shown below in the alternative language. You may click the link to switch the active language.<\/p><p><strong>T\u00fcrkiye\u2019nin en az ya\u011f\u0131\u015f alan illerinden Karaman\u2019da g\u00fcne\u015ften faydalanmak i\u00e7in Enerji \u0130htisas B\u00f6lgesi kurulacak. Karaman Milletvekili Mevl\u00fct Akg\u00fcn, \u00e7ok say\u0131da firman\u0131n Karaman\u2019da g\u00fcne\u015f enerjisi santrali kurmak i\u00e7in ba\u015fvuruda bulundu\u011funu a\u00e7\u0131klad\u0131.<\/strong><\/p>\n<p>Karaman\u2019\u0131n, <strong>g\u00fcne\u015f enerjisi har<a href=\"https:\/\/www.enerjigazetesi.ist\/wp-content\/uploads\/2013\/04\/gunes-enerjisi-karaman.jpg\"><img loading=\"lazy\" class=\"alignleft size-medium wp-image-9723\" title=\"gunes-enerjisi-karaman\" src=\"https:\/\/www.enerjigazetesi.ist\/wp-content\/uploads\/2013\/04\/gunes-enerjisi-karaman-300x181.jpg\" alt=\"\" width=\"300\" height=\"181\" srcset=\"https:\/\/www.enerjigazetesi.ist\/wp-content\/uploads\/2013\/04\/gunes-enerjisi-karaman-300x181.jpg 300w, https:\/\/www.enerjigazetesi.ist\/wp-content\/uploads\/2013\/04\/gunes-enerjisi-karaman-500x302.jpg 500w, https:\/\/www.enerjigazetesi.ist\/wp-content\/uploads\/2013\/04\/gunes-enerjisi-karaman-80x48.jpg 80w, https:\/\/www.enerjigazetesi.ist\/wp-content\/uploads\/2013\/04\/gunes-enerjisi-karaman.jpg 699w\" sizes=\"(max-width: 300px) 100vw, 300px\" \/><\/a>itas\u0131nda<\/strong> en avantajl\u0131 ve verimli illerden biri olarak dikkat \u00e7ekti\u011fini s\u00f6yleyen Vekil Akg\u00fcn, Enerji Piyasas\u0131 D\u00fczenleme Kurumu\u2019nun (EPDK) g\u00fcne\u015f enerjisi yat\u0131r\u0131m lisanslar\u0131n\u0131 Haziran ay\u0131nda verece\u011fini dile getirdi.<\/p>\n<p>Karaman\u2019\u0131n, Ayranc\u0131 il\u00e7esinde Ta\u015fkale yol ayr\u0131m\u0131na yak\u0131n bir b\u00f6lgede Enerji \u0130htisas B\u00f6lgesi olu\u015fturmak i\u00e7in altyap\u0131 \u00e7al\u0131\u015fmalar\u0131n\u0131n ba\u015flad\u0131\u011f\u0131n\u0131 kaydeden Akg\u00fcn, \u201cValili\u011fimiz ve ilgili m\u00fcd\u00fcrl\u00fcklerimiz \u00e7al\u0131\u015fmalar\u0131n\u0131z tamamlayarak haz\u0131rlad\u0131klar\u0131 dosyay\u0131 Bilim, Sanayi ve Teknoloji Bakanl\u0131\u011f\u0131na sundu.<\/p>\n<p>Karaman Milletvekilleri olarak Enerji \u0130htisas B\u00f6lgesi kurulmas\u0131 ve ilan edilmesi ile ilgili \u00e7al\u0131\u015fmalar\u0131 yak\u0131ndan takip ediyoruz. Enerji \u0130htisas B\u00f6lgesi ile birlikte ilimiz, g\u00fcne\u015f enerjisinde d\u00fczg\u00fcn ve verimli yat\u0131r\u0131m yap\u0131lan en ba\u015far\u0131l\u0131 il konumuna gelecek\u201d diye konu\u015ftu.<\/p>\n<p>Kaynak: <a href=\"http:\/\/enerjigunlugu.net\/karaman-gunes-enerjisi-yatirim-merkezi-olacak_3170.html\" target=\"_blank\">Enerji G\u00fcnl\u00fc\u011f\u00fc<\/a><\/p>","protected":false},"excerpt":{"rendered":"<p>Sorry, this entry is only available in Turkish. For the sake of viewer convenience, the content is shown below in the alternative language. You may click the link to switch the active language.T\u00fcrkiye\u2019nin en az ya\u011f\u0131\u015f alan illerinden Karaman\u2019da g\u00fcne\u015ften faydalanmak i\u00e7in Enerji \u0130htisas B\u00f6lgesi kurulacak. Karaman Milletvekili Mevl\u00fct Akg\u00fcn, \u00e7ok say\u0131da firman\u0131n Karaman\u2019da g\u00fcne\u015f [&hellip;]<\/p>\n","protected":false},"author":1,"featured_media":9723,"comment_status":"open","ping_status":"open","sticky":false,"template":"","format":"standard","meta":[],"categories":[53,49],"tags":[63,67,4536,1046,750,502,2326,227,13,2569,1679,105],"views":1000,"_links":{"self":[{"href":"https:\/\/www.enerjigazetesi.ist\/en\/wp-json\/wp\/v2\/posts\/9722"}],"collection":[{"href":"https:\/\/www.enerjigazetesi.ist\/en\/wp-json\/wp\/v2\/posts"}],"about":[{"href":"https:\/\/www.enerjigazetesi.ist\/en\/wp-json\/wp\/v2\/types\/post"}],"author":[{"embeddable":true,"href":"https:\/\/www.enerjigazetesi.ist\/en\/wp-json\/wp\/v2\/users\/1"}],"replies":[{"embeddable":true,"href":"https:\/\/www.enerjigazetesi.ist\/en\/wp-json\/wp\/v2\/comments?post=9722"}],"version-history":[{"count":2,"href":"https:\/\/www.enerjigazetesi.ist\/en\/wp-json\/wp\/v2\/posts\/9722\/revisions"}],"predecessor-version":[{"id":9725,"href":"https:\/\/www.enerjigazetesi.ist\/en\/wp-json\/wp\/v2\/posts\/9722\/revisions\/9725"}],"wp:featuredmedia":[{"embeddable":true,"href":"https:\/\/www.enerjigazetesi.ist\/en\/wp-json\/wp\/v2\/media\/9723"}],"wp:attachment":[{"href":"https:\/\/www.enerjigazetesi.ist\/en\/wp-json\/wp\/v2\/media?parent=9722"}],"wp:term":[{"taxonomy":"category","embeddable":true,"href":"https:\/\/www.enerjigazetesi.ist\/en\/wp-json\/wp\/v2\/categories?post=9722"},{"taxonomy":"post_tag","embeddable":true,"href":"https:\/\/www.enerjigazetesi.ist\/en\/wp-json\/wp\/v2\/tags?post=9722"}],"curies":[{"name":"wp","href":"https:\/\/api.w.org\/{rel}","templated":true}]}}