{"id":97133,"date":"2019-08-13T13:47:58","date_gmt":"2019-08-13T10:47:58","guid":{"rendered":"https:\/\/www.enerjigazetesi.ist\/?p=97133"},"modified":"2019-08-13T13:51:10","modified_gmt":"2019-08-13T10:51:10","slug":"kaz-daglarinda-siyanur-lici-ile-maden-uretimi-siyaset-ustu-tutulmalidir","status":"publish","type":"post","link":"https:\/\/www.enerjigazetesi.ist\/en\/kaz-daglarinda-siyanur-lici-ile-maden-uretimi-siyaset-ustu-tutulmalidir\/","title":{"rendered":"(Turkish) &#8221;Kaz Da\u011flar\u0131\u2019nda Siyan\u00fcr Li\u00e7i \u0130le Maden \u00dcretimi Siyaset \u00dcst\u00fc Tutulmal\u0131d\u0131r&#8221;"},"content":{"rendered":"<p class=\"qtranxs-available-languages-message qtranxs-available-languages-message-en\">Sorry, this entry is only available in <a href=\"https:\/\/www.enerjigazetesi.ist\/tr\/wp-json\/wp\/v2\/posts\/97133\" class=\"qtranxs-available-language-link qtranxs-available-language-link-tr\" title=\"Turkish\">Turkish<\/a>. For the sake of viewer convenience, the content is shown below in the alternative language. You may click the link to switch the active language.<\/p><p><\/p>\n<h1><strong>TEMA Vakf\u0131 do\u011fan\u0131n siyaset \u00fcst\u00fc ve birle\u015ftirici oldu\u011funa ili\u015fkin bir a\u00e7\u0131klama yaparak Kaz Da\u011flar\u0131\u2019ndaki siyan\u00fcr li\u00e7i ile maden \u00fcretiminin bir siyasi partiyi, g\u00f6r\u00fc\u015f\u00fc de\u011fil; siyasi g\u00f6r\u00fc\u015ften ba\u011f\u0131ms\u0131z ya\u015f, dil ve din fark etmeksizin herkesi ilgilendirdi\u011fine dikkat \u00e7ekti.<\/strong><\/h1>\n<p>Kaz Da\u011flar\u0131 b\u00f6lgesinde ger\u00e7ekle\u015ftirilmek istenen siyan\u00fcr li\u00e7i ile alt\u0131n \u00fcretiminin verece\u011fi zararlara kar\u015f\u0131 <img loading=\"lazy\" class=\"alignleft wp-image-97135\" src=\"https:\/\/www.enerjigazetesi.ist\/wp-content\/uploads\/2019\/08\/kaz-daglarinda-siyanur-lici-ile-maden-uretimi-siyaset-ustu-tutulmalidir2-300x184.jpg\" alt=\"\" width=\"320\" height=\"196\" srcset=\"https:\/\/www.enerjigazetesi.ist\/wp-content\/uploads\/2019\/08\/kaz-daglarinda-siyanur-lici-ile-maden-uretimi-siyaset-ustu-tutulmalidir2-300x184.jpg 300w, https:\/\/www.enerjigazetesi.ist\/wp-content\/uploads\/2019\/08\/kaz-daglarinda-siyanur-lici-ile-maden-uretimi-siyaset-ustu-tutulmalidir2-768x470.jpg 768w, https:\/\/www.enerjigazetesi.ist\/wp-content\/uploads\/2019\/08\/kaz-daglarinda-siyanur-lici-ile-maden-uretimi-siyaset-ustu-tutulmalidir2-500x306.jpg 500w, https:\/\/www.enerjigazetesi.ist\/wp-content\/uploads\/2019\/08\/kaz-daglarinda-siyanur-lici-ile-maden-uretimi-siyaset-ustu-tutulmalidir2-80x50.jpg 80w, https:\/\/www.enerjigazetesi.ist\/wp-content\/uploads\/2019\/08\/kaz-daglarinda-siyanur-lici-ile-maden-uretimi-siyaset-ustu-tutulmalidir2.jpg 850w\" sizes=\"(max-width: 320px) 100vw, 320px\" \/>b\u00f6lgeyi koruman\u0131n herhangi bir siyasi g\u00f6r\u00fc\u015f\u00fcn, sivil toplum kurulu\u015funun ya da \u00f6zel kurulu\u015fun tekelinde olmamas\u0131 gerekti\u011fine dikkat \u00e7eken TEMA Vakf\u0131 Y\u00f6netim Kurulu Ba\u015fkan\u0131 Deniz Ata\u00e7, \u201cHepimizin bildi\u011fi gibi ya\u015fam\u0131m\u0131z\u0131 do\u011fal varl\u0131klara bor\u00e7luyuz. Bizlere d\u00fc\u015fen ise kendi ya\u015fam\u0131m\u0131z\u0131n ve gelecek nesillerin ya\u015fam\u0131n\u0131n devam\u0131 i\u00e7in do\u011fan\u0131n korunmas\u0131d\u0131r. Gelecek nesillerin bize emaneti olan toprak, hava, su, ye\u015fil \u00f6rt\u00fc ve t\u00fcm canl\u0131lar\u0131 koruma, bir do\u011fa ve \u00fclke meselesi olarak g\u00f6r\u00fclmeli ve mutlaka siyaset \u00fcst\u00fc tutulmal\u0131d\u0131r.<\/p>\n<p>Bu nedenle t\u00fcm siyasi parti ba\u015fkanlar\u0131m\u0131zdan grup milletvekillerini ve yerel y\u00f6neticilerini; t\u00fcm sivil toplum kurulu\u015flar\u0131 ba\u015fkanlar\u0131m\u0131zdan ise t\u00fcm destek\u00e7ilerini bu konuda hassasiyet g\u00f6sterilmesi i\u00e7in y\u00f6nlendirmelerini rica ediyoruz. Aksi durumda ortaya \u00e7\u0131kabilecek olumsuz sonu\u00e7lar t\u00fcm taraflar\u0131n tarih \u00f6n\u00fcndeki sorumlulu\u011fu olacak ve bu sonu\u00e7lardan t\u00fcm \u00fclke etkilenecektir.<\/p>","protected":false},"excerpt":{"rendered":"<p>Sorry, this entry is only available in Turkish. For the sake of viewer convenience, the content is shown below in the alternative language. You may click the link to switch the active language. TEMA Vakf\u0131 do\u011fan\u0131n siyaset \u00fcst\u00fc ve birle\u015ftirici oldu\u011funa ili\u015fkin bir a\u00e7\u0131klama yaparak Kaz Da\u011flar\u0131\u2019ndaki siyan\u00fcr li\u00e7i ile maden \u00fcretiminin bir siyasi partiyi, [&hellip;]<\/p>\n","protected":false},"author":1,"featured_media":97136,"comment_status":"open","ping_status":"open","sticky":false,"template":"","format":"standard","meta":[],"categories":[53],"tags":[54994,33895,52259,54991,54993,54992,54995,9309],"views":502,"_links":{"self":[{"href":"https:\/\/www.enerjigazetesi.ist\/en\/wp-json\/wp\/v2\/posts\/97133"}],"collection":[{"href":"https:\/\/www.enerjigazetesi.ist\/en\/wp-json\/wp\/v2\/posts"}],"about":[{"href":"https:\/\/www.enerjigazetesi.ist\/en\/wp-json\/wp\/v2\/types\/post"}],"author":[{"embeddable":true,"href":"https:\/\/www.enerjigazetesi.ist\/en\/wp-json\/wp\/v2\/users\/1"}],"replies":[{"embeddable":true,"href":"https:\/\/www.enerjigazetesi.ist\/en\/wp-json\/wp\/v2\/comments?post=97133"}],"version-history":[{"count":0,"href":"https:\/\/www.enerjigazetesi.ist\/en\/wp-json\/wp\/v2\/posts\/97133\/revisions"}],"wp:featuredmedia":[{"embeddable":true,"href":"https:\/\/www.enerjigazetesi.ist\/en\/wp-json\/wp\/v2\/media\/97136"}],"wp:attachment":[{"href":"https:\/\/www.enerjigazetesi.ist\/en\/wp-json\/wp\/v2\/media?parent=97133"}],"wp:term":[{"taxonomy":"category","embeddable":true,"href":"https:\/\/www.enerjigazetesi.ist\/en\/wp-json\/wp\/v2\/categories?post=97133"},{"taxonomy":"post_tag","embeddable":true,"href":"https:\/\/www.enerjigazetesi.ist\/en\/wp-json\/wp\/v2\/tags?post=97133"}],"curies":[{"name":"wp","href":"https:\/\/api.w.org\/{rel}","templated":true}]}}