{"id":97083,"date":"2019-08-13T00:20:26","date_gmt":"2019-08-12T21:20:26","guid":{"rendered":"https:\/\/www.enerjigazetesi.ist\/?p=97083"},"modified":"2019-08-13T00:41:00","modified_gmt":"2019-08-12T21:41:00","slug":"fransa-gunes-enerjisinden-elektrik-uretiminde-bir-rekora-imza-atti","status":"publish","type":"post","link":"https:\/\/www.enerjigazetesi.ist\/en\/fransa-gunes-enerjisinden-elektrik-uretiminde-bir-rekora-imza-atti\/","title":{"rendered":"(Turkish) &#8217;Fransa&#8217; G\u00fcne\u015f Enerjisinden Elektrik \u00dcretiminde Bir Rekora \u0130mza Att\u0131"},"content":{"rendered":"<p class=\"qtranxs-available-languages-message qtranxs-available-languages-message-en\">Sorry, this entry is only available in <a href=\"https:\/\/www.enerjigazetesi.ist\/tr\/wp-json\/wp\/v2\/posts\/97083\" class=\"qtranxs-available-language-link qtranxs-available-language-link-tr\" title=\"Turkish\">Turkish<\/a>. For the sake of viewer convenience, the content is shown below in the alternative language. You may click the link to switch the active language.<\/p><p><\/p>\n<h1><strong>Haziran&#8217;da bol g\u00fcne\u015fli g\u00fcnler ya\u015fayan Fransa, 1.44 TWh enerji \u00fcretimiyle g\u00fcne\u015f enerjisinde bir rekora imza att\u0131.<\/strong><\/h1>\n<p><img loading=\"lazy\" class=\"alignleft size-medium wp-image-97085\" src=\"https:\/\/www.enerjigazetesi.ist\/wp-content\/uploads\/2019\/08\/fransa-gunes-enerjisinden-elektrik-uretiminde-bir-rekora-imza-atti-300x225.jpg\" alt=\"\" width=\"300\" height=\"225\" srcset=\"https:\/\/www.enerjigazetesi.ist\/wp-content\/uploads\/2019\/08\/fransa-gunes-enerjisinden-elektrik-uretiminde-bir-rekora-imza-atti-300x225.jpg 300w, https:\/\/www.enerjigazetesi.ist\/wp-content\/uploads\/2019\/08\/fransa-gunes-enerjisinden-elektrik-uretiminde-bir-rekora-imza-atti-500x375.jpg 500w, https:\/\/www.enerjigazetesi.ist\/wp-content\/uploads\/2019\/08\/fransa-gunes-enerjisinden-elektrik-uretiminde-bir-rekora-imza-atti-67x50.jpg 67w, https:\/\/www.enerjigazetesi.ist\/wp-content\/uploads\/2019\/08\/fransa-gunes-enerjisinden-elektrik-uretiminde-bir-rekora-imza-atti.jpg 651w\" sizes=\"(max-width: 300px) 100vw, 300px\" \/>Fransa elektrik iletim sistemi operat\u00f6r\u00fc RTE yay\u0131mlad\u0131\u011f\u0131 ayl\u0131k raporunda, 2019&#8217;un haziran ay\u0131nda r\u00fczgar ve g\u00fcne\u015f enerjisinden elektrik \u00fcretiminin % 10 seviyesinde art\u0131\u015f g\u00f6stererek haziran ay\u0131nda 1.44 TWh ile g\u00fcne\u015f enerjisi elektri\u011fi \u00fcreterek rekora imza at\u0131\u0131ld\u0131\u011f\u0131 ve r\u00fczg\u00e2r enerjisi \u00fcretiminin de Miguel Kas\u0131rgas\u0131\u2019n\u0131n da yard\u0131m\u0131yla bir \u00f6nceki y\u0131la g\u00f6re % 36 art\u0131\u015fla 1.86 TWh&#8217;ye ula\u015ft\u0131\u011f\u0131 a\u00e7\u0131kland\u0131.<\/p>\n<p>RTE, ayr\u0131ca r\u00fczg\u00e2r ve g\u00fcne\u015fteki bu art\u0131\u015fa ra\u011fmen hidroelektrik santrallerde elektrik \u00fcretiminin y\u0131ll\u0131k % 24 oran\u0131nda d\u00fc\u015ferek 5.77 TWh oldu\u011funu dile getirdi.\u00a0RTE \u00fclke i\u00e7i elektrik t\u00fcketiminin 32.6 TWh&#8217;de sabit oldu\u011funu da belirtti.<\/p>\n<p>Fransa\u2019n\u0131n 2019&#8217;un ilk yar\u0131s\u0131 itibari ile 15.6 GW r\u00fczg\u00e2r ve 8.86 GW g\u00fcne\u015f kapasitesi mevcuttur.<\/p>\n<p><strong>Kaynak: <\/strong><a href=\"https:\/\/uk.reuters.com\/article\/france-electricity\/record-solar-power-generation-in-france-in-june-rte-idUKL8N24W7M2\" target=\"_blank\" rel=\"noopener\">Reuters<\/a>\u00a0&#8211; <a href=\"http:\/\/www.elder.org.tr\/ebulten\/bulten231.html#haber10\" target=\"_blank\" rel=\"noopener\">Elder \/ A\u011fustos 2019<\/a><\/p>","protected":false},"excerpt":{"rendered":"<p>Sorry, this entry is only available in Turkish. For the sake of viewer convenience, the content is shown below in the alternative language. You may click the link to switch the active language. Haziran&#8217;da bol g\u00fcne\u015fli g\u00fcnler ya\u015fayan Fransa, 1.44 TWh enerji \u00fcretimiyle g\u00fcne\u015f enerjisinde bir rekora imza att\u0131. Fransa elektrik iletim sistemi operat\u00f6r\u00fc RTE [&hellip;]<\/p>\n","protected":false},"author":1,"featured_media":97085,"comment_status":"open","ping_status":"open","sticky":false,"template":"","format":"standard","meta":[],"categories":[51,53,49],"tags":[36029,54962,19,52259,18,1346,54960,23416,23133,34925,23131,54961,4289,7540],"views":557,"_links":{"self":[{"href":"https:\/\/www.enerjigazetesi.ist\/en\/wp-json\/wp\/v2\/posts\/97083"}],"collection":[{"href":"https:\/\/www.enerjigazetesi.ist\/en\/wp-json\/wp\/v2\/posts"}],"about":[{"href":"https:\/\/www.enerjigazetesi.ist\/en\/wp-json\/wp\/v2\/types\/post"}],"author":[{"embeddable":true,"href":"https:\/\/www.enerjigazetesi.ist\/en\/wp-json\/wp\/v2\/users\/1"}],"replies":[{"embeddable":true,"href":"https:\/\/www.enerjigazetesi.ist\/en\/wp-json\/wp\/v2\/comments?post=97083"}],"version-history":[{"count":0,"href":"https:\/\/www.enerjigazetesi.ist\/en\/wp-json\/wp\/v2\/posts\/97083\/revisions"}],"wp:featuredmedia":[{"embeddable":true,"href":"https:\/\/www.enerjigazetesi.ist\/en\/wp-json\/wp\/v2\/media\/97085"}],"wp:attachment":[{"href":"https:\/\/www.enerjigazetesi.ist\/en\/wp-json\/wp\/v2\/media?parent=97083"}],"wp:term":[{"taxonomy":"category","embeddable":true,"href":"https:\/\/www.enerjigazetesi.ist\/en\/wp-json\/wp\/v2\/categories?post=97083"},{"taxonomy":"post_tag","embeddable":true,"href":"https:\/\/www.enerjigazetesi.ist\/en\/wp-json\/wp\/v2\/tags?post=97083"}],"curies":[{"name":"wp","href":"https:\/\/api.w.org\/{rel}","templated":true}]}}