{"id":97042,"date":"2019-08-12T21:33:05","date_gmt":"2019-08-12T18:33:05","guid":{"rendered":"https:\/\/www.enerjigazetesi.ist\/?p=97042"},"modified":"2019-08-12T22:04:46","modified_gmt":"2019-08-12T19:04:46","slug":"kotra-sigorta-dan-gunes-enerjisi-sektorune-yonelik-yeni-bir-hizmet-daha","status":"publish","type":"post","link":"https:\/\/www.enerjigazetesi.ist\/en\/kotra-sigorta-dan-gunes-enerjisi-sektorune-yonelik-yeni-bir-hizmet-daha\/","title":{"rendered":"(Turkish) &#8217;Kotra Sigorta&#8217;dan G\u00fcne\u015f Enerjisi Sekt\u00f6r\u00fcne Y\u00f6nelik Yeni Bir Hizmet Daha!"},"content":{"rendered":"<p class=\"qtranxs-available-languages-message qtranxs-available-languages-message-en\">Sorry, this entry is only available in <a href=\"https:\/\/www.enerjigazetesi.ist\/tr\/wp-json\/wp\/v2\/posts\/97042\" class=\"qtranxs-available-language-link qtranxs-available-language-link-tr\" title=\"Turkish\">Turkish<\/a>. For the sake of viewer convenience, the content is shown below in the alternative language. You may click the link to switch the active language.<\/p><p><\/p>\n<h1><strong>Enerji sekt\u00f6r\u00fcne y\u00f6nelik ba\u015fta g\u00fcne\u015f enerjisi sistemleri ve santralleri i\u00e7in sigorta \u00e7\u00f6z\u00fcmleri hizmeti sunan &#8216;Kotra Sigorta&#8217;dan Enerji Gazetesi&#8217;ne yap\u0131lan a\u00e7\u0131klamada art\u0131k GES\u2019ler i\u00e7in G\u00fc\u00e7 A\u015f\u0131m\u0131na (Demant Sorunu), \u015eebeke G\u00fc\u00e7 Kesintilerine, Da\u011f\u0131t\u0131m \u015eirketi \u0130flas\u0131 gibi sorunlar\u0131n neticesinde yap\u0131lacak masraflara ve g\u00fcne\u015flenme eksikliklerine teminat sa\u011fland\u0131\u011f\u0131 belirtildi.<\/strong><\/h1>\n<p>Kotra Sigorta Genel M\u00fcd\u00fcr\u00fc <em>Osman T\u00dcKEN<\/em>\u00a0yapt\u0131\u011f\u0131 a\u00e7\u0131klamada, uzun s\u00fcredir devam ettirdikleri \u00fcr\u00fcn geli\u015ftirme \u00e7al\u0131\u015fmalar\u0131 sonucunda g\u00fcne\u015f enerjisi yat\u0131r\u0131mc\u0131lar\u0131n\u0131 finansal bask\u0131 alt\u0131na alan bu risklere kar\u015f\u0131 <img loading=\"lazy\" class=\"alignright wp-image-97044\" src=\"https:\/\/www.enerjigazetesi.ist\/wp-content\/uploads\/2019\/08\/kotra-sigortadan-gunes-enerjisi-sektorune-yonelik-yeni-bir-hizmet-daha-300x169.jpg\" alt=\"\" width=\"320\" height=\"180\" srcset=\"https:\/\/www.enerjigazetesi.ist\/wp-content\/uploads\/2019\/08\/kotra-sigortadan-gunes-enerjisi-sektorune-yonelik-yeni-bir-hizmet-daha-300x169.jpg 300w, https:\/\/www.enerjigazetesi.ist\/wp-content\/uploads\/2019\/08\/kotra-sigortadan-gunes-enerjisi-sektorune-yonelik-yeni-bir-hizmet-daha-768x432.jpg 768w, https:\/\/www.enerjigazetesi.ist\/wp-content\/uploads\/2019\/08\/kotra-sigortadan-gunes-enerjisi-sektorune-yonelik-yeni-bir-hizmet-daha-500x281.jpg 500w, https:\/\/www.enerjigazetesi.ist\/wp-content\/uploads\/2019\/08\/kotra-sigortadan-gunes-enerjisi-sektorune-yonelik-yeni-bir-hizmet-daha-80x45.jpg 80w, https:\/\/www.enerjigazetesi.ist\/wp-content\/uploads\/2019\/08\/kotra-sigortadan-gunes-enerjisi-sektorune-yonelik-yeni-bir-hizmet-daha.jpg 800w\" sizes=\"(max-width: 320px) 100vw, 320px\" \/>koruma sa\u011flad\u0131klar\u0131n\u0131 s\u00f6yledi. Yat\u0131r\u0131mc\u0131 m\u00fc\u015fterilerden gelen geri bildirimler do\u011frultusunda sigortalanabilir riskleri daha kolay belirleyebilmek i\u00e7in Kotra Sigorta b\u00fcnyesinde\u00a0<em>&#8216;Enerji Sistemleri M\u00fchendisi&#8217;<\/em> istihdam edilerek yat\u0131r\u0131mc\u0131lar\u0131n sorunlar\u0131n\u0131 daha net belirleyebildikleri de dile getiren T\u00fcken, bu geli\u015fme sonras\u0131 m\u00fc\u015fterilerinin ya\u015fad\u0131klar\u0131 hasarlar i\u00e7in kendilerine daha yo\u011fun bir \u015fekilde teknik hizmet sunabildiklerini de ifade etti.<\/p>\n<p>Ayr\u0131ca T\u00fcken, GES yat\u0131r\u0131mc\u0131lar\u0131n\u0131n mevcut santral sigorta poli\u00e7elerine bu kazan\u0131mlar\u0131n eklenebildi\u011fini belirtirken son derece rekabet\u00e7i fiyatlarla sunulan sigorta \u00fcr\u00fcnleri i\u00e7erisinde al\u0131nacak bu yeni sigorta teminatlar\u0131n\u0131n, yat\u0131r\u0131mc\u0131lara ek bir k\u00fclfet getirmedi\u011fi ve finans kurulu\u015flar\u0131na kar\u015f\u0131 yat\u0131r\u0131mc\u0131lar\u0131n elini g\u00fc\u00e7lendirdiklerini de belirtti.<\/p>\n<p>T\u00fcken, Kotra Sigorta\u2019n\u0131n yenilenebilir ve temiz enerjinin her zaman destek\u00e7isi oldu\u011funu belirterek ve sa\u011flad\u0131klar\u0131 teminatlar\u0131n sekt\u00f6re hay\u0131rl\u0131 olmas\u0131n\u0131 dileyerek sekt\u00f6re y\u00f6nelik verdi\u011fi bu g\u00fczel sigorta hizmeti m\u00fcjdesiyle birlikte ba\u015fta enerji sekt\u00f6r\u00fc payda\u015flar\u0131 olmak \u00fczere t\u00fcm T\u00fcrkiye&#8217;nin Kurban Bayram\u0131n\u0131 da en i\u00e7ten dilekleriyle kutlad\u0131&#8230;<\/p>\n<p>Sarp ALTINEL \/ Enerji Gazetesi &#8211; <a href=\"mailto:sarp.altinel@enerjigazetesi.ist\" target=\"_blank\" rel=\"noopener\">sarp.altinel@enerjigazetesi.ist<\/a><\/p>","protected":false},"excerpt":{"rendered":"<p>Sorry, this entry is only available in Turkish. For the sake of viewer convenience, the content is shown below in the alternative language. You may click the link to switch the active language. Enerji sekt\u00f6r\u00fcne y\u00f6nelik ba\u015fta g\u00fcne\u015f enerjisi sistemleri ve santralleri i\u00e7in sigorta \u00e7\u00f6z\u00fcmleri hizmeti sunan &#8216;Kotra Sigorta&#8217;dan Enerji Gazetesi&#8217;ne yap\u0131lan a\u00e7\u0131klamada art\u0131k GES\u2019ler [&hellip;]<\/p>\n","protected":false},"author":1,"featured_media":97044,"comment_status":"open","ping_status":"open","sticky":false,"template":"","format":"standard","meta":[],"categories":[51,53,49],"tags":[54929,54941,21919,51057,54939,54926,12235,54934,54938,54942,54940,54928,54927,6907,54931,39488,26630,54935,30503,54930,54937,54936,54925,54933,54932,34977,26829,5864],"views":709,"_links":{"self":[{"href":"https:\/\/www.enerjigazetesi.ist\/en\/wp-json\/wp\/v2\/posts\/97042"}],"collection":[{"href":"https:\/\/www.enerjigazetesi.ist\/en\/wp-json\/wp\/v2\/posts"}],"about":[{"href":"https:\/\/www.enerjigazetesi.ist\/en\/wp-json\/wp\/v2\/types\/post"}],"author":[{"embeddable":true,"href":"https:\/\/www.enerjigazetesi.ist\/en\/wp-json\/wp\/v2\/users\/1"}],"replies":[{"embeddable":true,"href":"https:\/\/www.enerjigazetesi.ist\/en\/wp-json\/wp\/v2\/comments?post=97042"}],"version-history":[{"count":0,"href":"https:\/\/www.enerjigazetesi.ist\/en\/wp-json\/wp\/v2\/posts\/97042\/revisions"}],"wp:featuredmedia":[{"embeddable":true,"href":"https:\/\/www.enerjigazetesi.ist\/en\/wp-json\/wp\/v2\/media\/97044"}],"wp:attachment":[{"href":"https:\/\/www.enerjigazetesi.ist\/en\/wp-json\/wp\/v2\/media?parent=97042"}],"wp:term":[{"taxonomy":"category","embeddable":true,"href":"https:\/\/www.enerjigazetesi.ist\/en\/wp-json\/wp\/v2\/categories?post=97042"},{"taxonomy":"post_tag","embeddable":true,"href":"https:\/\/www.enerjigazetesi.ist\/en\/wp-json\/wp\/v2\/tags?post=97042"}],"curies":[{"name":"wp","href":"https:\/\/api.w.org\/{rel}","templated":true}]}}