{"id":97034,"date":"2019-08-12T20:51:07","date_gmt":"2019-08-12T17:51:07","guid":{"rendered":"https:\/\/www.enerjigazetesi.ist\/?p=97034"},"modified":"2019-08-12T20:53:02","modified_gmt":"2019-08-12T17:53:02","slug":"kurban-bayraminda-kesintisiz-enerji-icin-bedas-personeli-nobette","status":"publish","type":"post","link":"https:\/\/www.enerjigazetesi.ist\/en\/kurban-bayraminda-kesintisiz-enerji-icin-bedas-personeli-nobette\/","title":{"rendered":"(Turkish) Kurban Bayram\u0131\u2019nda Kesintisiz Enerji \u0130\u00e7in BEDA\u015e Personeli N\u00f6bette!"},"content":{"rendered":"<p class=\"qtranxs-available-languages-message qtranxs-available-languages-message-en\">Sorry, this entry is only available in <a href=\"https:\/\/www.enerjigazetesi.ist\/tr\/wp-json\/wp\/v2\/posts\/97034\" class=\"qtranxs-available-language-link qtranxs-available-language-link-tr\" title=\"Turkish\">Turkish<\/a>. For the sake of viewer convenience, the content is shown below in the alternative language. You may click the link to switch the active language.<\/p><p><\/p>\n<h1><strong>9 A\u011fustos gece yar\u0131s\u0131ndan itibaren 18 A\u011fustos\u2019a kadar \u0130stanbul Avrupa Yakas\u0131\u2019nda kesintisiz enerji i\u00e7in alarm durumuna ge\u00e7en BEDA\u015e, arife ve bayram g\u00fcnlerinde yat\u0131r\u0131m kaynakl\u0131 planl\u0131 kesintileri de iptal etti. Bak\u0131m ve onar\u0131m \u00e7al\u0131\u015fmalar\u0131n\u0131 bayram \u00f6ncesinde tamamlayan \u015firket, sahadaki personel say\u0131s\u0131nda art\u0131\u015fa giderek olas\u0131 ar\u0131zalara \u00e7ok daha h\u0131zl\u0131 yan\u0131t vermek i\u00e7in ekiplerini ek e\u011fitimle g\u00fc\u00e7lendirdi.<\/strong><\/h1>\n<p>\u0130stanbul Avrupa Yakas\u0131\u2019nda 5 milyondan fazla aboneye elektrik da\u011f\u0131t\u0131m hizmeti veren Bo\u011fazi\u00e7i Elektrik <img loading=\"lazy\" class=\"alignright size-medium wp-image-97036\" src=\"https:\/\/www.enerjigazetesi.ist\/wp-content\/uploads\/2019\/08\/kurban-bayraminda-kesintisiz-enerji-icin-bedas-personeli-nobette-300x213.jpg\" alt=\"\" width=\"300\" height=\"213\" srcset=\"https:\/\/www.enerjigazetesi.ist\/wp-content\/uploads\/2019\/08\/kurban-bayraminda-kesintisiz-enerji-icin-bedas-personeli-nobette-300x213.jpg 300w, https:\/\/www.enerjigazetesi.ist\/wp-content\/uploads\/2019\/08\/kurban-bayraminda-kesintisiz-enerji-icin-bedas-personeli-nobette-500x356.jpg 500w, https:\/\/www.enerjigazetesi.ist\/wp-content\/uploads\/2019\/08\/kurban-bayraminda-kesintisiz-enerji-icin-bedas-personeli-nobette-70x50.jpg 70w, https:\/\/www.enerjigazetesi.ist\/wp-content\/uploads\/2019\/08\/kurban-bayraminda-kesintisiz-enerji-icin-bedas-personeli-nobette.jpg 686w\" sizes=\"(max-width: 300px) 100vw, 300px\" \/>Da\u011f\u0131t\u0131m A.\u015e. (BEDA\u015e), Kurban Bayram\u0131 boyunca kesintisiz enerji i\u00e7in tedbirlerini alarak haz\u0131rl\u0131klar\u0131n\u0131 tamamlad\u0131. Bu y\u0131l 11-14 A\u011fustos tarihleri aras\u0131nda kutlanacak olan Kurban Bayram\u0131 nedeniyle 9 A\u011fustos Cuma gecesi 00.00\u2019dan ba\u015flayarak 18 A\u011fustos Pazar g\u00fcn\u00fc 23.59\u2019a kadar yani toplam 10 g\u00fcn boyunca saha lokasyonlar\u0131nda m\u00fcd\u00fcr, m\u00fchendis, uzman d\u00fczeyinde, genel m\u00fcd\u00fcrl\u00fck binas\u0131nda ise direkt\u00f6r ve m\u00fcd\u00fcr d\u00fczeyinde n\u00f6bet\u00e7i amirler g\u00f6revlendiren \u015firket; s\u00fcreci TEDA\u015e ile birlikte organize \u015fekilde y\u00fcr\u00fctecek. T\u00fcm n\u00f6bet\u00e7i amir listesi ve ileti\u015fim numaralar\u0131n\u0131 \u015fimdiden TEDA\u015e\u2019a bildiren BEDA\u015e, enerji s\u00fcreklili\u011fi i\u00e7in bayram s\u00fcresince takviye ekipleri ile alarmda durumunda olacak.<\/p>\n<h2><strong>AR\u0130FE VE BAYRAM G\u00dcNLER\u0130 PLANLI KES\u0130NT\u0130 YOK<\/strong><\/h2>\n<p>Elektrik \u015febekesinde meydana gelen ar\u0131zalar\u0131 \u00f6nlemek amac\u0131yla y\u0131l i\u00e7inde d\u00fczenli olarak bak\u0131m \u00e7al\u0131\u015fmalar\u0131n\u0131 yapan BEDA\u015e, planl\u0131 bak\u0131mlar nedeniyle enerjisiz kalacak b\u00f6lgelere de en az 48 saat \u00f6nce web sitesi \u00fczerinden bilgi veriyor. T\u00fcketicilerin arife g\u00fcn\u00fc ve bayram g\u00fcnlerinde enerjisiz kalmamas\u0131 i\u00e7in bak\u0131m i\u015flemlerini \u00f6nceden tamamlayan \u015firket, arife ve Kurban Bayram\u0131 boyunca yat\u0131r\u0131m kaynakl\u0131 planl\u0131 kesintileri de iptal etti.<\/p>\n<h2><strong>SAHADAK\u0130 PERSONEL SAYISI ARTIRILDI<\/strong><\/h2>\n<p>Enerji kesinti say\u0131 ve s\u00fcresini minimuma indirmek i\u00e7in tatil s\u00fcresince sahadaki personel say\u0131s\u0131n\u0131 da art\u0131rd\u0131klar\u0131n\u0131 dile getiren BEDA\u015e Genel M\u00fcd\u00fcr\u00fc Murat Yi\u011fit, \u201cElektri\u011fin insan hayat\u0131 i\u00e7in vazge\u00e7ilmez oldu\u011fu bilinci ile bayram boyunca kesintisiz enerji i\u00e7in haz\u0131rl\u0131klar\u0131m\u0131z\u0131 yapt\u0131k. Teknik personelimizin bilgi birikimini ve yapt\u0131klar\u0131 i\u015flerin kalitesini art\u0131rmak amac\u0131 ile vermi\u015f oldu\u011fumuz saha uygulama e\u011fitimlerine bayram \u00f6ncesi ek e\u011fitimler ekledik. \u0130dari personelin kullan\u0131m\u0131ndaki kesintilere m\u00fcdahale ara\u00e7lar\u0131, olas\u0131 ar\u0131zalara daha h\u0131zl\u0131 m\u00fcdahale edilebilmesi ar\u0131za-bak\u0131m-onar\u0131m personelinin kullan\u0131m\u0131na tahsis edildi\u201d dedi.<\/p>\n<h2><strong>SCADA \u0130LE \u00c7\u00d6Z\u00dcM 3 DAK\u0130KANIN ALTINA \u0130N\u0130YOR<\/strong><\/h2>\n<p>BEDA\u015e\u2019\u0131n teknolojiye yapt\u0131\u011f\u0131 yat\u0131r\u0131mlar sonucunda art\u0131k ar\u0131za ve onar\u0131m s\u00fcrelerinde h\u0131zl\u0131 d\u00fc\u015f\u00fc\u015fler oldu\u011funu an\u0131msatan Yi\u011fit s\u00f6zlerine \u015f\u00f6yle devam etti:<\/p>\n<p>\u201cY\u00fck dengelemek amac\u0131yla elektrik da\u011f\u0131t\u0131m \u015febekesinin ba\u015fka bir kaynaktan beslenmesini sa\u011flamak i\u00e7in yap\u0131lan manevra i\u015flemleri t\u00fcketimin en d\u00fc\u015f\u00fck oldu\u011fu saatler olan gece saatlerinde ger\u00e7ekle\u015ftirilmekte. Ayr\u0131ca manevra i\u015flemlerinde uzaktan kontrol imk\u00e2n\u0131 sunan SCADA (Uzaktan Kontrol ve Kumanda Merkezi) altyap\u0131m\u0131z kullan\u0131larak i\u015flemin 3 dakikal\u0131k bir s\u00fcrenin de alt\u0131nda bitirilmesi sa\u011flanmakta. S\u0131f\u0131r kesinti hedefi ile \u00e7al\u0131\u015fmakta olan \u015firketimiz, her zaman oldu\u011fu gibi Kurban Bayram\u0131\u2019nda da abonelerimizin ihtiyac\u0131 oldu\u011fu her yerde olacak.Bu vesile ile t\u00fcm vatanda\u015flar\u0131m\u0131za, \u00fclkemize hay\u0131rl\u0131 bayramlar dilerim.\u201d<\/p>","protected":false},"excerpt":{"rendered":"<p>Sorry, this entry is only available in Turkish. For the sake of viewer convenience, the content is shown below in the alternative language. You may click the link to switch the active language. 9 A\u011fustos gece yar\u0131s\u0131ndan itibaren 18 A\u011fustos\u2019a kadar \u0130stanbul Avrupa Yakas\u0131\u2019nda kesintisiz enerji i\u00e7in alarm durumuna ge\u00e7en BEDA\u015e, arife ve bayram g\u00fcnlerinde [&hellip;]<\/p>\n","protected":false},"author":1,"featured_media":97036,"comment_status":"open","ping_status":"open","sticky":false,"template":"","format":"standard","meta":[],"categories":[51,53],"tags":[1506,8058,34979,19638,34980,26353,52259,9904,54919],"views":449,"_links":{"self":[{"href":"https:\/\/www.enerjigazetesi.ist\/en\/wp-json\/wp\/v2\/posts\/97034"}],"collection":[{"href":"https:\/\/www.enerjigazetesi.ist\/en\/wp-json\/wp\/v2\/posts"}],"about":[{"href":"https:\/\/www.enerjigazetesi.ist\/en\/wp-json\/wp\/v2\/types\/post"}],"author":[{"embeddable":true,"href":"https:\/\/www.enerjigazetesi.ist\/en\/wp-json\/wp\/v2\/users\/1"}],"replies":[{"embeddable":true,"href":"https:\/\/www.enerjigazetesi.ist\/en\/wp-json\/wp\/v2\/comments?post=97034"}],"version-history":[{"count":0,"href":"https:\/\/www.enerjigazetesi.ist\/en\/wp-json\/wp\/v2\/posts\/97034\/revisions"}],"wp:featuredmedia":[{"embeddable":true,"href":"https:\/\/www.enerjigazetesi.ist\/en\/wp-json\/wp\/v2\/media\/97036"}],"wp:attachment":[{"href":"https:\/\/www.enerjigazetesi.ist\/en\/wp-json\/wp\/v2\/media?parent=97034"}],"wp:term":[{"taxonomy":"category","embeddable":true,"href":"https:\/\/www.enerjigazetesi.ist\/en\/wp-json\/wp\/v2\/categories?post=97034"},{"taxonomy":"post_tag","embeddable":true,"href":"https:\/\/www.enerjigazetesi.ist\/en\/wp-json\/wp\/v2\/tags?post=97034"}],"curies":[{"name":"wp","href":"https:\/\/api.w.org\/{rel}","templated":true}]}}