{"id":96985,"date":"2019-08-07T14:58:22","date_gmt":"2019-08-07T11:58:22","guid":{"rendered":"https:\/\/www.enerjigazetesi.ist\/?p=96985"},"modified":"2019-08-07T15:01:39","modified_gmt":"2019-08-07T12:01:39","slug":"murat-dagi-yok-olmasin-porsuk-cayi-kurumasin-diye-biraraya-geliyoruz","status":"publish","type":"post","link":"https:\/\/www.enerjigazetesi.ist\/en\/murat-dagi-yok-olmasin-porsuk-cayi-kurumasin-diye-biraraya-geliyoruz\/","title":{"rendered":"(Turkish) &#8217;Murat Da\u011f\u0131 Yok Olmas\u0131n Porsuk \u00c7ay\u0131 Kurumas\u0131n&#8217; Diye Biraraya Geliyoruz!"},"content":{"rendered":"<p class=\"qtranxs-available-languages-message qtranxs-available-languages-message-en\">Sorry, this entry is only available in <a href=\"https:\/\/www.enerjigazetesi.ist\/tr\/wp-json\/wp\/v2\/posts\/96985\" class=\"qtranxs-available-language-link qtranxs-available-language-link-tr\" title=\"Turkish\">Turkish<\/a>. For the sake of viewer convenience, the content is shown below in the alternative language. You may click the link to switch the active language.<\/p><p><\/p>\n<h1><strong>Eski\u015fehir \u00c7evre Koruma ve Geli\u015ftirme Derne\u011fi olarak 19\/08\/2019\u00a0 Pazartesi G\u00fcn\u00fc Saat 08.00&#8217;da Eski\u015fehir \/ Ordupazar\u0131&#8217;nda Atat\u00fcrk Lisesi \u00f6n\u00fcnden hareket edecek otob\u00fcs ile K\u00fctahya Gediz Karaa\u011fa\u00e7 K\u00f6y\u00fcne gidilecektir. Murat Da\u011f\u0131 Dava s\u00fcreci i\u00e7inde ayn\u0131 g\u00fcn gelecek olan Bilirki\u015fi \u00f6n incelemeler yapacak olup; bilirki\u015fi incelemesi s\u0131ras\u0131nda \u00fcye ve \u00e7evre dostlar\u0131 ile birlikte orada olacakt\u0131r. <\/strong><\/h1>\n<p>Y\u00f6netim Kurulu \u00dcyeleri Dilek BAYRA\u00c7, Bar\u0131\u015f ADIG\u00dcZEL ve Dernek Ba\u015fkan\u0131 Sad\u0131k YURTMAN MURAT <img loading=\"lazy\" class=\"alignright wp-image-96987\" src=\"https:\/\/www.enerjigazetesi.ist\/wp-content\/uploads\/2019\/08\/murat-dagi-yok-olmasin-porsuk-cayi-kurumasin-diye-biraraya-geliyoruz-300x208.jpg\" alt=\"\" width=\"320\" height=\"222\" srcset=\"https:\/\/www.enerjigazetesi.ist\/wp-content\/uploads\/2019\/08\/murat-dagi-yok-olmasin-porsuk-cayi-kurumasin-diye-biraraya-geliyoruz-300x208.jpg 300w, https:\/\/www.enerjigazetesi.ist\/wp-content\/uploads\/2019\/08\/murat-dagi-yok-olmasin-porsuk-cayi-kurumasin-diye-biraraya-geliyoruz-500x346.jpg 500w, https:\/\/www.enerjigazetesi.ist\/wp-content\/uploads\/2019\/08\/murat-dagi-yok-olmasin-porsuk-cayi-kurumasin-diye-biraraya-geliyoruz-72x50.jpg 72w, https:\/\/www.enerjigazetesi.ist\/wp-content\/uploads\/2019\/08\/murat-dagi-yok-olmasin-porsuk-cayi-kurumasin-diye-biraraya-geliyoruz.jpg 705w\" sizes=\"(max-width: 320px) 100vw, 320px\" \/>DA\u011eI YOK OLMASIN PORSUK \u00c7AYI KURUMASIN !!! Slogan\u0131 ile \u00c7evre Derne\u011fi ile gelmek isteyen \u00c7evre Dostlar\u0131n\u0131 davet ederek Dernek ile irtibata ge\u00e7ilmesini gerekti\u011fini vurgulam\u0131\u015ft\u0131r.<\/p>\n<p>Murat Da\u011f\u0131 b\u00fcy\u00fck bir su havzas\u0131 ve yer alt\u0131 suyu zenginidir. Anadolu\u2019nun toplam su rezervinin % 40&#8217;\u0131na sahiptir. \u015eehrimizin ya\u015fam kayna\u011f\u0131 olan Porsuk \u00e7ay\u0131m\u0131z Banaz \u00c7ay\u0131 ve Gediz Nehri buradan do\u011fmaktad\u0131r. A\u011fustos Ay\u0131 itibariyle Porsuk Baraj\u0131m\u0131z % 40 Doluluk oran\u0131na sahip olup \u015fehrimizde y\u0131lda yakla\u015f\u0131k 45 milyon m\u00b3 suya ihtiya\u00e7 vard\u0131r. Tek su kayna\u011f\u0131 olan Porsuk \u00c7ay\u0131n\u0131n yok olmas\u0131 demek Eski\u015fehir&#8217;imizin yok olmas\u0131 anlam\u0131na gelmektedir.<\/p>\n<h1><strong>Bu nedenle MURAT DA\u011eI YOK OLMASIN PORSUK \u00c7AYIMIZ KURUMASIN diyoruz&#8230;<\/strong><\/h1>\n<p><span style=\"color: #993300;\"><strong>Detayl\u0131 Bilgi \u0130\u00e7in&#8211;&gt;<\/strong><\/span>\u00a0Eski\u015fehir \u00c7evre Koruma ve Geli\u015ftirme Derne\u011fi &#8211; M.Sad\u0131k YURTMAN ( Ba\u015fkan ) &#8211; <span style=\"color: #993300;\"><strong>Gsm:<\/strong><\/span>\u00a0+90 532 312 64 84<\/p>","protected":false},"excerpt":{"rendered":"<p>Sorry, this entry is only available in Turkish. For the sake of viewer convenience, the content is shown below in the alternative language. You may click the link to switch the active language. Eski\u015fehir \u00c7evre Koruma ve Geli\u015ftirme Derne\u011fi olarak 19\/08\/2019\u00a0 Pazartesi G\u00fcn\u00fc Saat 08.00&#8217;da Eski\u015fehir \/ Ordupazar\u0131&#8217;nda Atat\u00fcrk Lisesi \u00f6n\u00fcnden hareket edecek otob\u00fcs ile [&hellip;]<\/p>\n","protected":false},"author":1,"featured_media":96987,"comment_status":"open","ping_status":"open","sticky":false,"template":"","format":"standard","meta":[],"categories":[53],"tags":[54892,54883,54880,54879,1413,54891,54878,54884,54882,54885,54888,54886,33979,54887,54881,54889,54890],"views":743,"_links":{"self":[{"href":"https:\/\/www.enerjigazetesi.ist\/en\/wp-json\/wp\/v2\/posts\/96985"}],"collection":[{"href":"https:\/\/www.enerjigazetesi.ist\/en\/wp-json\/wp\/v2\/posts"}],"about":[{"href":"https:\/\/www.enerjigazetesi.ist\/en\/wp-json\/wp\/v2\/types\/post"}],"author":[{"embeddable":true,"href":"https:\/\/www.enerjigazetesi.ist\/en\/wp-json\/wp\/v2\/users\/1"}],"replies":[{"embeddable":true,"href":"https:\/\/www.enerjigazetesi.ist\/en\/wp-json\/wp\/v2\/comments?post=96985"}],"version-history":[{"count":0,"href":"https:\/\/www.enerjigazetesi.ist\/en\/wp-json\/wp\/v2\/posts\/96985\/revisions"}],"wp:featuredmedia":[{"embeddable":true,"href":"https:\/\/www.enerjigazetesi.ist\/en\/wp-json\/wp\/v2\/media\/96987"}],"wp:attachment":[{"href":"https:\/\/www.enerjigazetesi.ist\/en\/wp-json\/wp\/v2\/media?parent=96985"}],"wp:term":[{"taxonomy":"category","embeddable":true,"href":"https:\/\/www.enerjigazetesi.ist\/en\/wp-json\/wp\/v2\/categories?post=96985"},{"taxonomy":"post_tag","embeddable":true,"href":"https:\/\/www.enerjigazetesi.ist\/en\/wp-json\/wp\/v2\/tags?post=96985"}],"curies":[{"name":"wp","href":"https:\/\/api.w.org\/{rel}","templated":true}]}}