{"id":96944,"date":"2019-08-06T22:33:22","date_gmt":"2019-08-06T19:33:22","guid":{"rendered":"https:\/\/www.enerjigazetesi.ist\/?p=96944"},"modified":"2019-08-06T22:36:53","modified_gmt":"2019-08-06T19:36:53","slug":"enerjisa-enerji-2019un-ilk-yarisinda-buyume-ivmesini-surdurdu","status":"publish","type":"post","link":"https:\/\/www.enerjigazetesi.ist\/en\/enerjisa-enerji-2019un-ilk-yarisinda-buyume-ivmesini-surdurdu\/","title":{"rendered":"(Turkish) &#8217;Enerjisa Enerji&#8217; 2019\u2019un \u0130lk Yar\u0131s\u0131nda B\u00fcy\u00fcme \u0130vmesini S\u00fcrd\u00fcrd\u00fc"},"content":{"rendered":"<p class=\"qtranxs-available-languages-message qtranxs-available-languages-message-en\">Sorry, this entry is only available in <a href=\"https:\/\/www.enerjigazetesi.ist\/tr\/wp-json\/wp\/v2\/posts\/96944\" class=\"qtranxs-available-language-link qtranxs-available-language-link-tr\" title=\"Turkish\">Turkish<\/a>. For the sake of viewer convenience, the content is shown below in the alternative language. You may click the link to switch the active language.<\/p><p><\/p>\n<h1><strong>Elektrik da\u011f\u0131t\u0131m ve perakende sat\u0131\u015fta T\u00fcrkiye&#8217;nin lider \u015firketi Enerjisa Enerji, bu y\u0131l\u0131n ilk \u00e7eyre\u011finde elde etti\u011fi b\u00fcy\u00fcme ivmesini ikinci \u00e7eyrekte de s\u00fcrd\u00fcrd\u00fc. Enerjisa Enerji, faaliyet gelirleri a\u00e7\u0131s\u0131ndan 2019 y\u0131l\u0131n\u0131n ilk yar\u0131s\u0131nda ge\u00e7ti\u011fimiz y\u0131l\u0131n ayn\u0131 d\u00f6nemine g\u00f6re y\u00fczde 32 b\u00fcy\u00fcme ile 2.268 milyon TL konsolide faaliyet geliri elde ederken, ayn\u0131 d\u00f6nemde baz al\u0131nan net k\u00e2r\u0131 ise 466 milyon TL\u2019ye \u00e7\u0131kt\u0131.<\/strong><\/h1>\n<p>Sabanc\u0131 Holding ve E.ON i\u015ftiraki olan Enerjisa Enerji, 30.06.2019 tarihi itibariyle mali tablolar\u0131n\u0131<\/p>\n<h2><strong><img loading=\"lazy\" class=\"alignleft size-medium wp-image-96946\" src=\"https:\/\/www.enerjigazetesi.ist\/wp-content\/uploads\/2019\/08\/enerjisa-enerji-2019un-ilk-yarisinda-buyume-ivmesini-surdurdu-300x289.jpg\" alt=\"\" width=\"300\" height=\"289\" srcset=\"https:\/\/www.enerjigazetesi.ist\/wp-content\/uploads\/2019\/08\/enerjisa-enerji-2019un-ilk-yarisinda-buyume-ivmesini-surdurdu-300x289.jpg 300w, https:\/\/www.enerjigazetesi.ist\/wp-content\/uploads\/2019\/08\/enerjisa-enerji-2019un-ilk-yarisinda-buyume-ivmesini-surdurdu-416x400.jpg 416w, https:\/\/www.enerjigazetesi.ist\/wp-content\/uploads\/2019\/08\/enerjisa-enerji-2019un-ilk-yarisinda-buyume-ivmesini-surdurdu-52x50.jpg 52w, https:\/\/www.enerjigazetesi.ist\/wp-content\/uploads\/2019\/08\/enerjisa-enerji-2019un-ilk-yarisinda-buyume-ivmesini-surdurdu.jpg 683w\" sizes=\"(max-width: 300px) 100vw, 300px\" \/><\/strong><\/h2>\n<p>a\u00e7\u0131klad\u0131. Buna g\u00f6re \u015firket, 2019 y\u0131l\u0131n\u0131n ilk yar\u0131s\u0131nda gelirlerini ge\u00e7ti\u011fimiz y\u0131l\u0131n ayn\u0131 d\u00f6nemine g\u00f6re % 32 oran\u0131nda art\u0131rarak, 2.268 milyon TL konsolide faaliyet geliri yaratt\u0131. Enerjisa Enerji\u2019nin baz al\u0131nan net k\u00e2r\u0131 ise ayn\u0131 d\u00f6nemde 466 milyon TL\u2019ye ula\u015ft\u0131.<\/p>\n<h2><strong>\u201c2&#8217;inci \u00e7eyrekte g\u00fc\u00e7l\u00fc gelir ve nakit performans\u0131 elde ettik ve orta vadeli hedeflerimizi teyit ediyoruz\u201d <\/strong><\/h2>\n<p>\u015eirketin 2019\u2019un ilk yar\u0131y\u0131l\u0131 mali sonu\u00e7lar\u0131n\u0131 de\u011ferlendiren Enerjisa Enerji CEO\u2019su Ziya Erdem, \u201cEnerjisa Enerji olarak ilk \u00e7eyrekte yakalad\u0131\u011f\u0131m\u0131z faaliyet gelirlerindeki g\u00fc\u00e7l\u00fc b\u00fcy\u00fcmemizi ba\u015far\u0131yla devam ettirdik.Bununla birlikte, faiz ve vergi sonras\u0131 serbest nakit ak\u0131\u015f\u0131n\u0131n da pozitife d\u00f6nmeye ba\u015flamas\u0131 ile bor\u00e7luluk oran\u0131m\u0131z da d\u00fc\u015fmeye devam etti. Ge\u00e7ti\u011fimiz \u00e7eyrekte, 2019 ve 2020 hedeflerimizi yukar\u0131 y\u00f6nl\u00fc revize etmi\u015ftik, bu hedefleri tekrar teyit etmekten mutluluk duyuyoruz\u201d dedi.<\/p>\n<p>Erdem, konuyla ilgili olarak ayr\u0131ca: \u201c2019 y\u0131l\u0131 i\u00e7in finansman ihtiyac\u0131m\u0131z\u0131 da ilk \u00e7eyrekte b\u00fcy\u00fck \u00f6l\u00e7\u00fcde tamamlam\u0131\u015f, bununla birlikte faiz ve likidite risklerini de etkin bir \u015fekilde kontrol alt\u0131na alm\u0131\u015ft\u0131k. Buna ra\u011fmen, makroekonomik trendler ve reg\u00fclasyonda yap\u0131lan de\u011fi\u015fiklikleri yak\u0131ndan izlemeye devam ediyoruz. \u00c7evik y\u00f6netim tarz\u0131m\u0131z ile bu de\u011fi\u015fikliklere esnek bir \u015fekilde adapte olarak, stratejimizi yeniden olu\u015fturabilecek yetene\u011fe sahibiz.<\/p>\n<p>Gelirlerde s\u00fcrekli g\u00fc\u00e7l\u00fc b\u00fcy\u00fcme ve azalan bir bor\u00e7luluk e\u011filimi kaydediyor olmam\u0131z sayesinde, \u00f6zellikle zorlu piyasa ko\u015fullar\u0131nda hem yerel hem de uluslararas\u0131 yat\u0131r\u0131mc\u0131lara cazip bir yat\u0131r\u0131m teklifi sunmaya devam ediyoruz\u201d dedi.<\/p>","protected":false},"excerpt":{"rendered":"<p>Sorry, this entry is only available in Turkish. For the sake of viewer convenience, the content is shown below in the alternative language. You may click the link to switch the active language. Elektrik da\u011f\u0131t\u0131m ve perakende sat\u0131\u015fta T\u00fcrkiye&#8217;nin lider \u015firketi Enerjisa Enerji, bu y\u0131l\u0131n ilk \u00e7eyre\u011finde elde etti\u011fi b\u00fcy\u00fcme ivmesini ikinci \u00e7eyrekte de s\u00fcrd\u00fcrd\u00fc. [&hellip;]<\/p>\n","protected":false},"author":1,"featured_media":96947,"comment_status":"open","ping_status":"open","sticky":false,"template":"","format":"standard","meta":[],"categories":[51,53],"tags":[1129,49071,36029,19,52259,37825,1048,37950],"views":531,"_links":{"self":[{"href":"https:\/\/www.enerjigazetesi.ist\/en\/wp-json\/wp\/v2\/posts\/96944"}],"collection":[{"href":"https:\/\/www.enerjigazetesi.ist\/en\/wp-json\/wp\/v2\/posts"}],"about":[{"href":"https:\/\/www.enerjigazetesi.ist\/en\/wp-json\/wp\/v2\/types\/post"}],"author":[{"embeddable":true,"href":"https:\/\/www.enerjigazetesi.ist\/en\/wp-json\/wp\/v2\/users\/1"}],"replies":[{"embeddable":true,"href":"https:\/\/www.enerjigazetesi.ist\/en\/wp-json\/wp\/v2\/comments?post=96944"}],"version-history":[{"count":0,"href":"https:\/\/www.enerjigazetesi.ist\/en\/wp-json\/wp\/v2\/posts\/96944\/revisions"}],"wp:featuredmedia":[{"embeddable":true,"href":"https:\/\/www.enerjigazetesi.ist\/en\/wp-json\/wp\/v2\/media\/96947"}],"wp:attachment":[{"href":"https:\/\/www.enerjigazetesi.ist\/en\/wp-json\/wp\/v2\/media?parent=96944"}],"wp:term":[{"taxonomy":"category","embeddable":true,"href":"https:\/\/www.enerjigazetesi.ist\/en\/wp-json\/wp\/v2\/categories?post=96944"},{"taxonomy":"post_tag","embeddable":true,"href":"https:\/\/www.enerjigazetesi.ist\/en\/wp-json\/wp\/v2\/tags?post=96944"}],"curies":[{"name":"wp","href":"https:\/\/api.w.org\/{rel}","templated":true}]}}