{"id":96886,"date":"2019-08-03T11:53:07","date_gmt":"2019-08-03T08:53:07","guid":{"rendered":"https:\/\/www.enerjigazetesi.ist\/?p=96886"},"modified":"2019-08-03T12:01:12","modified_gmt":"2019-08-03T09:01:12","slug":"ipcc-iklim-degisikligi-ve-arazi-kullanimi-ozel-raporu-8-agustosta-aciklaniyor","status":"publish","type":"post","link":"https:\/\/www.enerjigazetesi.ist\/en\/ipcc-iklim-degisikligi-ve-arazi-kullanimi-ozel-raporu-8-agustosta-aciklaniyor\/","title":{"rendered":"(Turkish) &#8217;IPCC&#8217; \u0130klim De\u011fi\u015fikli\u011fi ve Arazi Kullan\u0131m\u0131 Raporu 8 A\u011fustos&#8217;ta Yay\u0131nlan\u0131yor!"},"content":{"rendered":"<p class=\"qtranxs-available-languages-message qtranxs-available-languages-message-en\">Sorry, this entry is only available in <a href=\"https:\/\/www.enerjigazetesi.ist\/tr\/wp-json\/wp\/v2\/posts\/96886\" class=\"qtranxs-available-language-link qtranxs-available-language-link-tr\" title=\"Turkish\">Turkish<\/a>. For the sake of viewer convenience, the content is shown below in the alternative language. You may click the link to switch the active language.<\/p><p><\/p>\n<h1><strong>IPCC \u0130klim De\u011fi\u015fikli\u011fi ve Arazi \u00d6zel Raporu, 52 \u00fclkeden 103 \u00f6nde gelen iklim bilimciler taraf\u0131ndan haz\u0131rlanm\u0131\u015f olup iklim de\u011fi\u015fikli\u011fi, arazi, arazi kullan\u0131m\u0131 ve tar\u0131m ili\u015fkisi hakk\u0131nda \u015funa kadar haz\u0131rlanm\u0131\u015f en geni\u015f kapsaml\u0131 rapor \u00f6zelli\u011fine sahiptir.<\/strong><\/h1>\n<p>Rapor, iklim de\u011fi\u015fikli\u011finin \u00e7\u00f6lle\u015fme, arazi bozunumu, g\u0131da g\u00fcvenli\u011fi, s\u00fcrd\u00fcr\u00fclebilir arazi kullan\u0131m\u0131 ve sera gaz\u0131 emisyonlar\u0131n\u0131n karasal sistemler \u00fczerindeki etkisi gibi detayl\u0131 konular\u0131 k\u00fcresel ve b\u00f6lgesel \u00f6l\u00e7ekte inceliyor.<\/p>\n<p><img loading=\"lazy\" class=\"alignright wp-image-96888\" src=\"https:\/\/www.enerjigazetesi.ist\/wp-content\/uploads\/2019\/08\/ipcc-iklim-degisikligi-ve-arazi-kullanimi-ozel-raporu-8-agustosta-aciklaniyor-300x200.jpg\" alt=\"\" width=\"320\" height=\"213\" srcset=\"https:\/\/www.enerjigazetesi.ist\/wp-content\/uploads\/2019\/08\/ipcc-iklim-degisikligi-ve-arazi-kullanimi-ozel-raporu-8-agustosta-aciklaniyor-300x200.jpg 300w, https:\/\/www.enerjigazetesi.ist\/wp-content\/uploads\/2019\/08\/ipcc-iklim-degisikligi-ve-arazi-kullanimi-ozel-raporu-8-agustosta-aciklaniyor-500x333.jpg 500w, https:\/\/www.enerjigazetesi.ist\/wp-content\/uploads\/2019\/08\/ipcc-iklim-degisikligi-ve-arazi-kullanimi-ozel-raporu-8-agustosta-aciklaniyor-75x50.jpg 75w, https:\/\/www.enerjigazetesi.ist\/wp-content\/uploads\/2019\/08\/ipcc-iklim-degisikligi-ve-arazi-kullanimi-ozel-raporu-8-agustosta-aciklaniyor-450x300.jpg 450w, https:\/\/www.enerjigazetesi.ist\/wp-content\/uploads\/2019\/08\/ipcc-iklim-degisikligi-ve-arazi-kullanimi-ozel-raporu-8-agustosta-aciklaniyor.jpg 732w\" sizes=\"(max-width: 320px) 100vw, 320px\" \/>Rapor hem iklim de\u011fi\u015fikli\u011finin karasal ekosistemeler \u00fczerindeki etkisine hem de mevcut arazi kullan\u0131m y\u00f6ntemlerinin sera gaz\u0131 emisyonlar\u0131n\u0131 ve iklim de\u011fi\u015fikli\u011fini nas\u0131l tetikledi\u011fine dair bilgiler i\u00e7erecek.<\/p>\n<p>Yay\u0131mlanacak Olan\u00a0<span style=\"text-decoration: underline;\">Rapor&#8217;da;<\/span><\/p>\n<p>&#8211; \u0130klim de\u011fi\u015fikli\u011finin \u00e7\u00f6lle\u015fmeyi nas\u0131l artt\u0131rd\u0131\u011f\u0131 ve tar\u0131m ile g\u0131da sistemlerini nas\u0131l etkiledi\u011fi,<\/p>\n<p>&#8211; End\u00fcstriyel tar\u0131mc\u0131l\u0131\u011f\u0131n ve g\u0131da end\u00fcstrisinin nas\u0131l iklim de\u011fi\u015fikli\u011fini tetikledi\u011fini,<\/p>\n<p>&#8211; \u0130klim krizini engellemek i\u00e7in arazi kullan\u0131m\u0131 konusunda ne t\u00fcr ad\u0131mlar at\u0131lmas\u0131 gerekti\u011fine dair bilgileri de yer alacakt\u0131r.<\/p>\n<p><strong>8 A\u011fustos 2019<\/strong>\u2019da kamuoyu ile payla\u015f\u0131lacak olan bu \u00f6zel rapor, T\u00fcrkiye a\u00e7\u0131s\u0131ndan da son derece \u00f6nemli bilgiler i\u00e7eriyor. \u0130klim Haber\u2019in rapora \u00f6zel haz\u0131rlad\u0131\u011f\u0131<a href=\"https:\/\/gscc2.apms5.com\/anywhere\/m?s=gscc2&amp;m=s_cbead581-2c81-418b-86b0-be39e5ebd9ff&amp;u=e1jq4wvfdtfmce1h8gwm8c9m5n23gg9q5mu42dht5mwkgh225mt36c1n6cw3cg9p6gwkj&amp;r2=d1u78w1u5wqqexvq5th6jwk2enhqauv4cnt6arv55thpyv9fc5t62yk9dduprv31dwrpuc90&amp;n=1\"> www.birbucukderece.com\/arazikullan\u0131m\u0131 <\/a>sayfas\u0131nda da g\u00f6r\u00fclebilece\u011fi gibi, iklim de\u011fi\u015fikli\u011fi T\u00fcrkiye\u2019nin i\u00e7indeki bulundu\u011fu co\u011frafyada \u00f6zellikle \u00e7\u00f6lle\u015fme ve <span style=\"text-decoration: underline;\">kurakl\u0131k riskini artt\u0131yor:<\/span><\/p>\n<p>&#8211; \u00c7\u00f6lle\u015fme ile M\u00fccadele \u0130lerleme Raporu, T\u00fcrkiye\u2019nin y\u00fczde 25.5\u2019inin y\u00fcksek, y\u00fczde 53.2\u2019isinin ise orta derecede \u00e7\u00f6lle\u015fme riski ile kar\u015f\u0131 kar\u015f\u0131ya oldu\u011funu ortaya koyuyor. \u0130klim de\u011fi\u015fikli\u011fi bu \u00e7\u00f6lle\u015fme riskini her ge\u00e7en g\u00fcn derinle\u015ftiriyor. IPCC \u0130klim De\u011fi\u015fikli\u011fi ve Arazi \u00d6zel Raporu, bu konu hakk\u0131nda detayl\u0131 bilgiler i\u00e7erecek.<\/p>\n<p>&#8211; \u0130klim de\u011fi\u015fikli\u011finin ayn\u0131 zamanda T\u00fcrkiye\u2019de tar\u0131msal faaliyetleri sekteye u\u011fratt\u0131\u011f\u0131 ve g\u0131da g\u00fcvenli\u011fini tehdit etti\u011fi biliniyor. Raporun bu \u00f6nemli konuda da bilgiler i\u00e7ermesi bekleniyor.<\/p>\n<p>\u0130klim de\u011fi\u015fikli\u011finin, T\u00fcrkiye\u2019de \u00e7\u00f6lle\u015fme, tar\u0131m, g\u0131da g\u00fcvenli\u011fi gibi konular\u0131ndaki etkilerine dair detayl\u0131 bilgiyi, \u0130klim Haber\u2019in yay\u0131na ald\u0131\u011f\u0131 <a href=\"https:\/\/gscc2.apms5.com\/anywhere\/m?s=gscc2&amp;m=s_cbead581-2c81-418b-86b0-be39e5ebd9ff&amp;u=e1jq4wvfdtfmce1h8gwm8c9m5n23gg9q5mu42dht5mwkgh225mt36c1n6cw3cg9p6gwkj&amp;r2=d1u78w1u5wqqexvq5th6jwk2enhqauv4cnt6arv55thpyv9fc5t62yk9dduprv31dwrpuc8&amp;n=2\">www.birbucukderece.com\/arazikullan\u0131m\u0131<\/a> sitesinde g\u00f6rebilirsiniz.<\/p>\n<p>Christian Aid, g\u0131da g\u00fcvenli\u011finin en \u00e7ok tehlikede oldu\u011fu 10 \u00fclkeye dair, A\u00e7l\u0131k Grevi: \u0130klim ve G\u0131da Hasar G\u00f6rebilirlik \u0130ndeksini 6 A\u011fustos\u2019ta a\u00e7\u0131klayacak. Yerel topluluklar IPCC Arazi Raporu\u2019na dair g\u00f6r\u00fc\u015flerini kamuoyu ile 8 A\u011fustos\u2019ta payla\u015facak&#8230;<\/p>\n<p>Sarp ALTINEL \/ Enerji Gazetesi &#8211; <a href=\"mailto:sarp.altinel@enerjigazetesi.ist\" target=\"_blank\" rel=\"noopener\">sarp.altinel@enerjigazetesi.ist<\/a><\/p>","protected":false},"excerpt":{"rendered":"<p>Sorry, this entry is only available in Turkish. For the sake of viewer convenience, the content is shown below in the alternative language. You may click the link to switch the active language. IPCC \u0130klim De\u011fi\u015fikli\u011fi ve Arazi \u00d6zel Raporu, 52 \u00fclkeden 103 \u00f6nde gelen iklim bilimciler taraf\u0131ndan haz\u0131rlanm\u0131\u015f olup iklim de\u011fi\u015fikli\u011fi, arazi, arazi kullan\u0131m\u0131 [&hellip;]<\/p>\n","protected":false},"author":1,"featured_media":96888,"comment_status":"open","ping_status":"open","sticky":false,"template":"","format":"standard","meta":[],"categories":[53,52],"tags":[54770,21919,26559,53325,41159,54771,30503,46773,54773,54769,37032,54772,793],"views":1162,"_links":{"self":[{"href":"https:\/\/www.enerjigazetesi.ist\/en\/wp-json\/wp\/v2\/posts\/96886"}],"collection":[{"href":"https:\/\/www.enerjigazetesi.ist\/en\/wp-json\/wp\/v2\/posts"}],"about":[{"href":"https:\/\/www.enerjigazetesi.ist\/en\/wp-json\/wp\/v2\/types\/post"}],"author":[{"embeddable":true,"href":"https:\/\/www.enerjigazetesi.ist\/en\/wp-json\/wp\/v2\/users\/1"}],"replies":[{"embeddable":true,"href":"https:\/\/www.enerjigazetesi.ist\/en\/wp-json\/wp\/v2\/comments?post=96886"}],"version-history":[{"count":3,"href":"https:\/\/www.enerjigazetesi.ist\/en\/wp-json\/wp\/v2\/posts\/96886\/revisions"}],"predecessor-version":[{"id":96890,"href":"https:\/\/www.enerjigazetesi.ist\/en\/wp-json\/wp\/v2\/posts\/96886\/revisions\/96890"}],"wp:featuredmedia":[{"embeddable":true,"href":"https:\/\/www.enerjigazetesi.ist\/en\/wp-json\/wp\/v2\/media\/96888"}],"wp:attachment":[{"href":"https:\/\/www.enerjigazetesi.ist\/en\/wp-json\/wp\/v2\/media?parent=96886"}],"wp:term":[{"taxonomy":"category","embeddable":true,"href":"https:\/\/www.enerjigazetesi.ist\/en\/wp-json\/wp\/v2\/categories?post=96886"},{"taxonomy":"post_tag","embeddable":true,"href":"https:\/\/www.enerjigazetesi.ist\/en\/wp-json\/wp\/v2\/tags?post=96886"}],"curies":[{"name":"wp","href":"https:\/\/api.w.org\/{rel}","templated":true}]}}