{"id":96698,"date":"2019-07-30T22:26:14","date_gmt":"2019-07-30T19:26:14","guid":{"rendered":"https:\/\/www.enerjigazetesi.ist\/?p=96698"},"modified":"2019-07-30T22:29:08","modified_gmt":"2019-07-30T19:29:08","slug":"trakyada-hayatin-enerjisi-fotograflarla-can-buluyor","status":"publish","type":"post","link":"https:\/\/www.enerjigazetesi.ist\/en\/trakyada-hayatin-enerjisi-fotograflarla-can-buluyor\/","title":{"rendered":"(Turkish) &#8221;Trakya\u2019da Hayat\u0131n Enerjisi&#8221; Foto\u011fraflarla Can Buluyor"},"content":{"rendered":"<p class=\"qtranxs-available-languages-message qtranxs-available-languages-message-en\">Sorry, this entry is only available in <a href=\"https:\/\/www.enerjigazetesi.ist\/tr\/wp-json\/wp\/v2\/posts\/96698\" class=\"qtranxs-available-language-link qtranxs-available-language-link-tr\" title=\"Turkish\">Turkish<\/a>. For the sake of viewer convenience, the content is shown below in the alternative language. You may click the link to switch the active language.<\/p><p><\/p>\n<h1><strong>TREDA\u015e\u2019\u0131n bu y\u0131l 2&#8217;ncisini d\u00fczenledi\u011fi &#8220;Trakya\u2019da Hayat\u0131n Enerjisi&#8221; konulu foto\u011fraf yar\u0131\u015fmas\u0131 Edirne, K\u0131rklareli ve Tekirda\u011f\u2019da \u00e7ekim yapan amat\u00f6r ya da profesyonel olarak foto\u011fraf sanat\u0131na ilgi duyan t\u00fcm yar\u0131\u015fmac\u0131lar\u0131 bir araya getiriyor. Yar\u0131\u015fmaya ba\u015fvuru i\u00e7in son tarih ise 11 Ekim 2019. <\/strong><\/h1>\n<p><img loading=\"lazy\" class=\"alignleft wp-image-96700\" src=\"https:\/\/www.enerjigazetesi.ist\/wp-content\/uploads\/2019\/07\/trakyada-hayatin-enerjisi-fotograflarla-can-buluyor-300x120.jpg\" alt=\"\" width=\"320\" height=\"128\" srcset=\"https:\/\/www.enerjigazetesi.ist\/wp-content\/uploads\/2019\/07\/trakyada-hayatin-enerjisi-fotograflarla-can-buluyor-300x120.jpg 300w, https:\/\/www.enerjigazetesi.ist\/wp-content\/uploads\/2019\/07\/trakyada-hayatin-enerjisi-fotograflarla-can-buluyor-768x307.jpg 768w, https:\/\/www.enerjigazetesi.ist\/wp-content\/uploads\/2019\/07\/trakyada-hayatin-enerjisi-fotograflarla-can-buluyor-1024x410.jpg 1024w, https:\/\/www.enerjigazetesi.ist\/wp-content\/uploads\/2019\/07\/trakyada-hayatin-enerjisi-fotograflarla-can-buluyor-500x200.jpg 500w, https:\/\/www.enerjigazetesi.ist\/wp-content\/uploads\/2019\/07\/trakyada-hayatin-enerjisi-fotograflarla-can-buluyor-80x32.jpg 80w, https:\/\/www.enerjigazetesi.ist\/wp-content\/uploads\/2019\/07\/trakyada-hayatin-enerjisi-fotograflarla-can-buluyor.jpg 1220w\" sizes=\"(max-width: 320px) 100vw, 320px\" \/>Trakya Elektrik Da\u011f\u0131t\u0131m A.\u015e. (TREDA\u015e), bu y\u0131l 2. kez d\u00fczenledi\u011fi \u201cTrakya\u2019da Hayat\u0131n Enerjisi\u201d konulu foto\u011fraf yar\u0131\u015fmas\u0131yla Trakya B\u00f6lgesi\u2019ni konu edinen eserleri de\u011ferlendirmeye alacak. TREDA\u015e\u2019\u0131n amat\u00f6r veya profesyonel foto\u011fraf\u00e7\u0131lar\u0131n eserlerini toplumla payla\u015fmalar\u0131na arac\u0131l\u0131k etti\u011fi yar\u0131\u015fma, T\u00fcrkiye Foto\u011fraf Sanat\u0131 Federasyonu (TFSF) deste\u011fiyle d\u00fczenleniyor. Yar\u0131\u015fmac\u0131lar\u0131n ba\u015fvurular\u0131n\u0131n kabul\u00fc i\u00e7in; Edirne, K\u0131rklareli ya da Tekirda\u011f\u2019da \u00e7ekilmi\u015f bir foto\u011frafla m\u00fcracaat etmi\u015f olmalar\u0131 \u015fart\u0131 aran\u0131yor. Ba\u015fvurular TFSF\u2019nin <a href=\"http:\/\/www.tfsfonayliyarismalar.org\" target=\"_blank\" rel=\"noopener\">www.tfsfonayliyarismalar.org<\/a> web sayfas\u0131ndan yap\u0131labilecek. Kat\u0131l\u0131mc\u0131lar, <strong>11 Ekim Cuma<\/strong> g\u00fcn\u00fc saat <strong>23.00<\/strong>\u2019e kadar ba\u015fvurular\u0131n\u0131 ger\u00e7ekle\u015ftirilebilecek. J\u00fcrinin <strong>18 Ekim<\/strong>\u2019de de\u011ferlendirmesini yapaca\u011f\u0131 yar\u0131\u015fman\u0131n sonu\u00e7lar\u0131 ise, <strong>26 Ekim Cuma<\/strong> g\u00fcn\u00fc a\u00e7\u0131klanacak.<\/p>\n<p>Yar\u0131\u015fman\u0131n j\u00fcri \u00fcyeliklerini; \u0130z TV Genel Yay\u0131n Y\u00f6netmeni Co\u015fkun Aral, Tekirda\u011f Foto\u011fraf Sanat\u0131 Derne\u011fi Ba\u015fkan Yard\u0131mc\u0131s\u0131 Hilmi Baysal ve Foto\u011fraf Sanat\u00e7\u0131s\u0131 Turan Keskin yap\u0131yor.<\/p>","protected":false},"excerpt":{"rendered":"<p>Sorry, this entry is only available in Turkish. For the sake of viewer convenience, the content is shown below in the alternative language. You may click the link to switch the active language. TREDA\u015e\u2019\u0131n bu y\u0131l 2&#8217;ncisini d\u00fczenledi\u011fi &#8220;Trakya\u2019da Hayat\u0131n Enerjisi&#8221; konulu foto\u011fraf yar\u0131\u015fmas\u0131 Edirne, K\u0131rklareli ve Tekirda\u011f\u2019da \u00e7ekim yapan amat\u00f6r ya da profesyonel olarak [&hellip;]<\/p>\n","protected":false},"author":1,"featured_media":96700,"comment_status":"open","ping_status":"open","sticky":false,"template":"","format":"standard","meta":[],"categories":[51,53],"tags":[4419,53114,52259,54599,5001,3955,4513,12369,41526,12370,54600],"views":479,"_links":{"self":[{"href":"https:\/\/www.enerjigazetesi.ist\/en\/wp-json\/wp\/v2\/posts\/96698"}],"collection":[{"href":"https:\/\/www.enerjigazetesi.ist\/en\/wp-json\/wp\/v2\/posts"}],"about":[{"href":"https:\/\/www.enerjigazetesi.ist\/en\/wp-json\/wp\/v2\/types\/post"}],"author":[{"embeddable":true,"href":"https:\/\/www.enerjigazetesi.ist\/en\/wp-json\/wp\/v2\/users\/1"}],"replies":[{"embeddable":true,"href":"https:\/\/www.enerjigazetesi.ist\/en\/wp-json\/wp\/v2\/comments?post=96698"}],"version-history":[{"count":1,"href":"https:\/\/www.enerjigazetesi.ist\/en\/wp-json\/wp\/v2\/posts\/96698\/revisions"}],"predecessor-version":[{"id":96699,"href":"https:\/\/www.enerjigazetesi.ist\/en\/wp-json\/wp\/v2\/posts\/96698\/revisions\/96699"}],"wp:featuredmedia":[{"embeddable":true,"href":"https:\/\/www.enerjigazetesi.ist\/en\/wp-json\/wp\/v2\/media\/96700"}],"wp:attachment":[{"href":"https:\/\/www.enerjigazetesi.ist\/en\/wp-json\/wp\/v2\/media?parent=96698"}],"wp:term":[{"taxonomy":"category","embeddable":true,"href":"https:\/\/www.enerjigazetesi.ist\/en\/wp-json\/wp\/v2\/categories?post=96698"},{"taxonomy":"post_tag","embeddable":true,"href":"https:\/\/www.enerjigazetesi.ist\/en\/wp-json\/wp\/v2\/tags?post=96698"}],"curies":[{"name":"wp","href":"https:\/\/api.w.org\/{rel}","templated":true}]}}