{"id":96502,"date":"2019-07-27T00:43:50","date_gmt":"2019-07-26T21:43:50","guid":{"rendered":"https:\/\/www.enerjigazetesi.ist\/?p=96502"},"modified":"2019-07-27T00:45:35","modified_gmt":"2019-07-26T21:45:35","slug":"abnin-enerjisinin-90ina-yakini-yenilenebilir-enerjiden-saglanacak","status":"publish","type":"post","link":"https:\/\/www.enerjigazetesi.ist\/en\/abnin-enerjisinin-90ina-yakini-yenilenebilir-enerjiden-saglanacak\/","title":{"rendered":"(Turkish) AB\u2019nin Enerjisinin % 90\u2019\u0131na Yak\u0131n\u0131 Yenilenebilir Enerji&#8217;den Sa\u011flanacak"},"content":{"rendered":"<p class=\"qtranxs-available-languages-message qtranxs-available-languages-message-en\">Sorry, this entry is only available in <a href=\"https:\/\/www.enerjigazetesi.ist\/tr\/wp-json\/wp\/v2\/posts\/96502\" class=\"qtranxs-available-language-link qtranxs-available-language-link-tr\" title=\"Turkish\">Turkish<\/a>. For the sake of viewer convenience, the content is shown below in the alternative language. You may click the link to switch the active language.<\/p><p><\/p>\n<h1><strong>Bloomberg New Energy Finance\u2019\u0131n (BNEF) raporuna go\u0308re, yenilenebilir enerji, 2050 y\u0131l\u0131na kadar Avrupa\u2019n\u0131n enerji karmas\u0131n\u0131n y\u00fczde 90\u2019\u0131ndan fazlas\u0131n\u0131 olus\u0327turacak. BNEF bir y\u0131l o\u0308nceki raporunda, yenilenebilir enerjinin 2050 y\u0131l\u0131nda Avrupa\u2019n\u0131n arz\u0131n\u0131n y\u00fczde 87\u2019sini olu\u015fturaca\u011f\u0131n\u0131 belirtmi\u015fti.<\/strong><\/h1>\n<p>\u015eirketin yeni tahminine go\u0308re, bu oran\u0131n y\u00fczde 92 olmas\u0131 bekleniyor. \u015eirket son raporunda, \u201cBu\u0308yu\u0308k Bat\u0131 Avrupa ekonomileri, karbon fiyatland\u0131rmas\u0131 ve gu\u0308c\u0327lu\u0308 politika deste\u011fi sayesinde, dekarbonizasyon <img loading=\"lazy\" class=\"alignleft size-medium wp-image-96504\" src=\"https:\/\/www.enerjigazetesi.ist\/wp-content\/uploads\/2019\/07\/abnin-enerjisinin-90-ina-yakini-yenilenebilir-enerjiden-saglanacak-300x169.jpg\" alt=\"\" width=\"300\" height=\"169\" srcset=\"https:\/\/www.enerjigazetesi.ist\/wp-content\/uploads\/2019\/07\/abnin-enerjisinin-90-ina-yakini-yenilenebilir-enerjiden-saglanacak-300x169.jpg 300w, https:\/\/www.enerjigazetesi.ist\/wp-content\/uploads\/2019\/07\/abnin-enerjisinin-90-ina-yakini-yenilenebilir-enerjiden-saglanacak-768x432.jpg 768w, https:\/\/www.enerjigazetesi.ist\/wp-content\/uploads\/2019\/07\/abnin-enerjisinin-90-ina-yakini-yenilenebilir-enerjiden-saglanacak-500x281.jpg 500w, https:\/\/www.enerjigazetesi.ist\/wp-content\/uploads\/2019\/07\/abnin-enerjisinin-90-ina-yakini-yenilenebilir-enerjiden-saglanacak-80x45.jpg 80w, https:\/\/www.enerjigazetesi.ist\/wp-content\/uploads\/2019\/07\/abnin-enerjisinin-90-ina-yakini-yenilenebilir-enerjiden-saglanacak.jpg 800w\" sizes=\"(max-width: 300px) 100vw, 300px\" \/>konusunda \u015fimdiden o\u0308nemli o\u0308lc\u0327u\u0308de ilerleme kaydetmis\u0327 durumda\u201d dedi.<\/p>\n<p>AB, du\u0308s\u0327u\u0308k karbonlu yeni teknolojilere, yenilenebilir enerjiye, enerji verimlili\u011fine ve s\u0327ebeke alt yap\u0131s\u0131na yap\u0131lan o\u0308nemli yat\u0131r\u0131mlarla, 2050 y\u0131l\u0131na kadar sera gaz\u0131 emisyonlar\u0131n\u0131 1990 seviyelerinin y\u00fczde 80- 95 alt\u0131na du\u0308s\u0327u\u0308rme konusunda uzun vadeli bir hedef belirlemis\u0327 durumda. BNEF, ru\u0308zgar, gu\u0308nes\u0327 ve teknolojisinin maliyetinde \u201co\u0308nemli du\u0308\u015f\u00fc\u015fler\u201d oldu\u011funu, bo\u0308ylece yu\u0308zy\u0131l\u0131n ortas\u0131na kadar du\u0308nya enerji u\u0308retiminin yaklas\u0327\u0131k yar\u0131s\u0131n\u0131 ru\u0308zgar ve gu\u0308nes\u0327in olus\u0327turabileceg\u0306ini so\u0308yledi. Ko\u0308mu\u0308ru\u0308n pay\u0131n\u0131n ise aksine, \u015fu anki y\u00fczde 37\u2019den sadece y\u00fczde 12\u2019ye du\u0308\u015fmesi bekleniyor.<\/p>\n<p>BNEF, elektrik talebinin % 62 artarak, 2018-2050 y\u0131llar\u0131 aras\u0131nda, ku\u0308resel u\u0308retim kapasitesinin<br \/>\nneredeyse u\u0308c\u0327 kat\u0131na c\u0327\u0131kmas\u0131na neden olmas\u0131n\u0131 bekliyor. Bunun ise 13,3 trilyon dolar civar\u0131nda yeni<br \/>\nyat\u0131r\u0131ma neden olaca\u011f\u0131 tahmin ediliyor. Ru\u0308zgar yat\u0131r\u0131mlar\u0131n\u0131n 5.3 trilyon dolar, gu\u0308ne\u015f yat\u0131r\u0131mlar\u0131n\u0131n ise 4.2 trilyon dolar civar\u0131nda olmas\u0131 bekleniyor.<\/p>\n<p>Kaynak:\u00a0<a href=\"http:\/\/www.tenva.org\/wp-content\/uploads\/2013\/08\/EnerjiPanorama-KAPAK-Temmuz-2019-SMALL.pdf\" target=\"_blank\" rel=\"noopener\">Enerji Panorama<\/a><\/p>","protected":false},"excerpt":{"rendered":"<p>Sorry, this entry is only available in Turkish. For the sake of viewer convenience, the content is shown below in the alternative language. You may click the link to switch the active language. Bloomberg New Energy Finance\u2019\u0131n (BNEF) raporuna go\u0308re, yenilenebilir enerji, 2050 y\u0131l\u0131na kadar Avrupa\u2019n\u0131n enerji karmas\u0131n\u0131n y\u00fczde 90\u2019\u0131ndan fazlas\u0131n\u0131 olus\u0327turacak. BNEF bir y\u0131l [&hellip;]<\/p>\n","protected":false},"author":1,"featured_media":96504,"comment_status":"open","ping_status":"open","sticky":false,"template":"","format":"standard","meta":[],"categories":[51,53,49,50],"tags":[2630,4559,33545,19,52259,23416,23133,34925,23131,54348,54349,10368,34977,26829],"views":702,"_links":{"self":[{"href":"https:\/\/www.enerjigazetesi.ist\/en\/wp-json\/wp\/v2\/posts\/96502"}],"collection":[{"href":"https:\/\/www.enerjigazetesi.ist\/en\/wp-json\/wp\/v2\/posts"}],"about":[{"href":"https:\/\/www.enerjigazetesi.ist\/en\/wp-json\/wp\/v2\/types\/post"}],"author":[{"embeddable":true,"href":"https:\/\/www.enerjigazetesi.ist\/en\/wp-json\/wp\/v2\/users\/1"}],"replies":[{"embeddable":true,"href":"https:\/\/www.enerjigazetesi.ist\/en\/wp-json\/wp\/v2\/comments?post=96502"}],"version-history":[{"count":0,"href":"https:\/\/www.enerjigazetesi.ist\/en\/wp-json\/wp\/v2\/posts\/96502\/revisions"}],"wp:featuredmedia":[{"embeddable":true,"href":"https:\/\/www.enerjigazetesi.ist\/en\/wp-json\/wp\/v2\/media\/96504"}],"wp:attachment":[{"href":"https:\/\/www.enerjigazetesi.ist\/en\/wp-json\/wp\/v2\/media?parent=96502"}],"wp:term":[{"taxonomy":"category","embeddable":true,"href":"https:\/\/www.enerjigazetesi.ist\/en\/wp-json\/wp\/v2\/categories?post=96502"},{"taxonomy":"post_tag","embeddable":true,"href":"https:\/\/www.enerjigazetesi.ist\/en\/wp-json\/wp\/v2\/tags?post=96502"}],"curies":[{"name":"wp","href":"https:\/\/api.w.org\/{rel}","templated":true}]}}