{"id":96444,"date":"2019-07-26T00:15:16","date_gmt":"2019-07-25T21:15:16","guid":{"rendered":"https:\/\/www.enerjigazetesi.ist\/?p=96444"},"modified":"2019-07-26T00:18:57","modified_gmt":"2019-07-25T21:18:57","slug":"ald-2020de-elektrikli-ve-hibrit-arac-sayisini-200-binin-uzerine-cikaracak","status":"publish","type":"post","link":"https:\/\/www.enerjigazetesi.ist\/en\/ald-2020de-elektrikli-ve-hibrit-arac-sayisini-200-binin-uzerine-cikaracak\/","title":{"rendered":"(Turkish) ALD 2020\u2019de Elektrikli ve Hibrit Ara\u00e7 Say\u0131s\u0131n\u0131 200 Binin \u00dczerine \u00c7\u0131karacak"},"content":{"rendered":"<p class=\"qtranxs-available-languages-message qtranxs-available-languages-message-en\">Sorry, this entry is only available in <a href=\"https:\/\/www.enerjigazetesi.ist\/tr\/wp-json\/wp\/v2\/posts\/96444\" class=\"qtranxs-available-language-link qtranxs-available-language-link-tr\" title=\"Turkish\">Turkish<\/a>. For the sake of viewer convenience, the content is shown below in the alternative language. You may click the link to switch the active language.<\/p><p><\/p>\n<h1><strong>ALD Automotive T\u00fcrkiye, Toyota T\u00fcrkiye i\u015fbirli\u011fiyle m\u00fc\u015fterileri i\u00e7in \u00f6zel bir \u201dHibrit Etkinli\u011fi\u201c d\u00fczenledi. ALD Automotive, 2&#8217;inci kez d\u00fczenledi\u011fi &#8220;Hibrit Etkinli\u011fi&#8221; ile alternatif g\u00fc\u00e7 aktar\u0131m teknolojileri konusundaki fark\u0131ndal\u0131\u011f\u0131 artt\u0131rmay\u0131 ve karbon sal\u0131n\u0131m\u0131 ile yak\u0131t t\u00fcketimini azaltman\u0131n \u00f6nemini vurgulamay\u0131 ama\u00e7lad\u0131.<\/strong><\/h1>\n<p>ALD Automotive T\u00fcrkiye, m\u00fc\u015fterilerini hibrit ara\u00e7lar konusunda bilin\u00e7lendirmek, karbon ayak izini d\u00fc\u015f\u00fcrmenin \u00f6nemine dikkat \u00e7ekmek amac\u0131yla Toyota T\u00fcrkiye i\u015fbirli\u011fiyle, m\u00fc\u015fterilerinin kat\u0131ld\u0131\u011f\u0131 \u00f6zel bir \u201cHibrit Etkinli\u011fi\u201d ger\u00e7ekle\u015ftirdi. Etkinli\u011fe kat\u0131lanlar Corolla, CH-R, RAV4 ve Lexus RX modelleri de <img loading=\"lazy\" class=\"alignleft wp-image-96446\" src=\"https:\/\/www.enerjigazetesi.ist\/wp-content\/uploads\/2019\/07\/ald-2020de-elektrikli-ve-hibrit-arac-sayisini-200-binin-uzerine-cikaracak1-300x169.jpg\" alt=\"\" width=\"320\" height=\"180\" srcset=\"https:\/\/www.enerjigazetesi.ist\/wp-content\/uploads\/2019\/07\/ald-2020de-elektrikli-ve-hibrit-arac-sayisini-200-binin-uzerine-cikaracak1-300x169.jpg 300w, https:\/\/www.enerjigazetesi.ist\/wp-content\/uploads\/2019\/07\/ald-2020de-elektrikli-ve-hibrit-arac-sayisini-200-binin-uzerine-cikaracak1-768x432.jpg 768w, https:\/\/www.enerjigazetesi.ist\/wp-content\/uploads\/2019\/07\/ald-2020de-elektrikli-ve-hibrit-arac-sayisini-200-binin-uzerine-cikaracak1-500x281.jpg 500w, https:\/\/www.enerjigazetesi.ist\/wp-content\/uploads\/2019\/07\/ald-2020de-elektrikli-ve-hibrit-arac-sayisini-200-binin-uzerine-cikaracak1-80x45.jpg 80w, https:\/\/www.enerjigazetesi.ist\/wp-content\/uploads\/2019\/07\/ald-2020de-elektrikli-ve-hibrit-arac-sayisini-200-binin-uzerine-cikaracak1.jpg 868w\" sizes=\"(max-width: 320px) 100vw, 320px\" \/>dahil olmak \u00fczere Toyota ve Lexus\u2019un t\u00fcm hibrit portf\u00f6y\u00fcyle \u0130stanbul ile Adapazar\u0131 aras\u0131nda test s\u00fcr\u00fc\u015f\u00fc yapma f\u0131rsat\u0131n\u0131 yakalad\u0131. Kat\u0131l\u0131mc\u0131lar, Toyota&#8217;n\u0131n Corolla ve CH-R modellerinde d\u00fcnya \u00e7ap\u0131ndaki hibrit \u00fcretim tesisi olarak konumlanan Adapazar\u0131 fabrikas\u0131n\u0131 da ziyaret ederek hibrit teknolojiler konusunda merak ettikleri sorular\u0131n yan\u0131tlar\u0131n\u0131 ald\u0131. ALD Automotive T\u00fcrkiye, fark\u0131ndal\u0131k artt\u0131ran kampanyalar\u0131na devam etmek, filo m\u00fc\u015fterilerini ye\u015fil ara\u00e7 kullan\u0131m\u0131na te\u015fvik etmek, \u00e7evreye duyarl\u0131 kalmalar\u0131n\u0131 sa\u011flayarak orta vadede maliyet azaltma f\u0131rsatlar\u0131 yaratmaya katk\u0131da bulunmak i\u00e7in gelecek aylarda ba\u015fka etkinlikler de organize etmeyi planl\u0131yor.<\/p>\n<p>Ger\u00e7ekle\u015fen bu \u00f6zel etkinlik, ALD Automotive&#8217;in d\u00fcnya \u00e7ap\u0131nda uygulad\u0131\u011f\u0131 kurumsal sosyal sorumluluk stratejisini de destekliyor. 2018 y\u0131lsonu itibar\u0131yla t\u00fcm d\u00fcnyada filosunda 102 bin elektrikli ve hibrit ara\u00e7 bulunan ALD Automotive, filo yak\u0131t t\u00fcketimini ve CO2 sal\u0131n\u0131m\u0131n\u0131 daha da azaltmay\u0131, 2020 y\u0131l\u0131nda d\u00fc\u015f\u00fck sal\u0131n\u0131ml\u0131 ara\u00e7 say\u0131lar\u0131n\u0131 ikiye katlayarak k\u00fcresel filosundaki elektrikli ve hibrit ara\u00e7lar\u0131n say\u0131s\u0131n\u0131 200 binin \u00fczerine \u00e7\u0131karmay\u0131 ama\u00e7l\u0131yor.<\/p>\n<p>ALD Automotive&#8217;in filosunda karbon sal\u0131n\u0131m\u0131, 2011&#8217;den beri k\u00fcresel seviyede s\u00fcrekli olarak azal\u0131yor. 2018 y\u0131lsonu verileri, ortalama 119 g\/km&#8217;lik bir karbon sal\u0131n\u0131m\u0131 oldu\u011funu g\u00f6steriyor. Bu durum 2016 aktif filosuna k\u0131yasla 3g\/km&#8217;lik bir iyile\u015fme anlam\u0131na geliyor. \u015eirket, orta vadede karbon ayak izini 110 g\/km&#8217;ye d\u00fc\u015f\u00fcrmeyi ama\u00e7l\u0131yor.<\/p>\n<p>Bu ge\u00e7i\u015fi daha fazla desteklemek isteyen ALD Automotive, ge\u00e7en y\u0131l ye\u015fil filosunu finanse etmek i\u00e7in ilk pozitif etki bonosunu ba\u015far\u0131yla ihra\u00e7 etti. 500 milyon euro de\u011ferinde 4 y\u0131l sabit oranl\u0131 \u00f6ncelikli tahvil, \u015fu anda sadece uygun ara\u00e7lar\u0131n finanse edilmesi i\u00e7in kullan\u0131l\u0131yor. Bu ihra\u00e7, \u015firketin temiz ta\u015f\u0131mac\u0131l\u0131\u011fa yat\u0131r\u0131m yapmak ve d\u00fc\u015f\u00fck karbonlu bir gelece\u011fe ge\u00e7i\u015fi te\u015fvik etmek amac\u0131yla yenilik\u00e7i finansal \u00e7\u00f6z\u00fcmler bulma konusundaki taahh\u00fcd\u00fcn\u00fc de kan\u0131tl\u0131yor.<\/p>","protected":false},"excerpt":{"rendered":"<p>Sorry, this entry is only available in Turkish. For the sake of viewer convenience, the content is shown below in the alternative language. You may click the link to switch the active language. ALD Automotive T\u00fcrkiye, Toyota T\u00fcrkiye i\u015fbirli\u011fiyle m\u00fc\u015fterileri i\u00e7in \u00f6zel bir \u201dHibrit Etkinli\u011fi\u201c d\u00fczenledi. ALD Automotive, 2&#8217;inci kez d\u00fczenledi\u011fi &#8220;Hibrit Etkinli\u011fi&#8221; ile alternatif [&hellip;]<\/p>\n","protected":false},"author":1,"featured_media":96448,"comment_status":"open","ping_status":"open","sticky":false,"template":"","format":"standard","meta":[],"categories":[51,53],"tags":[54302,54304,28513,54312,54305,12310,25473,35236,51110,54313,52259,54311,54303,54308,54309,76,11525,54307,54306,13382,1293,54314,54310],"views":433,"_links":{"self":[{"href":"https:\/\/www.enerjigazetesi.ist\/en\/wp-json\/wp\/v2\/posts\/96444"}],"collection":[{"href":"https:\/\/www.enerjigazetesi.ist\/en\/wp-json\/wp\/v2\/posts"}],"about":[{"href":"https:\/\/www.enerjigazetesi.ist\/en\/wp-json\/wp\/v2\/types\/post"}],"author":[{"embeddable":true,"href":"https:\/\/www.enerjigazetesi.ist\/en\/wp-json\/wp\/v2\/users\/1"}],"replies":[{"embeddable":true,"href":"https:\/\/www.enerjigazetesi.ist\/en\/wp-json\/wp\/v2\/comments?post=96444"}],"version-history":[{"count":0,"href":"https:\/\/www.enerjigazetesi.ist\/en\/wp-json\/wp\/v2\/posts\/96444\/revisions"}],"wp:featuredmedia":[{"embeddable":true,"href":"https:\/\/www.enerjigazetesi.ist\/en\/wp-json\/wp\/v2\/media\/96448"}],"wp:attachment":[{"href":"https:\/\/www.enerjigazetesi.ist\/en\/wp-json\/wp\/v2\/media?parent=96444"}],"wp:term":[{"taxonomy":"category","embeddable":true,"href":"https:\/\/www.enerjigazetesi.ist\/en\/wp-json\/wp\/v2\/categories?post=96444"},{"taxonomy":"post_tag","embeddable":true,"href":"https:\/\/www.enerjigazetesi.ist\/en\/wp-json\/wp\/v2\/tags?post=96444"}],"curies":[{"name":"wp","href":"https:\/\/api.w.org\/{rel}","templated":true}]}}