{"id":9643,"date":"2013-04-15T10:26:52","date_gmt":"2013-04-15T07:26:52","guid":{"rendered":"https:\/\/www.enerjigazetesi.ist\/?p=9643"},"modified":"2013-04-15T10:26:52","modified_gmt":"2013-04-15T07:26:52","slug":"turkiye-artik-enerji-ussu-olmali","status":"publish","type":"post","link":"https:\/\/www.enerjigazetesi.ist\/en\/turkiye-artik-enerji-ussu-olmali\/","title":{"rendered":"(Turkish) T\u00fcrkiye Art\u0131k Enerji \u00dcss\u00fc Olmal\u0131!&#8221;"},"content":{"rendered":"<p class=\"qtranxs-available-languages-message qtranxs-available-languages-message-en\">Sorry, this entry is only available in <a href=\"https:\/\/www.enerjigazetesi.ist\/tr\/wp-json\/wp\/v2\/posts\/9643\" class=\"qtranxs-available-language-link qtranxs-available-language-link-tr\" title=\"Turkish\">Turkish<\/a>. For the sake of viewer convenience, the content is shown below in the alternative language. You may click the link to switch the active language.<\/p><p><strong>Bayegan Grubu Y\u00f6netim Kurulu Ba\u015fkan\u0131 Erc\u00fcment Bayegan, petrol\u00fcn g\u00fcvenli\u011fi i\u00e7in T\u00fcrkiye&#8217;nin art\u0131k bir enerji \u00fcss\u00fc olmas\u0131 gerekti\u011fini s\u00f6yledi.<\/strong><\/p>\n<p>Marmara Grubu\u2019nca d\u00fczenlenen 16. Avrasya Ekonomi Zirvesi\u2019nin enerji oturumunda, Bayegan Grubu Y\u00f6netim Kurulu Ba\u015fkan\u0131 Erc\u00fcment Bayegan yapt\u0131\u011f\u0131 konu\u015fmada, T\u00fcrkiye\u2019nin stratejik konumununun daha iyi de\u011ferlendirilmesine de\u011finirken, \u201cK\u00f6pr\u00fc vazifesi yan\u0131nda bir depolama, i\u015fleme ve da\u011f\u0131t\u0131m merkezi olma y\u00f6n\u00fcnde h\u0131zla ilerliyoruz\u201d dedi.<\/p>\n<div>D\u00fcnya haritas\u0131ndan Amerika\u2019n\u0131n \u00e7\u0131kar\u0131lmas\u0131 d\u00fc\u015f\u00fcn\u00fcld\u00fc\u011f\u00fcnde, T\u00fcrkiye\u2019nin d\u00fcnyan\u0131n merkezi konumunda olaca\u011f\u0131na, dikkatleri \u00e7eken Bayegan s\u00f6zlerine \u015f\u00f6yle devam etti: \u201cAsya, Avrupa, Afrika bu 3 dev k\u0131tan\u0131n tam ortas\u0131nda olan bu 3 yan\u0131 denizlerle \u00e7evrili \u00fclke tam anlam\u0131yla bir ticaret cenneti. Bu lojistik kuvvet bug\u00fcn bu \u00fclkenin en \u00f6nemli g\u00f6stergelerinden biri.\u201d<\/div>\n<div><\/div>\n<div><a href=\"https:\/\/www.enerjigazetesi.ist\/wp-content\/uploads\/2013\/04\/turkiye-enerji-ussu-olmali.jpg\"><img loading=\"lazy\" class=\"alignleft size-medium wp-image-9644\" title=\"turkiye-enerji-ussu-olmali\" src=\"https:\/\/www.enerjigazetesi.ist\/wp-content\/uploads\/2013\/04\/turkiye-enerji-ussu-olmali-300x194.jpg\" alt=\"\" width=\"300\" height=\"194\" srcset=\"https:\/\/www.enerjigazetesi.ist\/wp-content\/uploads\/2013\/04\/turkiye-enerji-ussu-olmali-300x194.jpg 300w, https:\/\/www.enerjigazetesi.ist\/wp-content\/uploads\/2013\/04\/turkiye-enerji-ussu-olmali-500x324.jpg 500w, https:\/\/www.enerjigazetesi.ist\/wp-content\/uploads\/2013\/04\/turkiye-enerji-ussu-olmali-76x50.jpg 76w, https:\/\/www.enerjigazetesi.ist\/wp-content\/uploads\/2013\/04\/turkiye-enerji-ussu-olmali.jpg 565w\" sizes=\"(max-width: 300px) 100vw, 300px\" \/><\/a>D\u00fcnya Enerji Konseyi\u2019nin, petrol talebinin artaca\u011f\u0131, varil fiyatlar\u0131n\u0131n \u00e7ok y\u00fckselece\u011fi ve ithalat\u00e7\u0131 durumunda olan \u00fclkelerin zorlanaca\u011f\u0131, 2017 y\u0131l\u0131nda en \u00e7ok kullan\u0131lan enerji kayna\u011f\u0131n\u0131n k\u00f6m\u00fcr olaca\u011f\u0131 ve 2030 y\u0131l\u0131na kadar 60 n\u00fckleer santral projesinin planland\u0131\u011f\u0131n\u0131 \u00f6ng\u00f6rd\u00fc\u011f\u00fcn\u00fc belirten Erc\u00fcment Bayegan, konu\u015fmas\u0131n\u0131 \u015f\u00f6yle s\u00fcrd\u00fcrd\u00fc:<\/div>\n<div><\/div>\n<div>\u201c2035 y\u0131l\u0131nda 2010 y\u0131l\u0131na g\u00f6re d\u00fcnyadaki toplam birincil enerji arz\u0131n\u0131n y\u00fczde 47 oran\u0131nda artaca\u011f\u0131 hesaplan\u0131rken T\u00fcrkiye\u2019de toplam birinci enerji arz\u0131n\u0131n y\u00fczde 117 artaca\u011f\u0131 hesapland\u0131. Bu de\u011ferlerin, d\u00fcnyan\u0131n ilk 10\u2019unda olmay\u0131 hedefleyen bir \u00fclke i\u00e7in son derece olumlu de\u011ferler olarak g\u00f6r\u00fclmesi gerekti\u011fi kaydedildi. Ancak 1990-2011 y\u0131llar\u0131 aras\u0131ndaki 21 y\u0131l incelendi\u011finde enerjide d\u0131\u015fa ba\u011f\u0131ml\u0131l\u0131\u011f\u0131n, birincil enerji arz\u0131nda y\u00fczde 52\u2019den y\u00fczde 72\u2019ye y\u00fckselmi\u015f olmas\u0131n\u0131n \u00f6nemli bir risk olu\u015fturdu\u011funa dikkat \u00e7ekildi.<\/div>\n<div><\/div>\n<div>T\u00fcrkiye\u2019nin d\u0131\u015f ticaret a\u00e7\u0131\u011f\u0131n\u0131n y\u00fczde 72\u2019si enerji ithalat\u0131ndan kaynaklanm\u0131\u015ft\u0131r. 2012 y\u0131l\u0131ndaki T\u00fcrkiye\u2019nin enerji ithalat y\u00fczde 13.7 art\u0131\u015fla 54 milyar dolara uluslaras\u0131 ithalat ihracat fark\u0131n\u0131n giderek artmas\u0131na yol a\u00e7m\u0131\u015ft\u0131r&#8221;.<\/div>\n<div><\/div>\n<div>Oturumun a\u00e7\u0131l\u0131\u015f konu\u015fmas\u0131n\u0131 yapan Yunanistan\u2019\u0131n eski D\u0131\u015fi\u015fleri Bakan\u0131 Dora Bakoyann\u0131s de, Yunanistan ve T\u00fcrkiye\u2019nin enerji yollar\u0131n\u0131n kurulmas\u0131 ve g\u00fcvenli\u011finde, i\u015fbirli\u011fi ve ortak projeler yapmalar\u0131 gere\u011fi \u00fczerinde durdu.<\/div>\n<div><\/div>\n<div>Kaynak: <a href=\"http:\/\/www.iha.com.tr\/turkiye-enerji-ussu-olmali-272135-haber\" target=\"_blank\">\u0130HA<\/a><\/div>\n<p><\/p>","protected":false},"excerpt":{"rendered":"<p>Sorry, this entry is only available in Turkish. For the sake of viewer convenience, the content is shown below in the alternative language. You may click the link to switch the active language.Bayegan Grubu Y\u00f6netim Kurulu Ba\u015fkan\u0131 Erc\u00fcment Bayegan, petrol\u00fcn g\u00fcvenli\u011fi i\u00e7in T\u00fcrkiye&#8217;nin art\u0131k bir enerji \u00fcss\u00fc olmas\u0131 gerekti\u011fini s\u00f6yledi. Marmara Grubu\u2019nca d\u00fczenlenen 16. Avrasya [&hellip;]<\/p>\n","protected":false},"author":1,"featured_media":9644,"comment_status":"open","ping_status":"open","sticky":false,"template":"","format":"standard","meta":[],"categories":[53,44],"tags":[2523,63,1238,67,4486,4485,4484,846],"views":1534,"_links":{"self":[{"href":"https:\/\/www.enerjigazetesi.ist\/en\/wp-json\/wp\/v2\/posts\/9643"}],"collection":[{"href":"https:\/\/www.enerjigazetesi.ist\/en\/wp-json\/wp\/v2\/posts"}],"about":[{"href":"https:\/\/www.enerjigazetesi.ist\/en\/wp-json\/wp\/v2\/types\/post"}],"author":[{"embeddable":true,"href":"https:\/\/www.enerjigazetesi.ist\/en\/wp-json\/wp\/v2\/users\/1"}],"replies":[{"embeddable":true,"href":"https:\/\/www.enerjigazetesi.ist\/en\/wp-json\/wp\/v2\/comments?post=9643"}],"version-history":[{"count":1,"href":"https:\/\/www.enerjigazetesi.ist\/en\/wp-json\/wp\/v2\/posts\/9643\/revisions"}],"predecessor-version":[{"id":9645,"href":"https:\/\/www.enerjigazetesi.ist\/en\/wp-json\/wp\/v2\/posts\/9643\/revisions\/9645"}],"wp:featuredmedia":[{"embeddable":true,"href":"https:\/\/www.enerjigazetesi.ist\/en\/wp-json\/wp\/v2\/media\/9644"}],"wp:attachment":[{"href":"https:\/\/www.enerjigazetesi.ist\/en\/wp-json\/wp\/v2\/media?parent=9643"}],"wp:term":[{"taxonomy":"category","embeddable":true,"href":"https:\/\/www.enerjigazetesi.ist\/en\/wp-json\/wp\/v2\/categories?post=9643"},{"taxonomy":"post_tag","embeddable":true,"href":"https:\/\/www.enerjigazetesi.ist\/en\/wp-json\/wp\/v2\/tags?post=9643"}],"curies":[{"name":"wp","href":"https:\/\/api.w.org\/{rel}","templated":true}]}}