{"id":96355,"date":"2019-07-24T13:25:40","date_gmt":"2019-07-24T10:25:40","guid":{"rendered":"https:\/\/www.enerjigazetesi.ist\/?p=96355"},"modified":"2019-07-24T13:28:55","modified_gmt":"2019-07-24T10:28:55","slug":"pronet-akilli-priz-yuksek-gelen-elektrik-faturasinin-onune-geciyor","status":"publish","type":"post","link":"https:\/\/www.enerjigazetesi.ist\/en\/pronet-akilli-priz-yuksek-gelen-elektrik-faturasinin-onune-geciyor\/","title":{"rendered":"(Turkish) Pronet Ak\u0131ll\u0131 Priz, Y\u00fcksek Gelen Elektrik Faturas\u0131n\u0131n \u00d6n\u00fcne Ge\u00e7iyor"},"content":{"rendered":"<p class=\"qtranxs-available-languages-message qtranxs-available-languages-message-en\">Sorry, this entry is only available in <a href=\"https:\/\/www.enerjigazetesi.ist\/tr\/wp-json\/wp\/v2\/posts\/96355\" class=\"qtranxs-available-language-link qtranxs-available-language-link-tr\" title=\"Turkish\">Turkish<\/a>. For the sake of viewer convenience, the content is shown below in the alternative language. You may click the link to switch the active language.<\/p><p><\/p>\n<h2><strong>Son d\u00f6nemde elektri\u011fe gelen zamlar\u0131n ard\u0131ndan enerji tasarrufu daha da \u00f6nem kazand\u0131. Pronet Plus Ak\u0131ll\u0131 G\u00fcvenlik Sistemi ile entegre \u00e7al\u0131\u015fan Ak\u0131ll\u0131 Priz, hem g\u00fcvenlik hem de tasarrufu birarada sunuyor. Ak\u0131ll\u0131 Priz\u2019e ba\u011fl\u0131 olan cihaz\u0131n ne kadar enerji harcad\u0131\u011f\u0131 sistem \u00fczerinden kolayca izlenebiliyor. Enerji \u00f6l\u00e7\u00fcm \u00f6zelli\u011fi sayesinde ay sonunda y\u00fcksek gelen elektrik faturas\u0131n\u0131n sebebinin hangi cihaz oldu\u011funu tespit edebilen Ak\u0131ll\u0131 Priz, g\u00fcvenli\u011fi de \u00fcst seviyeye ta\u015f\u0131yor. Ak\u0131l\u0131 Priz ile evden \u00e7\u0131kt\u0131ktan sonra akla gelen, \u201c\u00fct\u00fcy\u00fc fi\u015ften \u00e7ektim mi, kahve makinas\u0131n\u0131 kapatt\u0131m m\u0131\u201d gibi sorular tarihe kar\u0131\u015f\u0131yor. Kullan\u0131c\u0131lar evden \u00e7\u0131kt\u0131ktan sonra sistemi Pronet Plus ile <img loading=\"lazy\" class=\"alignright wp-image-96357\" src=\"https:\/\/www.enerjigazetesi.ist\/wp-content\/uploads\/2019\/07\/pronet-akilli-priz-yuksek-gelen-elektrik-faturasinin-onune-geciyor.jpg\" alt=\"\" width=\"320\" height=\"213\" srcset=\"https:\/\/www.enerjigazetesi.ist\/wp-content\/uploads\/2019\/07\/pronet-akilli-priz-yuksek-gelen-elektrik-faturasinin-onune-geciyor.jpg 732w, https:\/\/www.enerjigazetesi.ist\/wp-content\/uploads\/2019\/07\/pronet-akilli-priz-yuksek-gelen-elektrik-faturasinin-onune-geciyor-300x200.jpg 300w, https:\/\/www.enerjigazetesi.ist\/wp-content\/uploads\/2019\/07\/pronet-akilli-priz-yuksek-gelen-elektrik-faturasinin-onune-geciyor-500x333.jpg 500w, https:\/\/www.enerjigazetesi.ist\/wp-content\/uploads\/2019\/07\/pronet-akilli-priz-yuksek-gelen-elektrik-faturasinin-onune-geciyor-75x50.jpg 75w, https:\/\/www.enerjigazetesi.ist\/wp-content\/uploads\/2019\/07\/pronet-akilli-priz-yuksek-gelen-elektrik-faturasinin-onune-geciyor-450x300.jpg 450w\" sizes=\"(max-width: 320px) 100vw, 320px\" \/>cep telefonu \u00fczerinden kontrol ederek, prize gelen elektrik ak\u0131\u015f\u0131n\u0131 kesiyor. <\/strong><\/h2>\n<p>Son d\u00f6nemde elektri\u011fe gelen zamlar\u0131n ard\u0131ndan enerji tasarrufu daha da \u00f6nem kazand\u0131. Pronet Plus Ak\u0131ll\u0131 G\u00fcvenlik Sistemi ile entegre \u00e7al\u0131\u015fan Ak\u0131ll\u0131 Priz, hem g\u00fcvenlik hem de tasarrufu birarada sunuyor. Ak\u0131ll\u0131 Priz\u2019e ba\u011fl\u0131 olan cihaz\u0131n ne kadar enerji harcad\u0131\u011f\u0131 sistem \u00fczerinden kolayca izlenebiliyor. Enerji \u00f6l\u00e7\u00fcm \u00f6zelli\u011fi sayesinde ay sonunda y\u00fcksek gelen elektrik faturas\u0131n\u0131n sebebinin hangi cihaz oldu\u011fu tespit edilebiliyor. Kullan\u0131m al\u0131\u015fkanl\u0131klar\u0131 bu verilere g\u00f6re yeniden d\u00fczenlenebiliyor.<\/p>\n<p>Ak\u0131ll\u0131 Priz\u2019in sundu\u011fu \u00e7\u00f6z\u00fcm yaln\u0131zca tasarrufla s\u0131n\u0131rl\u0131 de\u011fil. G\u00fcnl\u00fck hayatta yo\u011funluk nedeniyle \u00e7o\u011fu ki\u015fi bazen dalg\u0131nl\u0131k yapabiliyor. Evden \u00e7\u0131kt\u0131ktan sonra, \u201c\u00fct\u00fcy\u00fc fi\u015ften \u00e7ektim mi, kahve makinas\u0131n\u0131 kapatt\u0131m m\u0131\u201d gibi sorular akla gelince, \u00e7o\u011fu zaman onca yolu geri gidip evi kontrol etti\u011fimiz bile oluyor. Ak\u0131ll\u0131 Priz \u00e7\u00f6z\u00fcm\u00fc, sundu\u011fu teknolojik kolayl\u0131kla, bu gibi yang\u0131n tehlikesi ta\u015f\u0131yan durumlar\u0131n \u00f6n\u00fcne ge\u00e7ilmesine de imkan tan\u0131yor. Ak\u0131ll\u0131 Priz kullan\u0131c\u0131lar\u0131 evden \u00e7\u0131kt\u0131ktan sonra sistemi Pronet Plus ile cep telefonu \u00fczerinden kontrol ederek, prize gelen elektrik ak\u0131\u015f\u0131n\u0131 kesiyor.<\/p>\n<p>Pronet\u2019in \u201cak\u0131ll\u0131\u201d ailesinin \u00fcyesi Ak\u0131ll\u0131 Priz, Pronet Plus kapsam\u0131ndaki di\u011fer ak\u0131ll\u0131 g\u00fcvenlik \u00e7\u00f6z\u00fcmleri gibi, kullan\u0131c\u0131lar\u0131n g\u00fcnl\u00fck hayat senaryolar\u0131na g\u00f6re ki\u015fiselle\u015ftirilebiliyor. B\u00f6ylece kullan\u0131c\u0131lar\u0131n akl\u0131 evlerinde kalm\u0131yor, i\u00e7leri hep rahat ediyor.<\/p>","protected":false},"excerpt":{"rendered":"<p>Sorry, this entry is only available in Turkish. For the sake of viewer convenience, the content is shown below in the alternative language. You may click the link to switch the active language. Son d\u00f6nemde elektri\u011fe gelen zamlar\u0131n ard\u0131ndan enerji tasarrufu daha da \u00f6nem kazand\u0131. Pronet Plus Ak\u0131ll\u0131 G\u00fcvenlik Sistemi ile entegre \u00e7al\u0131\u015fan Ak\u0131ll\u0131 Priz, [&hellip;]<\/p>\n","protected":false},"author":1,"featured_media":96357,"comment_status":"open","ping_status":"open","sticky":false,"template":"","format":"standard","meta":[],"categories":[51,53],"tags":[54218,14188,130,54219,13762,52259,35423,54217,54220,54216],"views":541,"_links":{"self":[{"href":"https:\/\/www.enerjigazetesi.ist\/en\/wp-json\/wp\/v2\/posts\/96355"}],"collection":[{"href":"https:\/\/www.enerjigazetesi.ist\/en\/wp-json\/wp\/v2\/posts"}],"about":[{"href":"https:\/\/www.enerjigazetesi.ist\/en\/wp-json\/wp\/v2\/types\/post"}],"author":[{"embeddable":true,"href":"https:\/\/www.enerjigazetesi.ist\/en\/wp-json\/wp\/v2\/users\/1"}],"replies":[{"embeddable":true,"href":"https:\/\/www.enerjigazetesi.ist\/en\/wp-json\/wp\/v2\/comments?post=96355"}],"version-history":[{"count":0,"href":"https:\/\/www.enerjigazetesi.ist\/en\/wp-json\/wp\/v2\/posts\/96355\/revisions"}],"wp:featuredmedia":[{"embeddable":true,"href":"https:\/\/www.enerjigazetesi.ist\/en\/wp-json\/wp\/v2\/media\/96357"}],"wp:attachment":[{"href":"https:\/\/www.enerjigazetesi.ist\/en\/wp-json\/wp\/v2\/media?parent=96355"}],"wp:term":[{"taxonomy":"category","embeddable":true,"href":"https:\/\/www.enerjigazetesi.ist\/en\/wp-json\/wp\/v2\/categories?post=96355"},{"taxonomy":"post_tag","embeddable":true,"href":"https:\/\/www.enerjigazetesi.ist\/en\/wp-json\/wp\/v2\/tags?post=96355"}],"curies":[{"name":"wp","href":"https:\/\/api.w.org\/{rel}","templated":true}]}}