{"id":96340,"date":"2019-07-24T11:59:36","date_gmt":"2019-07-24T08:59:36","guid":{"rendered":"https:\/\/www.enerjigazetesi.ist\/?p=96340"},"modified":"2019-07-24T12:20:10","modified_gmt":"2019-07-24T09:20:10","slug":"shellin-asya-pasifikteki-yeni-enerji-cozumlerini-yigit-guven-gelistirecek","status":"publish","type":"post","link":"https:\/\/www.enerjigazetesi.ist\/en\/shellin-asya-pasifikteki-yeni-enerji-cozumlerini-yigit-guven-gelistirecek\/","title":{"rendered":"(Turkish) Shell\u2019in Asya Pasifik&#8217;teki Yeni Enerji \u00c7\u00f6z\u00fcmlerini &#8216;Yi\u011fit G\u00fcven&#8217; Geli\u015ftirecek"},"content":{"rendered":"<p class=\"qtranxs-available-languages-message qtranxs-available-languages-message-en\">Sorry, this entry is only available in <a href=\"https:\/\/www.enerjigazetesi.ist\/tr\/wp-json\/wp\/v2\/posts\/96340\" class=\"qtranxs-available-language-link qtranxs-available-language-link-tr\" title=\"Turkish\">Turkish<\/a>. For the sake of viewer convenience, the content is shown below in the alternative language. You may click the link to switch the active language.<\/p><p><\/p>\n<h1><strong>D\u00fcnyan\u0131n \u00f6nde gelen uluslararas\u0131 enerji \u015firketlerinden Shell\u2019in Asya Pasifik B\u00f6lgesi\u2019ndeki yeni enerji \u00e7\u00f6z\u00fcmlerini Yi\u011fit G\u00fcven geli\u015ftirecek.<\/strong><\/h1>\n<p><strong>Shell, Yeni Enerjiler (New Energies), Avrupa Entegre Enerji \u00c7\u00f6z\u00fcmleri &#8211; \u00dcr\u00fcnler B\u00f6l\u00fcm Ba\u015fkan\u0131\u00a0<\/strong>olarak g\u00f6rev yapan <strong>Yi\u011fit G\u00fcven\u2019i,<\/strong> bu y\u0131l sat\u0131n ald\u0131klar\u0131 Alman yenilenebilir enerji <img loading=\"lazy\" class=\"alignright wp-image-96342 size-medium\" src=\"https:\/\/www.enerjigazetesi.ist\/wp-content\/uploads\/2019\/07\/shell-in-asya-pasifikteki-yeni-enerji-cozumlerini-yigit-guven-gelistirecek-215x300.jpg\" alt=\"\" width=\"215\" height=\"300\" srcset=\"https:\/\/www.enerjigazetesi.ist\/wp-content\/uploads\/2019\/07\/shell-in-asya-pasifikteki-yeni-enerji-cozumlerini-yigit-guven-gelistirecek-215x300.jpg 215w, https:\/\/www.enerjigazetesi.ist\/wp-content\/uploads\/2019\/07\/shell-in-asya-pasifikteki-yeni-enerji-cozumlerini-yigit-guven-gelistirecek-286x400.jpg 286w, https:\/\/www.enerjigazetesi.ist\/wp-content\/uploads\/2019\/07\/shell-in-asya-pasifikteki-yeni-enerji-cozumlerini-yigit-guven-gelistirecek-36x50.jpg 36w, https:\/\/www.enerjigazetesi.ist\/wp-content\/uploads\/2019\/07\/shell-in-asya-pasifikteki-yeni-enerji-cozumlerini-yigit-guven-gelistirecek.jpg 349w\" sizes=\"(max-width: 215px) 100vw, 215px\" \/>\u015firketi\u00a0<strong>sonnen\u2019in Yeni Pazarlar Geli\u015ftirme (Asya Pasifik) ve Uluslararas\u0131 Sat\u0131\u015f Kanallar\u0131 Strateji\u00a0<\/strong><strong>Direkt\u00f6r\u00fc <\/strong>olarak atad\u0131. G\u00fcven, yeni g\u00f6revinde aralar\u0131nda Japonya ba\u015fta olmak \u00fczere, Asya Pasifik \u00fclkelerinden sorumlu olacak.<\/p>\n<h2><strong>Yi\u011fit G\u00fcven kimdir?<\/strong><\/h2>\n<p>Orta Do\u011fu Teknik \u00dcniversitesi \u0130n\u015faat M\u00fchendisli\u011fi Fak\u00fcltesi ve Bilkent \u00dcniversitesi MBA mezunu olan Yi\u011fit G\u00fcven, yeni g\u00f6revine atanmadan \u00f6nce Shell b\u00fcnyesinde Entegre Enerji \u00c7\u00f6z\u00fcmleri biriminde Avrupa Ba\u015fkanl\u0131\u011f\u0131 g\u00f6revini y\u00fcr\u00fctmekteydi. Shell b\u00fcnyesinde faaliyet g\u00f6steren Entegre Enerji \u00c7\u00f6z\u00fcmleri biriminin ilk \u00e7al\u0131\u015fanlar\u0131ndan biri olarak Eyl\u00fcl 2017\u2019de g\u00f6revine ba\u015flayan G\u00fcven, bug\u00fcne kadar yapt\u0131\u011f\u0131 \u00e7al\u0131\u015fmalar aras\u0131nda, b\u00fct\u00fcnle\u015fik enerji \u00e7\u00f6z\u00fcmlerinin Avrupa ekibinin olu\u015fturulmas\u0131, entegre enerji \u00e7\u00f6z\u00fcmlerinin Shell istasyonlar\u0131na ba\u015far\u0131yla uygulanmas\u0131, Bacton-\u0130ngiltere\u2019de end\u00fcstriyel \u00f6l\u00e7ekli batarya depolama sisteminin kurulmas\u0131 ve Singapur\u2019da g\u00fcne\u015f enerjisi tesisinin kurulmas\u0131 yer al\u0131yor.16 y\u0131ll\u0131k Shell tecr\u00fcbesinde G\u00fcven, perakende, strateji, i\u015f geli\u015ftirme, kurumsal birle\u015fme ve sat\u0131nalma (M&amp;A), tedarik zinciri ile pazarlama b\u00f6l\u00fcmlerinde g\u00f6rev alarak \u0130stanbul, Londra, Rotterdam ve Lahey ofislerinde \u00e7al\u0131\u015ft\u0131.<\/p>\n<p>G\u00fcven yeni g\u00f6revinde, Asya Pasifik B\u00f6lgesi\u2019nde Japonya\u2019dan ba\u015flayarak ekibi ile yeni pazarlara giri\u015f yapacak. Yenilenebilir enerjinin evsel depolama \u00e7\u00f6z\u00fcmlerinde lider olan ve Mart 2019 itibariyle Shell ailesine b\u00fcnyesine kat\u0131lan sonnen\u2019in kanal stratejisini geli\u015ftirecek olan G\u00fcven, T\u00fcketici \u0130\u015f Kolu, Enerji Platformu ve Pazarlama ekipleri ile i\u015f birli\u011fi yaparak Shell\u2019in b\u00f6lgedeki varl\u0131\u011f\u0131n\u0131 g\u00fc\u00e7lendirmeyi hedefleyecek. G\u00fcven, sonnen\u2019deki g\u00f6revini Hollanda\u2019dan y\u00fcr\u00fctmeye devam edecek.<\/p>","protected":false},"excerpt":{"rendered":"<p>Sorry, this entry is only available in Turkish. For the sake of viewer convenience, the content is shown below in the alternative language. You may click the link to switch the active language. D\u00fcnyan\u0131n \u00f6nde gelen uluslararas\u0131 enerji \u015firketlerinden Shell\u2019in Asya Pasifik B\u00f6lgesi\u2019ndeki yeni enerji \u00e7\u00f6z\u00fcmlerini Yi\u011fit G\u00fcven geli\u015ftirecek. Shell, Yeni Enerjiler (New Energies), Avrupa [&hellip;]<\/p>\n","protected":false},"author":1,"featured_media":96343,"comment_status":"open","ping_status":"open","sticky":false,"template":"","format":"standard","meta":[],"categories":[51,53],"tags":[54196,54191,54188,46406,2115,52259,54192,54193,54197,1547,54187,54195,1787,54194,40323,46757,34977,54190,54184,54186,54189,26829,54185],"views":1009,"_links":{"self":[{"href":"https:\/\/www.enerjigazetesi.ist\/en\/wp-json\/wp\/v2\/posts\/96340"}],"collection":[{"href":"https:\/\/www.enerjigazetesi.ist\/en\/wp-json\/wp\/v2\/posts"}],"about":[{"href":"https:\/\/www.enerjigazetesi.ist\/en\/wp-json\/wp\/v2\/types\/post"}],"author":[{"embeddable":true,"href":"https:\/\/www.enerjigazetesi.ist\/en\/wp-json\/wp\/v2\/users\/1"}],"replies":[{"embeddable":true,"href":"https:\/\/www.enerjigazetesi.ist\/en\/wp-json\/wp\/v2\/comments?post=96340"}],"version-history":[{"count":0,"href":"https:\/\/www.enerjigazetesi.ist\/en\/wp-json\/wp\/v2\/posts\/96340\/revisions"}],"wp:featuredmedia":[{"embeddable":true,"href":"https:\/\/www.enerjigazetesi.ist\/en\/wp-json\/wp\/v2\/media\/96343"}],"wp:attachment":[{"href":"https:\/\/www.enerjigazetesi.ist\/en\/wp-json\/wp\/v2\/media?parent=96340"}],"wp:term":[{"taxonomy":"category","embeddable":true,"href":"https:\/\/www.enerjigazetesi.ist\/en\/wp-json\/wp\/v2\/categories?post=96340"},{"taxonomy":"post_tag","embeddable":true,"href":"https:\/\/www.enerjigazetesi.ist\/en\/wp-json\/wp\/v2\/tags?post=96340"}],"curies":[{"name":"wp","href":"https:\/\/api.w.org\/{rel}","templated":true}]}}