{"id":96156,"date":"2019-07-20T12:59:31","date_gmt":"2019-07-20T09:59:31","guid":{"rendered":"https:\/\/www.enerjigazetesi.ist\/?p=96156"},"modified":"2019-07-20T13:02:13","modified_gmt":"2019-07-20T10:02:13","slug":"karatay-belediyesinin-park-ve-tesis-aydinlatmalari-gucunu-gunesten-aliyor","status":"publish","type":"post","link":"https:\/\/www.enerjigazetesi.ist\/en\/karatay-belediyesinin-park-ve-tesis-aydinlatmalari-gucunu-gunesten-aliyor\/","title":{"rendered":"(Turkish) &#8217;Karatay Belediyesi&#8217;nin Park ve Tesis Ayd\u0131nlatmalar\u0131 G\u00fcc\u00fcn\u00fc G\u00fcne\u015ften Al\u0131yor"},"content":{"rendered":"<p class=\"qtranxs-available-languages-message qtranxs-available-languages-message-en\">Sorry, this entry is only available in <a href=\"https:\/\/www.enerjigazetesi.ist\/tr\/wp-json\/wp\/v2\/posts\/96156\" class=\"qtranxs-available-language-link qtranxs-available-language-link-tr\" title=\"Turkish\">Turkish<\/a>. For the sake of viewer convenience, the content is shown below in the alternative language. You may click the link to switch the active language.<\/p><p><\/p>\n<h1><strong>Konya Karatay Belediyesi taraf\u0131ndan toplam g\u00fcc\u00fc 1,2 MW olan iki santral ile belediye ba\u015fta olmak \u00fczere kent i\u00e7inde yer alan t\u00fcm park ve tesislerin ayd\u0131nlatmas\u0131n\u0131n g\u00fcc\u00fc <img loading=\"lazy\" class=\"alignright wp-image-96159\" src=\"https:\/\/www.enerjigazetesi.ist\/wp-content\/uploads\/2019\/07\/karatay-belediyesinin-park-ve-tesis-aydinlatmalari-gucunu-gunesten-aliyor-300x150.jpg\" alt=\"\" width=\"320\" height=\"160\" srcset=\"https:\/\/www.enerjigazetesi.ist\/wp-content\/uploads\/2019\/07\/karatay-belediyesinin-park-ve-tesis-aydinlatmalari-gucunu-gunesten-aliyor-300x150.jpg 300w, https:\/\/www.enerjigazetesi.ist\/wp-content\/uploads\/2019\/07\/karatay-belediyesinin-park-ve-tesis-aydinlatmalari-gucunu-gunesten-aliyor-768x384.jpg 768w, https:\/\/www.enerjigazetesi.ist\/wp-content\/uploads\/2019\/07\/karatay-belediyesinin-park-ve-tesis-aydinlatmalari-gucunu-gunesten-aliyor-500x250.jpg 500w, https:\/\/www.enerjigazetesi.ist\/wp-content\/uploads\/2019\/07\/karatay-belediyesinin-park-ve-tesis-aydinlatmalari-gucunu-gunesten-aliyor-80x40.jpg 80w, https:\/\/www.enerjigazetesi.ist\/wp-content\/uploads\/2019\/07\/karatay-belediyesinin-park-ve-tesis-aydinlatmalari-gucunu-gunesten-aliyor.jpg 880w\" sizes=\"(max-width: 320px) 100vw, 320px\" \/>g\u00fcne\u015f enerjisinden elde edilmektedir.<\/strong><\/h1>\n<p>2017 y\u0131l\u0131nda devreye al\u0131nan ilk g\u00fcne\u015f enerjisi santrali sonras\u0131 bu y\u0131l 2&#8217;inci santralinde devreye al\u0131nd\u0131\u011f\u0131 belirtildi.<\/p>\n<p>Karatay Belediye Ba\u015fkan\u0131 Hasan K\u0131lca: &#8220;Her iki santralden \u00fcretilen enerji, 1,5 milyon lira dolaylar\u0131ndad\u0131r. Belediyemiz art\u0131k kendisine ait t\u00fcm bina, tesis, tamirhane ve parklarda t\u00fcketilen enerjiyi g\u00fcne\u015f santrallerinden sa\u011flamaktad\u0131r.&#8221; ifadelerini kulland\u0131.<\/p>\n<p>Sarp ALTINEL &#8211; <a href=\"mailto:sarp.altinel@enerjigazetesi.ist\" target=\"_blank\" rel=\"noopener\">sarp.altinel@enerjigazetesi.ist<\/a><\/p>","protected":false},"excerpt":{"rendered":"<p>Sorry, this entry is only available in Turkish. For the sake of viewer convenience, the content is shown below in the alternative language. You may click the link to switch the active language. Konya Karatay Belediyesi taraf\u0131ndan toplam g\u00fcc\u00fc 1,2 MW olan iki santral ile belediye ba\u015fta olmak \u00fczere kent i\u00e7inde yer alan t\u00fcm park [&hellip;]<\/p>\n","protected":false},"author":1,"featured_media":96159,"comment_status":"open","ping_status":"open","sticky":false,"template":"","format":"standard","meta":[],"categories":[51,53,49],"tags":[19,21919,52259,35038,23416,35039,12474,54046,34925,54047,23131,54042,54043,54044,54045,30503],"views":753,"_links":{"self":[{"href":"https:\/\/www.enerjigazetesi.ist\/en\/wp-json\/wp\/v2\/posts\/96156"}],"collection":[{"href":"https:\/\/www.enerjigazetesi.ist\/en\/wp-json\/wp\/v2\/posts"}],"about":[{"href":"https:\/\/www.enerjigazetesi.ist\/en\/wp-json\/wp\/v2\/types\/post"}],"author":[{"embeddable":true,"href":"https:\/\/www.enerjigazetesi.ist\/en\/wp-json\/wp\/v2\/users\/1"}],"replies":[{"embeddable":true,"href":"https:\/\/www.enerjigazetesi.ist\/en\/wp-json\/wp\/v2\/comments?post=96156"}],"version-history":[{"count":0,"href":"https:\/\/www.enerjigazetesi.ist\/en\/wp-json\/wp\/v2\/posts\/96156\/revisions"}],"wp:featuredmedia":[{"embeddable":true,"href":"https:\/\/www.enerjigazetesi.ist\/en\/wp-json\/wp\/v2\/media\/96159"}],"wp:attachment":[{"href":"https:\/\/www.enerjigazetesi.ist\/en\/wp-json\/wp\/v2\/media?parent=96156"}],"wp:term":[{"taxonomy":"category","embeddable":true,"href":"https:\/\/www.enerjigazetesi.ist\/en\/wp-json\/wp\/v2\/categories?post=96156"},{"taxonomy":"post_tag","embeddable":true,"href":"https:\/\/www.enerjigazetesi.ist\/en\/wp-json\/wp\/v2\/tags?post=96156"}],"curies":[{"name":"wp","href":"https:\/\/api.w.org\/{rel}","templated":true}]}}