{"id":96129,"date":"2019-07-20T11:49:13","date_gmt":"2019-07-20T08:49:13","guid":{"rendered":"https:\/\/www.enerjigazetesi.ist\/?p=96129"},"modified":"2019-07-20T11:56:00","modified_gmt":"2019-07-20T08:56:00","slug":"enerjide-yetenege-bakis-raporu-ankarada-tanitildi","status":"publish","type":"post","link":"https:\/\/www.enerjigazetesi.ist\/en\/enerjide-yetenege-bakis-raporu-ankarada-tanitildi\/","title":{"rendered":"(Turkish) &#8217;Enerjide Yetene\u011fe Bak\u0131\u015f&#8217; Raporu Ankara&#8217;da Tan\u0131t\u0131ld\u0131"},"content":{"rendered":"<p class=\"qtranxs-available-languages-message qtranxs-available-languages-message-en\">Sorry, this entry is only available in <a href=\"https:\/\/www.enerjigazetesi.ist\/tr\/wp-json\/wp\/v2\/posts\/96129\" class=\"qtranxs-available-language-link qtranxs-available-language-link-tr\" title=\"Turkish\">Turkish<\/a>. For the sake of viewer convenience, the content is shown below in the alternative language. You may click the link to switch the active language.<\/p><p><\/p>\n<div class=\"itemIntroText\">\n<h1><strong>\u201cT\u00dcS\u0130AD &#8211; Korn Ferry T\u00fcrkiye i\u015fbirli\u011finde haz\u0131rlanan \u201cEnerjide Yetene\u011fe Bak\u0131\u015f\u201d raporu Enerji ve Tabi Kaynaklar Bakanl\u0131\u011f\u0131 taraf\u0131ndan 10 Temmuz&#8217;da Ankara\u2019da ger\u00e7ekle\u015ftirilen \u201cEnerjide Arama: \u0130nsan Kaynaklar\u0131\u201d etkinli\u011finde Korn Ferry <img loading=\"lazy\" class=\"alignright wp-image-96132\" src=\"https:\/\/www.enerjigazetesi.ist\/wp-content\/uploads\/2019\/07\/enerjide-yetenege-bakis-raporu-ankarada-tanitildi-300x200.jpg\" alt=\"\" width=\"320\" height=\"213\" srcset=\"https:\/\/www.enerjigazetesi.ist\/wp-content\/uploads\/2019\/07\/enerjide-yetenege-bakis-raporu-ankarada-tanitildi-300x200.jpg 300w, https:\/\/www.enerjigazetesi.ist\/wp-content\/uploads\/2019\/07\/enerjide-yetenege-bakis-raporu-ankarada-tanitildi-500x333.jpg 500w, https:\/\/www.enerjigazetesi.ist\/wp-content\/uploads\/2019\/07\/enerjide-yetenege-bakis-raporu-ankarada-tanitildi-75x50.jpg 75w, https:\/\/www.enerjigazetesi.ist\/wp-content\/uploads\/2019\/07\/enerjide-yetenege-bakis-raporu-ankarada-tanitildi-450x300.jpg 450w, https:\/\/www.enerjigazetesi.ist\/wp-content\/uploads\/2019\/07\/enerjide-yetenege-bakis-raporu-ankarada-tanitildi.jpg 732w\" sizes=\"(max-width: 320px) 100vw, 320px\" \/>taraf\u0131ndan tan\u0131t\u0131ld\u0131.<\/strong><\/h1>\n<\/div>\n<div class=\"itemFullText\">\n<p>T\u00dcS\u0130AD ve Korn Ferry T\u00fcrkiye i\u015fbirli\u011finde haz\u0131rlanan \u201cEnerjide Yetene\u011fe Bak\u0131\u015f\u201d raporunda enerji sekt\u00f6r\u00fcnde do\u011fal gaz ve elektrik \u00f6zelinde mevcut insan kayna\u011f\u0131 potansiyelinin analizi yap\u0131lmaktad\u0131r.<\/p>\n<p>T\u00dcS\u0130AD Enerji \u00c7al\u0131\u015fma Grubu b\u00fcnyesinde ger\u00e7ekle\u015ftirilen \u00e7al\u0131\u015fma kapsam\u0131nda enerji sekt\u00f6r\u00fcnde insan kayna\u011f\u0131n\u0131n mevcut durumdaki niteli\u011fini ortaya koyma, gelecek ihtiya\u00e7lar\u0131n\u0131 belirleme ve bu bilgiler \u0131\u015f\u0131\u011f\u0131nda sekt\u00f6r\u00fcn geli\u015fimine katk\u0131 sunma hedefi do\u011frultusunda \u201cEnerji Sekt\u00f6r\u00fcnde \u0130nsan Kayna\u011f\u0131 Anketi\u201d \u00e7al\u0131\u015fmas\u0131 d\u00fczenlendi. 30 enerji \u015firketinin kat\u0131l\u0131m sa\u011flad\u0131\u011f\u0131 anket \u00e7al\u0131\u015fmas\u0131n\u0131n sonu\u00e7lar\u0131 Korn Ferry T\u00fcrkiye taraf\u0131ndan analiz edilerek rapora aktar\u0131ld\u0131.<\/p>\n<p>\u00c7al\u0131\u015fmada nitelikli i\u015f g\u00fcc\u00fc bulma, kad\u0131n \u00e7al\u0131\u015fan say\u0131s\u0131n\u0131 ve potansiyelini art\u0131rma, yeni mezunlar\u0131n ve gen\u00e7 \u00e7al\u0131\u015fanlar\u0131n geli\u015fimini sa\u011flama ile teknoloji ve dijitalle\u015fme entegrasyonuna uyum sa\u011flama konular\u0131 \u00f6nceliklendirilerek, geli\u015fim alanlar\u0131 ile ilgili at\u0131labilecek ad\u0131mlara dair \u00f6nerilere ve iyi uygulamalara yer verildi.<\/p>\n<p><a title=\"Enerjide Yetene\u011fe Bak\u0131\u015f raporu\" href=\"https:\/\/www.tusiad.org\/tr\/yayinlar\/raporlar\/item\/10322-enerjide-yetenege-bakis\" target=\"_blank\" rel=\"noopener\">&#8220;Enerjide Yetene\u011fe Bak\u0131\u015f&#8221; Raporu \u0130\u00e7in T\u0131klay\u0131n\u0131z &gt;&gt;&gt;<\/a><\/p>\n<\/div>\n<p><\/p>","protected":false},"excerpt":{"rendered":"<p>Sorry, this entry is only available in Turkish. For the sake of viewer convenience, the content is shown below in the alternative language. You may click the link to switch the active language. \u201cT\u00dcS\u0130AD &#8211; Korn Ferry T\u00fcrkiye i\u015fbirli\u011finde haz\u0131rlanan \u201cEnerjide Yetene\u011fe Bak\u0131\u015f\u201d raporu Enerji ve Tabi Kaynaklar Bakanl\u0131\u011f\u0131 taraf\u0131ndan 10 Temmuz&#8217;da Ankara\u2019da ger\u00e7ekle\u015ftirilen \u201cEnerjide [&hellip;]<\/p>\n","protected":false},"author":1,"featured_media":96132,"comment_status":"open","ping_status":"open","sticky":false,"template":"","format":"standard","meta":[],"categories":[46,51,53],"tags":[54037,54030,54036,53114,52259,54034,33872,54029,54031,54028,54035,1481,54033,54032],"views":444,"_links":{"self":[{"href":"https:\/\/www.enerjigazetesi.ist\/en\/wp-json\/wp\/v2\/posts\/96129"}],"collection":[{"href":"https:\/\/www.enerjigazetesi.ist\/en\/wp-json\/wp\/v2\/posts"}],"about":[{"href":"https:\/\/www.enerjigazetesi.ist\/en\/wp-json\/wp\/v2\/types\/post"}],"author":[{"embeddable":true,"href":"https:\/\/www.enerjigazetesi.ist\/en\/wp-json\/wp\/v2\/users\/1"}],"replies":[{"embeddable":true,"href":"https:\/\/www.enerjigazetesi.ist\/en\/wp-json\/wp\/v2\/comments?post=96129"}],"version-history":[{"count":0,"href":"https:\/\/www.enerjigazetesi.ist\/en\/wp-json\/wp\/v2\/posts\/96129\/revisions"}],"wp:featuredmedia":[{"embeddable":true,"href":"https:\/\/www.enerjigazetesi.ist\/en\/wp-json\/wp\/v2\/media\/96132"}],"wp:attachment":[{"href":"https:\/\/www.enerjigazetesi.ist\/en\/wp-json\/wp\/v2\/media?parent=96129"}],"wp:term":[{"taxonomy":"category","embeddable":true,"href":"https:\/\/www.enerjigazetesi.ist\/en\/wp-json\/wp\/v2\/categories?post=96129"},{"taxonomy":"post_tag","embeddable":true,"href":"https:\/\/www.enerjigazetesi.ist\/en\/wp-json\/wp\/v2\/tags?post=96129"}],"curies":[{"name":"wp","href":"https:\/\/api.w.org\/{rel}","templated":true}]}}