{"id":96074,"date":"2019-07-18T14:40:49","date_gmt":"2019-07-18T11:40:49","guid":{"rendered":"https:\/\/www.enerjigazetesi.ist\/?p=96074"},"modified":"2019-07-18T14:42:35","modified_gmt":"2019-07-18T11:42:35","slug":"tekirdagda-yapilacak-termik-santralin-proje-sureci-sonlandirildi","status":"publish","type":"post","link":"https:\/\/www.enerjigazetesi.ist\/en\/tekirdagda-yapilacak-termik-santralin-proje-sureci-sonlandirildi\/","title":{"rendered":"(Turkish) Tekirda\u011f&#8217;da Yap\u0131lacak &#8216;Termik Santral\u2019in Proje S\u00fcreci Sonland\u0131r\u0131ld\u0131"},"content":{"rendered":"<p class=\"qtranxs-available-languages-message qtranxs-available-languages-message-en\">Sorry, this entry is only available in <a href=\"https:\/\/www.enerjigazetesi.ist\/tr\/wp-json\/wp\/v2\/posts\/96074\" class=\"qtranxs-available-language-link qtranxs-available-language-link-tr\" title=\"Turkish\">Turkish<\/a>. For the sake of viewer convenience, the content is shown below in the alternative language. You may click the link to switch the active language.<\/p><p><\/p>\n<h1><strong>Enerji ve Tabii Kaynaklar Bakan\u0131 Fatih D\u00f6nmez taraf\u0131ndan Tekirda\u011f\u2019da kurulmas\u0131 planlanan Termik Santral projesine y\u00f6nelik \u00c7ED ba\u015fvuru dosyas\u0131n\u0131n \u00e7ekildi\u011fi ve projenin sonland\u0131r\u0131ld\u0131\u011f\u0131 a\u00e7\u0131kland\u0131.<\/strong><\/h1>\n<p>Enerji ve Tabii Kaynaklar Bakan\u0131 Fatih D\u00f6nmez, Tekirda\u011f\u2019a kurulmas\u0131 planlanan Termik Santral projesi <img loading=\"lazy\" class=\"alignleft wp-image-96076\" src=\"https:\/\/www.enerjigazetesi.ist\/wp-content\/uploads\/2019\/07\/tekirdagda-yapilacak-termik-santralin-proje-sureci-sonlandirildi-300x160.jpg\" alt=\"\" width=\"320\" height=\"171\" srcset=\"https:\/\/www.enerjigazetesi.ist\/wp-content\/uploads\/2019\/07\/tekirdagda-yapilacak-termik-santralin-proje-sureci-sonlandirildi-300x160.jpg 300w, https:\/\/www.enerjigazetesi.ist\/wp-content\/uploads\/2019\/07\/tekirdagda-yapilacak-termik-santralin-proje-sureci-sonlandirildi-500x266.jpg 500w, https:\/\/www.enerjigazetesi.ist\/wp-content\/uploads\/2019\/07\/tekirdagda-yapilacak-termik-santralin-proje-sureci-sonlandirildi-80x43.jpg 80w, https:\/\/www.enerjigazetesi.ist\/wp-content\/uploads\/2019\/07\/tekirdagda-yapilacak-termik-santralin-proje-sureci-sonlandirildi.jpg 700w\" sizes=\"(max-width: 320px) 100vw, 320px\" \/>ile ilgili \u00c7ED ba\u015fvuru dosyas\u0131n\u0131n \u00e7ekildi\u011fi ve projenin sonland\u0131r\u0131ld\u0131\u011f\u0131n\u0131 belirtti. Konuya y\u00f6nelik meclise verilen bir soru \u00f6nergesinde tart\u0131\u015fmalara\u00a0 son noktay\u0131 koyan Enerji ve Tabi Kaynaklar Bakan\u0131 Fatih D\u00f6nmez, projenin iptal oldu\u011funun bilgisini teyit etti.<\/p>\n<p>Enerji ve Tabii Kaynaklar Bakan\u0131 Fatih D\u00f6nmez konuyla ilgili verdi\u011fi yan\u0131tta \u015funlar\u0131 s\u00f6yledi: &#8220;S\u00f6z konusu maden sahas\u0131 ile ilgili ger\u00e7ekle\u015ftirilen teknik et\u00fctlerin \u00f6n fizibilite de\u011ferlendirmeleri neticesinde\u00a0 sahan\u0131n teknik ve ekonomik a\u00e7\u0131dan\u00a0 yat\u0131r\u0131ma a\u00e7\u0131lmas\u0131 uygun bulunmad\u0131\u011f\u0131ndan \u00e7evresel etki de\u011ferlendirme \u00e7al\u0131\u015fmalar\u0131na y\u00f6nelik haz\u0131rlanan \u00c7ED ba\u015fvuru dosyas\u0131 \u00e7ekilmi\u015f ve proje s\u00fcreci sonland\u0131r\u0131lm\u0131\u015ft\u0131r.\u201d ifadelerini kulland\u0131.<\/p>","protected":false},"excerpt":{"rendered":"<p>Sorry, this entry is only available in Turkish. For the sake of viewer convenience, the content is shown below in the alternative language. You may click the link to switch the active language. Enerji ve Tabii Kaynaklar Bakan\u0131 Fatih D\u00f6nmez taraf\u0131ndan Tekirda\u011f\u2019da kurulmas\u0131 planlanan Termik Santral projesine y\u00f6nelik \u00c7ED ba\u015fvuru dosyas\u0131n\u0131n \u00e7ekildi\u011fi ve projenin sonland\u0131r\u0131ld\u0131\u011f\u0131 [&hellip;]<\/p>\n","protected":false},"author":1,"featured_media":96076,"comment_status":"open","ping_status":"open","sticky":false,"template":"","format":"standard","meta":[],"categories":[51,53,24649],"tags":[36700,53959,52259,27530,15789,4513,11992],"views":540,"_links":{"self":[{"href":"https:\/\/www.enerjigazetesi.ist\/en\/wp-json\/wp\/v2\/posts\/96074"}],"collection":[{"href":"https:\/\/www.enerjigazetesi.ist\/en\/wp-json\/wp\/v2\/posts"}],"about":[{"href":"https:\/\/www.enerjigazetesi.ist\/en\/wp-json\/wp\/v2\/types\/post"}],"author":[{"embeddable":true,"href":"https:\/\/www.enerjigazetesi.ist\/en\/wp-json\/wp\/v2\/users\/1"}],"replies":[{"embeddable":true,"href":"https:\/\/www.enerjigazetesi.ist\/en\/wp-json\/wp\/v2\/comments?post=96074"}],"version-history":[{"count":0,"href":"https:\/\/www.enerjigazetesi.ist\/en\/wp-json\/wp\/v2\/posts\/96074\/revisions"}],"wp:featuredmedia":[{"embeddable":true,"href":"https:\/\/www.enerjigazetesi.ist\/en\/wp-json\/wp\/v2\/media\/96076"}],"wp:attachment":[{"href":"https:\/\/www.enerjigazetesi.ist\/en\/wp-json\/wp\/v2\/media?parent=96074"}],"wp:term":[{"taxonomy":"category","embeddable":true,"href":"https:\/\/www.enerjigazetesi.ist\/en\/wp-json\/wp\/v2\/categories?post=96074"},{"taxonomy":"post_tag","embeddable":true,"href":"https:\/\/www.enerjigazetesi.ist\/en\/wp-json\/wp\/v2\/tags?post=96074"}],"curies":[{"name":"wp","href":"https:\/\/api.w.org\/{rel}","templated":true}]}}