{"id":96026,"date":"2019-07-18T11:21:57","date_gmt":"2019-07-18T08:21:57","guid":{"rendered":"https:\/\/www.enerjigazetesi.ist\/?p=96026"},"modified":"2019-07-18T11:39:23","modified_gmt":"2019-07-18T08:39:23","slug":"hayata-gecirilemeyen-lisanssiz-elektrik-uretim-santrali-projelerine-ek-sure-verildi","status":"publish","type":"post","link":"https:\/\/www.enerjigazetesi.ist\/en\/hayata-gecirilemeyen-lisanssiz-elektrik-uretim-santrali-projelerine-ek-sure-verildi\/","title":{"rendered":"(Turkish) Hayata Ge\u00e7irilemeyen Lisanss\u0131z Elektrik Santrali Projelerine Ek S\u00fcre Verildi!"},"content":{"rendered":"<p class=\"qtranxs-available-languages-message qtranxs-available-languages-message-en\">Sorry, this entry is only available in <a href=\"https:\/\/www.enerjigazetesi.ist\/tr\/wp-json\/wp\/v2\/posts\/96026\" class=\"qtranxs-available-language-link qtranxs-available-language-link-tr\" title=\"Turkish\">Turkish<\/a>. For the sake of viewer convenience, the content is shown below in the alternative language. You may click the link to switch the active language.<\/p><p><\/p>\n<h1><strong>TBMM&#8217;de g\u00f6r\u00fc\u015fmeleri ger\u00e7ekle\u015ftirilen Gelir Vergisi Kanunu ile baz\u0131 kanunlar i\u00e7in de\u011fi\u015fiklik yap\u0131lmas\u0131na y\u00f6nelik kanun teklifi maddelerine y\u00f6nelik g\u00f6r\u00fc\u015fmeler yap\u0131ld\u0131.<\/strong><\/h1>\n<p>Kanun teklifinde yer alan\u00a0yap\u0131lamam\u0131\u015f olan <strong>lisanss\u0131z elektrik \u00fcretim santralleri projelerine<\/strong> y\u00f6nelik\u00a0<strong>ba\u011flant\u0131 anla\u015fma s\u00fcresi<\/strong> sa\u011flanabilmesine dair \u00f6neri <strong>teklifin 31\u2019inci<\/strong> maddesiyle\u00a0<strong>lisanss\u0131z elektrik \u00fcretim projeleri&#8217;<\/strong>nde\u00a0<strong>\u00fcretim ba\u011f\u0131 kopmu\u015f<\/strong> olanlara <strong>120 g\u00fcn s\u00fcre uzat\u0131m\u0131<\/strong> yap\u0131ld\u0131.<\/p>\n<p><strong><img loading=\"lazy\" class=\"alignleft size-medium wp-image-96030\" src=\"https:\/\/www.enerjigazetesi.ist\/wp-content\/uploads\/2019\/07\/hayata-gecirilemeyen-lisanssiz-elektrik-uretim-santrali-projelerine-ek-sure-verildi-300x199.jpg\" alt=\"\" width=\"300\" height=\"199\" srcset=\"https:\/\/www.enerjigazetesi.ist\/wp-content\/uploads\/2019\/07\/hayata-gecirilemeyen-lisanssiz-elektrik-uretim-santrali-projelerine-ek-sure-verildi-300x199.jpg 300w, https:\/\/www.enerjigazetesi.ist\/wp-content\/uploads\/2019\/07\/hayata-gecirilemeyen-lisanssiz-elektrik-uretim-santrali-projelerine-ek-sure-verildi-75x50.jpg 75w, https:\/\/www.enerjigazetesi.ist\/wp-content\/uploads\/2019\/07\/hayata-gecirilemeyen-lisanssiz-elektrik-uretim-santrali-projelerine-ek-sure-verildi-450x300.jpg 450w, https:\/\/www.enerjigazetesi.ist\/wp-content\/uploads\/2019\/07\/hayata-gecirilemeyen-lisanssiz-elektrik-uretim-santrali-projelerine-ek-sure-verildi.jpg 480w\" sizes=\"(max-width: 300px) 100vw, 300px\" \/>14&#8217;\u00fcnc\u00fc<\/strong> maddesinin <strong>1&#8217;inci f\u0131kras\u0131n\u0131n<\/strong> (b) bendindeki faaliyetler \u00e7er\u00e7evesindeki <strong>ba\u011flant\u0131 anla\u015fmas\u0131 s\u00fcrelerinin<\/strong><span style=\"text-decoration: underline;\"><strong>\u00a0uzat\u0131m\u0131<\/strong>\u00a0\u015fu \u015fekilde ger\u00e7ekle\u015ftirildi;<\/span><\/p>\n<p>\u2013<strong>\u00c7a\u011fr\u0131 mektubu tarihinden ba\u011flant\u0131 anla\u015fmas\u0131 s\u00fcresi\u00a0<\/strong>sonuna kadar <strong>t\u00fcketim-\u00fcretim ba\u011f\u0131 kopanlar i\u00e7in<\/strong>\u00a0bu maddenin y\u00fcr\u00fcrl\u00fc\u011fe girdi\u011fi tarih itibariyle\u00a0<strong>30 g\u00fcn<\/strong> i\u00e7inde\u00a0<strong>\u00e7a\u011fr\u0131 mektubuna<\/strong>\u00a0<span style=\"text-decoration: underline;\">esas abonelik<\/span> ile en az ayn\u0131 \u00f6zelliklere <strong>haiz eski ve\/veya yeni bir t\u00fcketim tesisi<\/strong> aboneli\u011fi olu\u015fturularak ilgili \u015febeke i\u015fletmecisine bildirmesi halinde <strong>bildirim tarihini<\/strong> izleyen <strong>120 g\u00fcn<\/strong>,<\/p>\n<p>\u2013<strong>Ba\u011flant\u0131 anla\u015fmas\u0131 s\u00fcresi<\/strong>\u00a0bitti\u011fi halde ge\u00e7ici kabul\u00fc yap\u0131lamam\u0131\u015f olan projelerle birlikte\u00a0<strong>hen\u00fcz ba\u011flant\u0131 anla\u015fmas\u0131 s\u00fcresi bitmemi\u015f<\/strong> olanlara y\u00f6nelik ilgili\u00a0<strong>maddenin y\u00fcr\u00fcrl\u00fc\u011fe girdi\u011fi<\/strong> tarih itibariyle\u00a0<strong>120 g\u00fcn olacak<\/strong>\u00a0\u015fekilde <strong>s\u00fcresi kendili\u011finden<\/strong> <span style=\"text-decoration: underline;\">uzayacak<\/span>t\u0131r.<\/p>\n<p>\u0130lgili kanun maddeleri \u00f6n\u00fcm\u00fczdeki g\u00fcnler i\u00e7inde <strong>Resmi Gazete\u2019de<\/strong> yay\u0131nlanarak y\u00fcr\u00fcrl\u00fc\u011fe girecektir.<\/p>\n<p><strong>Lisanss\u0131z Proje S\u00fcre Uzat\u0131m\u0131<\/strong> ve <strong>Lisanss\u0131z Elektrik \u00dcretim Santrali Proje \u0130\u015flemlerine Y\u00f6nelik<\/strong> <em>Enerji Dan\u0131\u015fmanl\u0131\u011f\u0131 ve M\u00fchendislik<\/em> Hizmeti Alabilirsiniz&#8230;<\/p>\n<p><strong><span style=\"color: #993300;\">Detayl\u0131 Bilgi \u0130\u00e7in&#8211;&gt;\u00a0<\/span><\/strong>Umut \u00d6ZB\u0130LG\u0130N \u2013 <strong><span style=\"color: #993300;\">Web:<\/span><\/strong> <a href=\"https:\/\/www.ozbilgin.org\/\" target=\"_blank\" rel=\"noopener\">www.ozbilgin.org<\/a>\u00a0&#8211;\u00a0<span style=\"color: #993300;\"><strong>Gsm \/ Whatsapp:<\/strong><\/span>\u00a00532 336 20 55<\/p>\n<p><strong><span style=\"color: #993300;\">\u0130leti\u015fim Formunu Doldurun, Biz Sizi Arayal\u0131m!<\/span><\/strong><\/p>\n<p>[contact-form-7 404 \"Not Found\"]<\/p>","protected":false},"excerpt":{"rendered":"<p>Sorry, this entry is only available in Turkish. For the sake of viewer convenience, the content is shown below in the alternative language. You may click the link to switch the active language. TBMM&#8217;de g\u00f6r\u00fc\u015fmeleri ger\u00e7ekle\u015ftirilen Gelir Vergisi Kanunu ile baz\u0131 kanunlar i\u00e7in de\u011fi\u015fiklik yap\u0131lmas\u0131na y\u00f6nelik kanun teklifi maddelerine y\u00f6nelik g\u00f6r\u00fc\u015fmeler yap\u0131ld\u0131. Kanun teklifinde yer [&hellip;]<\/p>\n","protected":false},"author":1,"featured_media":96030,"comment_status":"open","ping_status":"open","sticky":false,"template":"","format":"standard","meta":[],"categories":[51,53,49],"tags":[53912,53906,53915,53907,53919,53910,24932,34979,34980,26353,19,21919,52259,4602,53914,53472,35038,53918,53913,44054,23416,10942,35039,45942,23133,23131,2450,53903,53920,53908,13206,53916,53904,53909,53905,48947,33326,53917,36368,1388,30503,5892,34977,53911,43086,26829,53921],"views":985,"_links":{"self":[{"href":"https:\/\/www.enerjigazetesi.ist\/en\/wp-json\/wp\/v2\/posts\/96026"}],"collection":[{"href":"https:\/\/www.enerjigazetesi.ist\/en\/wp-json\/wp\/v2\/posts"}],"about":[{"href":"https:\/\/www.enerjigazetesi.ist\/en\/wp-json\/wp\/v2\/types\/post"}],"author":[{"embeddable":true,"href":"https:\/\/www.enerjigazetesi.ist\/en\/wp-json\/wp\/v2\/users\/1"}],"replies":[{"embeddable":true,"href":"https:\/\/www.enerjigazetesi.ist\/en\/wp-json\/wp\/v2\/comments?post=96026"}],"version-history":[{"count":0,"href":"https:\/\/www.enerjigazetesi.ist\/en\/wp-json\/wp\/v2\/posts\/96026\/revisions"}],"wp:featuredmedia":[{"embeddable":true,"href":"https:\/\/www.enerjigazetesi.ist\/en\/wp-json\/wp\/v2\/media\/96030"}],"wp:attachment":[{"href":"https:\/\/www.enerjigazetesi.ist\/en\/wp-json\/wp\/v2\/media?parent=96026"}],"wp:term":[{"taxonomy":"category","embeddable":true,"href":"https:\/\/www.enerjigazetesi.ist\/en\/wp-json\/wp\/v2\/categories?post=96026"},{"taxonomy":"post_tag","embeddable":true,"href":"https:\/\/www.enerjigazetesi.ist\/en\/wp-json\/wp\/v2\/tags?post=96026"}],"curies":[{"name":"wp","href":"https:\/\/api.w.org\/{rel}","templated":true}]}}