{"id":9601,"date":"2013-04-13T21:24:01","date_gmt":"2013-04-13T18:24:01","guid":{"rendered":"https:\/\/www.enerjigazetesi.ist\/?p=9601"},"modified":"2013-04-13T21:24:07","modified_gmt":"2013-04-13T18:24:07","slug":"konutlarda-alinacak-tedbirlerle-4-milyar-liralik-enerji-tasarrufu","status":"publish","type":"post","link":"https:\/\/www.enerjigazetesi.ist\/en\/konutlarda-alinacak-tedbirlerle-4-milyar-liralik-enerji-tasarrufu\/","title":{"rendered":"(Turkish) Konutlarda Al\u0131nacak Tedbirlerle 4 Milyar Liral\u0131k Enerji Tasarrufu&#8230;"},"content":{"rendered":"<p class=\"qtranxs-available-languages-message qtranxs-available-languages-message-en\">Sorry, this entry is only available in <a href=\"https:\/\/www.enerjigazetesi.ist\/tr\/wp-json\/wp\/v2\/posts\/9601\" class=\"qtranxs-available-language-link qtranxs-available-language-link-tr\" title=\"Turkish\">Turkish<\/a>. For the sake of viewer convenience, the content is shown below in the alternative language. You may click the link to switch the active language.<\/p><p><strong>Enerji Verimlili\u011fi Derne\u011fi Genel Ba\u015fkan Vekili Adnan Uluba\u015f, konutlarda al\u0131nacak de\u011fi\u015fikliklerle 4 milyar TL&#8217;lik enerji tasarrufu sa\u011flanabilece\u011fini s\u00f6yledi.<\/strong><\/p>\n<p>Aile ve Sosyal Politikalar Bakanl\u0131\u011f\u0131 ile Enerji ve Tabii Kaynaklar Bakanl\u0131\u011f\u0131 ortak \u00e7al\u0131\u015fmas\u0131yla enerji verimlili\u011finin sa\u011flanmas\u0131 ve bunun insanlara anlat\u0131lmas\u0131 amac\u0131yla bir proje ba\u015flat\u0131ld\u0131.<\/p>\n<p>&#8220;Enerji Han\u0131m&#8221; ad\u0131 verilen proje, Ticaret ve Sanayi Odas\u0131&#8217;nda d\u00fczenlenen toplant\u0131da Edirnelilere tan\u0131t\u0131ld\u0131.<br \/>\nEdirne&#8217;deki tan\u0131t\u0131m toplant\u0131s\u0131nda konu\u015fan Dernek Ba\u015fkan Vekili Adnan Uluba\u015f, enerji tasarrufu hususunda han\u0131mlara \u00f6nemli g\u00f6rev d\u00fc\u015ft\u00fc\u011f\u00fcn\u00fc s\u00f6yledi.<\/p>\n<p><a href=\"https:\/\/www.enerjigazetesi.ist\/wp-content\/uploads\/2013\/04\/konutlarda-enerji-tasarrufu-ve-verimliligi.jpg\"><img loading=\"lazy\" class=\"alignleft size-medium wp-image-9602\" title=\"konutlarda-enerji-tasarrufu-ve-verimliligi\" src=\"https:\/\/www.enerjigazetesi.ist\/wp-content\/uploads\/2013\/04\/konutlarda-enerji-tasarrufu-ve-verimliligi-300x200.jpg\" alt=\"\" width=\"300\" height=\"200\" srcset=\"https:\/\/www.enerjigazetesi.ist\/wp-content\/uploads\/2013\/04\/konutlarda-enerji-tasarrufu-ve-verimliligi-300x200.jpg 300w, https:\/\/www.enerjigazetesi.ist\/wp-content\/uploads\/2013\/04\/konutlarda-enerji-tasarrufu-ve-verimliligi-75x50.jpg 75w, https:\/\/www.enerjigazetesi.ist\/wp-content\/uploads\/2013\/04\/konutlarda-enerji-tasarrufu-ve-verimliligi.jpg 480w\" sizes=\"(max-width: 300px) 100vw, 300px\" \/><\/a>Enerji t\u00fcketiminin daha da y\u00fcksek rakamlara \u00e7\u0131kaca\u011f\u0131n\u0131 kaydeden Uluba\u015f, gelecek 10 y\u0131l\u0131n ba\u015far\u0131l\u0131 ge\u00e7ece\u011fine inand\u0131\u011f\u0131n\u0131 aktard\u0131.<br \/>\nEnerji t\u00fcketiminin bir geli\u015fmi\u015flik \u00f6l\u00e7\u00fcs\u00fc oldu\u011funu anlatan Uluba\u015f, &#8220;Biz verimlili\u011fi sa\u011flay\u0131p, t\u00fcketimimizi art\u0131rabiliyorsak, \u00fcretimimizi art\u0131rabiliyorsak o zaman ba\u015far\u0131l\u0131y\u0131z. Tabi ki evde ne yap\u0131labilir. Evde yap\u0131labilecek ufak tefek baz\u0131 hareketlerle T\u00fcrkiye&#8217;de 4 milyar liral\u0131k tasarruf yapabilme ve verimlili\u011fimizi art\u0131rma \u015fans\u0131m\u0131z var.&#8221; dedi.<\/p>\n<p>Yap\u0131lacak 4 milyar liral\u0131k tasarrufla bir y\u0131lda 200 tane hastane, 400 tane okul, binlerce kilometre yol, sa\u011fl\u0131k kurulu\u015flar\u0131 yap\u0131labilece\u011fini ifade eden Uluba\u015f, &#8220;Bunlar\u0131n tamam\u0131n\u0131 bireysel ve ailesel olarak \u00f6desek de T\u00fcrkiye olarak \u00f6d\u00fcyoruz. Ve bunlardan mahrum kal\u0131yoruz. Daha bug\u00fcn ilerleme kaydedecek iken, hayat standartlar\u0131m\u0131z\u0131 daha m\u00fcreffeh hale getirecekken ufak tefek dikkatsizliklerimiz y\u00fcz\u00fcnden bunlar\u0131 kaybediyoruz.&#8221; a\u00e7\u0131klamas\u0131n\u0131 yapt\u0131.<\/p>\n<p>Derne\u011fin Y\u00f6netim Kurulu \u00dcyesi Dr. Neslihan Y\u00fcksel ise T\u00fcrkiye&#8217;nin enerji arz\u0131 a\u00e7\u0131s\u0131ndan hi\u00e7bir probleminin olmad\u0131\u011f\u0131n\u0131 a\u00e7\u0131klad\u0131.<br \/>\n\u00dclkenin enerji kaynaklar\u0131 a\u00e7\u0131s\u0131ndan s\u0131n\u0131rda olan bir co\u011frafyada bulundu\u011funu dile getiren Y\u00fcksel, s\u0131n\u0131rda olman\u0131n enerjinin \u00f6nemini daha da art\u0131rd\u0131\u011f\u0131n\u0131 belirtti.<\/p>\n<p>T\u00fcrkiye&#8217;nin enerjide d\u0131\u015fa ba\u011f\u0131ml\u0131\u011f\u0131n\u0131 azaltmak i\u00e7in herkese \u00f6nemli g\u00f6revler d\u00fc\u015ft\u00fc\u011f\u00fcn\u00fc a\u00e7\u0131klayan Y\u00fcksel, kampanyan\u0131n bu nedenle ba\u015flat\u0131ld\u0131\u011f\u0131n\u0131 ifade etti.<\/p>\n<p>Kaynak :\u00a0<a href=\"http:\/\/www.haber3.com\/konutlarda-alinacak-tedbirlerle-4-milyar-liralik-enerji-tasarrufu-mumkun-haberi-1902970h.htm\" target=\"_blank\">Haber3<\/a><\/p>","protected":false},"excerpt":{"rendered":"<p>Sorry, this entry is only available in Turkish. For the sake of viewer convenience, the content is shown below in the alternative language. You may click the link to switch the active language.Enerji Verimlili\u011fi Derne\u011fi Genel Ba\u015fkan Vekili Adnan Uluba\u015f, konutlarda al\u0131nacak de\u011fi\u015fikliklerle 4 milyar TL&#8217;lik enerji tasarrufu sa\u011flanabilece\u011fini s\u00f6yledi. Aile ve Sosyal Politikalar Bakanl\u0131\u011f\u0131 [&hellip;]<\/p>\n","protected":false},"author":1,"featured_media":9602,"comment_status":"open","ping_status":"open","sticky":false,"template":"","format":"standard","meta":[],"categories":[53,52],"tags":[4419,63,67,1530,103,148,12,1525,1416,793],"views":780,"_links":{"self":[{"href":"https:\/\/www.enerjigazetesi.ist\/en\/wp-json\/wp\/v2\/posts\/9601"}],"collection":[{"href":"https:\/\/www.enerjigazetesi.ist\/en\/wp-json\/wp\/v2\/posts"}],"about":[{"href":"https:\/\/www.enerjigazetesi.ist\/en\/wp-json\/wp\/v2\/types\/post"}],"author":[{"embeddable":true,"href":"https:\/\/www.enerjigazetesi.ist\/en\/wp-json\/wp\/v2\/users\/1"}],"replies":[{"embeddable":true,"href":"https:\/\/www.enerjigazetesi.ist\/en\/wp-json\/wp\/v2\/comments?post=9601"}],"version-history":[{"count":2,"href":"https:\/\/www.enerjigazetesi.ist\/en\/wp-json\/wp\/v2\/posts\/9601\/revisions"}],"predecessor-version":[{"id":9604,"href":"https:\/\/www.enerjigazetesi.ist\/en\/wp-json\/wp\/v2\/posts\/9601\/revisions\/9604"}],"wp:featuredmedia":[{"embeddable":true,"href":"https:\/\/www.enerjigazetesi.ist\/en\/wp-json\/wp\/v2\/media\/9602"}],"wp:attachment":[{"href":"https:\/\/www.enerjigazetesi.ist\/en\/wp-json\/wp\/v2\/media?parent=9601"}],"wp:term":[{"taxonomy":"category","embeddable":true,"href":"https:\/\/www.enerjigazetesi.ist\/en\/wp-json\/wp\/v2\/categories?post=9601"},{"taxonomy":"post_tag","embeddable":true,"href":"https:\/\/www.enerjigazetesi.ist\/en\/wp-json\/wp\/v2\/tags?post=9601"}],"curies":[{"name":"wp","href":"https:\/\/api.w.org\/{rel}","templated":true}]}}