{"id":95950,"date":"2019-07-16T15:24:38","date_gmt":"2019-07-16T12:24:38","guid":{"rendered":"https:\/\/www.enerjigazetesi.ist\/?p=95950"},"modified":"2019-07-16T15:26:47","modified_gmt":"2019-07-16T12:26:47","slug":"turkiye-nin-enerji-de-30-2-milyar-dolar-tasarruf-etmesi-mumkun","status":"publish","type":"post","link":"https:\/\/www.enerjigazetesi.ist\/en\/turkiye-nin-enerji-de-30-2-milyar-dolar-tasarruf-etmesi-mumkun\/","title":{"rendered":"(Turkish) T\u00fcrkiye&#8217;nin Enerjide 30.2 Milyar Dolar Tasarruf Etmesi M\u00fcmk\u00fcn!"},"content":{"rendered":"<p class=\"qtranxs-available-languages-message qtranxs-available-languages-message-en\">Sorry, this entry is only available in <a href=\"https:\/\/www.enerjigazetesi.ist\/tr\/wp-json\/wp\/v2\/posts\/95950\" class=\"qtranxs-available-language-link qtranxs-available-language-link-tr\" title=\"Turkish\">Turkish<\/a>. For the sake of viewer convenience, the content is shown below in the alternative language. You may click the link to switch the active language.<\/p><p><\/p>\n<h1><strong>Verimli Bulu\u015fmalar etkinli\u011finin ilk konu\u015fmac\u0131s\u0131 olan\u00a0Enerji\u00a0ve Tabi Kaynaklar Bakanl\u0131\u011f\u0131 Bakan Dan\u0131\u015fman\u0131 Dr.\u00a0O\u011fuz Can, Ulusal Enerji Verimlili\u011fi Eylem Plan\u0131- UEVEP hakk\u0131nda bilgi verdi. 6 tematik ba\u015fl\u0131kta 55 ayr\u0131 eylemi detaylar\u0131 ile aktaran Can, kapsaml\u0131 ve ku\u015fat\u0131c\u0131 bir eylem plan\u0131 haz\u0131rland\u0131\u011f\u0131n\u0131 belirterek 2017 ve 2018 ger\u00e7ekle\u015fmeleri ve 2019 y\u0131l\u0131 planlamalar\u0131n\u0131 anlatt\u0131. Can, \u201cEylemlerin hayata ge\u00e7irilmesiyle 10.9 milyar dolarl\u0131k yat\u0131r\u0131m yap\u0131larak 30.2 milyar dolarl\u0131k enerji tasarrufu sa\u011flanacak\u201d ifadelerini kulland\u0131.<\/strong><\/h1>\n<p>12 Kas\u0131m 2018 tarihinde yap\u0131lan ola\u011fan\u00fcst\u00fc genel kurul ile Murat Kals\u0131n ba\u015fkanl\u0131\u011f\u0131nda yeni y\u00f6netimini se\u00e7en Enerji Verimlili\u011fi Derne\u011fi, enerji t\u00fcketimini azaltmak, kamuoyunu bilin\u00e7lendirmek i\u00e7in \u00e7al\u0131\u015fmalar\u0131na b\u00fcy\u00fck bir h\u0131zla ba\u015flad\u0131. \u00dclkenin enerji ithalat\u0131n\u0131 d\u00fc\u015f\u00fcrmek ve cari a\u00e7\u0131\u011f\u0131 azaltmak gayesiyle <img loading=\"lazy\" class=\"alignright wp-image-95952\" src=\"https:\/\/www.enerjigazetesi.ist\/wp-content\/uploads\/2019\/07\/turkiyenin-enerjide-30-2-milyar-dolar-tasarruf-etmesi-mumkun-300x169.jpg\" alt=\"\" width=\"320\" height=\"180\" srcset=\"https:\/\/www.enerjigazetesi.ist\/wp-content\/uploads\/2019\/07\/turkiyenin-enerjide-30-2-milyar-dolar-tasarruf-etmesi-mumkun-300x169.jpg 300w, https:\/\/www.enerjigazetesi.ist\/wp-content\/uploads\/2019\/07\/turkiyenin-enerjide-30-2-milyar-dolar-tasarruf-etmesi-mumkun-500x281.jpg 500w, https:\/\/www.enerjigazetesi.ist\/wp-content\/uploads\/2019\/07\/turkiyenin-enerjide-30-2-milyar-dolar-tasarruf-etmesi-mumkun-80x45.jpg 80w, https:\/\/www.enerjigazetesi.ist\/wp-content\/uploads\/2019\/07\/turkiyenin-enerjide-30-2-milyar-dolar-tasarruf-etmesi-mumkun.jpg 750w\" sizes=\"(max-width: 320px) 100vw, 320px\" \/>faaliyetlerini s\u00fcrd\u00fcren Enerji Verimlili\u011fi Derne\u011fi, ki\u015filerin, kurumlar\u0131n ve sanayi kurulu\u015flar\u0131n\u0131n enerji verimlili\u011fini art\u0131rmak i\u00e7in bilin\u00e7lendirme \u00e7al\u0131\u015fmalar\u0131n\u0131n ilk ad\u0131m\u0131n\u0131 \u2018Verimli Bulu\u015fmalar\u2019 ile att\u0131.<\/p>\n<h2><strong>B\u0130NALARDA VER\u0130ML\u0130L\u0130K EYLEM PLANININ \u00d6NEML\u0130 BA\u015eLIKLARDAN B\u0130R\u0130<\/strong><\/h2>\n<p>Konutlar, kamu binalar\u0131, sanayi, tar\u0131m, ula\u015f\u0131m gibi enerji t\u00fcketiminin yo\u011fun oldu\u011fu t\u00fcm alanlar\u0131n mercek alt\u0131na al\u0131nd\u0131\u011f\u0131n\u0131 ifade eden Dr. Can, bakanl\u0131k olarak 55 ayr\u0131 alanda eylem plan\u0131 haz\u0131rlad\u0131klar\u0131n\u0131 s\u00f6yledi. T\u00fcrkiye\u2019nin enerji verimlili\u011finde tasarruf potansiyelinin % 35 ile 50 gibi y\u00fcksek bir oranda oldu\u011funu ifade eden Dr. Can, hane halk\u0131n\u0131n \u0131s\u0131tma kaynakl\u0131 giderlerini azalt\u0131rken, di\u011fer yandan konfor \u015fartlar\u0131n\u0131n artt\u0131\u011f\u0131n\u0131 ve ayr\u0131ca konutun de\u011fer art\u0131\u015f\u0131n\u0131n da sa\u011fland\u0131\u011f\u0131n\u0131 vurgulad\u0131.<\/p>\n<p>2023 y\u0131l\u0131nda birincil enerji t\u00fcketiminin bu eylemlerin \u00f6l\u00e7\u00fclebilir etkisi ile % 14 azalt\u0131laca\u011f\u0131 bilgisini de veren Dr. Can, T\u00fcrkiye\u2019nin nihai enerji t\u00fcketiminin yakla\u015f\u0131k y\u00fczde 34\u2019\u00fcn\u00fcn bina ve hizmetlerde, y\u00fczde 34\u2019\u00fcn\u00fcn sanayide, y\u00fczde 24\u2019\u00fcn\u00fcn ula\u015ft\u0131rmada ve y\u00fczde 4\u2019\u00fcn\u00fcn tar\u0131mda t\u00fcketildi\u011fini, geriye kalan y\u00fczde 8\u2019lik pay\u0131n di\u011fer sekt\u00f6rlerde ger\u00e7ekle\u015fti\u011fini belirterek, bu anlamda UEVEP\u2019in sorumlu ve ilgili t\u00fcm kamu kurumlar\u0131 ve \u00f6zel sekt\u00f6rle birlikte hayata ge\u00e7irilmesinin \u00f6nemine dikkat \u00e7ekti.<\/p>\n<p>Toplant\u0131n\u0131n ard\u0131ndan Enerji Verimlili\u011fi Derne\u011fi Ba\u015fkan\u0131 Murat Kals\u0131n, toplant\u0131ya katk\u0131lar\u0131 nedeniyle Dr. O\u011fuz Can ve \u0130GDA\u015e Genel M\u00fcd\u00fcr\u00fc ve Enerji Verimlili\u011fi Derne\u011fi Ba\u015fkan Vekili Ali \u0130hsan S\u0131lk\u0131m\u2019a te\u015fekk\u00fcr plaketi verdi.<\/p>","protected":false},"excerpt":{"rendered":"<p>Sorry, this entry is only available in Turkish. For the sake of viewer convenience, the content is shown below in the alternative language. You may click the link to switch the active language. Verimli Bulu\u015fmalar etkinli\u011finin ilk konu\u015fmac\u0131s\u0131 olan\u00a0Enerji\u00a0ve Tabi Kaynaklar Bakanl\u0131\u011f\u0131 Bakan Dan\u0131\u015fman\u0131 Dr.\u00a0O\u011fuz Can, Ulusal Enerji Verimlili\u011fi Eylem Plan\u0131- UEVEP hakk\u0131nda bilgi verdi. [&hellip;]<\/p>\n","protected":false},"author":1,"featured_media":95952,"comment_status":"open","ping_status":"open","sticky":false,"template":"","format":"standard","meta":[],"categories":[51,53,52],"tags":[53807,31986,49436,44531,1525,26559,53806,42525,45782,24245,53805,50430,53808,793],"views":847,"_links":{"self":[{"href":"https:\/\/www.enerjigazetesi.ist\/en\/wp-json\/wp\/v2\/posts\/95950"}],"collection":[{"href":"https:\/\/www.enerjigazetesi.ist\/en\/wp-json\/wp\/v2\/posts"}],"about":[{"href":"https:\/\/www.enerjigazetesi.ist\/en\/wp-json\/wp\/v2\/types\/post"}],"author":[{"embeddable":true,"href":"https:\/\/www.enerjigazetesi.ist\/en\/wp-json\/wp\/v2\/users\/1"}],"replies":[{"embeddable":true,"href":"https:\/\/www.enerjigazetesi.ist\/en\/wp-json\/wp\/v2\/comments?post=95950"}],"version-history":[{"count":1,"href":"https:\/\/www.enerjigazetesi.ist\/en\/wp-json\/wp\/v2\/posts\/95950\/revisions"}],"predecessor-version":[{"id":95951,"href":"https:\/\/www.enerjigazetesi.ist\/en\/wp-json\/wp\/v2\/posts\/95950\/revisions\/95951"}],"wp:featuredmedia":[{"embeddable":true,"href":"https:\/\/www.enerjigazetesi.ist\/en\/wp-json\/wp\/v2\/media\/95952"}],"wp:attachment":[{"href":"https:\/\/www.enerjigazetesi.ist\/en\/wp-json\/wp\/v2\/media?parent=95950"}],"wp:term":[{"taxonomy":"category","embeddable":true,"href":"https:\/\/www.enerjigazetesi.ist\/en\/wp-json\/wp\/v2\/categories?post=95950"},{"taxonomy":"post_tag","embeddable":true,"href":"https:\/\/www.enerjigazetesi.ist\/en\/wp-json\/wp\/v2\/tags?post=95950"}],"curies":[{"name":"wp","href":"https:\/\/api.w.org\/{rel}","templated":true}]}}