{"id":95935,"date":"2019-07-16T14:43:56","date_gmt":"2019-07-16T11:43:56","guid":{"rendered":"https:\/\/www.enerjigazetesi.ist\/?p=95935"},"modified":"2019-07-16T14:47:57","modified_gmt":"2019-07-16T11:47:57","slug":"samsun-daki-carsamba-biyokutle-santralinde-siemens-in-buhar-turbini-ni-tercih-etti","status":"publish","type":"post","link":"https:\/\/www.enerjigazetesi.ist\/en\/samsun-daki-carsamba-biyokutle-santralinde-siemens-in-buhar-turbini-ni-tercih-etti\/","title":{"rendered":"(Turkish) &#8217;\u00c7ar\u015famba Biyok\u00fctle Santrali&#8217; Siemens\u2019in Buhar T\u00fcrbinini Tercih Etti"},"content":{"rendered":"<p class=\"qtranxs-available-languages-message qtranxs-available-languages-message-en\">Sorry, this entry is only available in <a href=\"https:\/\/www.enerjigazetesi.ist\/tr\/wp-json\/wp\/v2\/posts\/95935\" class=\"qtranxs-available-language-link qtranxs-available-language-link-tr\" title=\"Turkish\">Turkish<\/a>. For the sake of viewer convenience, the content is shown below in the alternative language. You may click the link to switch the active language.<\/p><p><\/p>\n<h1><strong>Siemens, y\u00fcksek verimlilik sunan t\u00fcrbinleriyle T\u00fcrkiye\u2019nin at\u0131k bertaraf\u0131na ve temiz enerji \u00fcretimine katk\u0131da bulunmay\u0131 s\u00fcrd\u00fcr\u00fcyor. Oltan K\u00f6leo\u011flu Enerji\u2019nin yat\u0131r\u0131mc\u0131s\u0131 oldu\u011fu ve Mimsan End\u00fcstri Kazanlar\u0131 A\u015e\u2019nin taahh\u00fct sorumlulu\u011funu \u00fcstlendi\u011fi Samsun \u00c7ar\u015famba Biyok\u00fctle Enerji Santrali\u2019nde (BES) Siemens\u2019in 27MWe g\u00fcc\u00fcndeki SST-300 buhar t\u00fcrbinleri i\u00e7in s\u00f6zle\u015fme imzaland\u0131. Tesis, y\u0131lda 250 bin ton zirai ve ormansal at\u0131k bertaraf edecek ve yakla\u015f\u0131k 200 milyon kWh yenilenebilir elektrik enerjisi \u00fcretecek. Siemens, bu sayede \u2018s\u0131f\u0131r at\u0131k\u2019 ve \u2018yerli enerji\u2019 alanlar\u0131nda \u00fclkemizin enerji politikas\u0131na ciddi katk\u0131 sa\u011flayacak. Samsun \u00c7ar\u015famba BES\u2019in A\u011fustos 2020\u2019de devreye girmesi planlan\u0131yor.<\/strong><\/h1>\n<p><img loading=\"lazy\" class=\"alignright wp-image-95937\" src=\"https:\/\/www.enerjigazetesi.ist\/wp-content\/uploads\/2019\/07\/samsun-daki-carsamba-biyokutle-santralinde-siemens-in-buhar-turbini-ni-secti1-300x167.jpg\" alt=\"\" width=\"320\" height=\"178\" srcset=\"https:\/\/www.enerjigazetesi.ist\/wp-content\/uploads\/2019\/07\/samsun-daki-carsamba-biyokutle-santralinde-siemens-in-buhar-turbini-ni-secti1-300x167.jpg 300w, https:\/\/www.enerjigazetesi.ist\/wp-content\/uploads\/2019\/07\/samsun-daki-carsamba-biyokutle-santralinde-siemens-in-buhar-turbini-ni-secti1-768x427.jpg 768w, https:\/\/www.enerjigazetesi.ist\/wp-content\/uploads\/2019\/07\/samsun-daki-carsamba-biyokutle-santralinde-siemens-in-buhar-turbini-ni-secti1-500x278.jpg 500w, https:\/\/www.enerjigazetesi.ist\/wp-content\/uploads\/2019\/07\/samsun-daki-carsamba-biyokutle-santralinde-siemens-in-buhar-turbini-ni-secti1-80x45.jpg 80w, https:\/\/www.enerjigazetesi.ist\/wp-content\/uploads\/2019\/07\/samsun-daki-carsamba-biyokutle-santralinde-siemens-in-buhar-turbini-ni-secti1.jpg 800w\" sizes=\"(max-width: 320px) 100vw, 320px\" \/>Di\u011fer yandan ayn\u0131 grubun yak\u0131n zamanda devreye al\u0131nacak bir di\u011fer b\u00fcy\u00fck yat\u0131r\u0131m\u0131 olan 27MW\u2019l\u0131k Afyon Eber BES projesinde de yine Siemens SST-300 Buhar T\u00fcrbini tercih edilmi\u015fti. Siemens\u2019in 2018 y\u0131l\u0131nda dahil oldu\u011fu projede, t\u00fcrbin montaj faaliyetlerinde art\u0131k son a\u015famaya gelindi. Her iki santral, Siemens buhar t\u00fcrbinleriyle elektrik \u00fcretmeye ba\u015flad\u0131\u011f\u0131nda, T\u00fcrkiye\u2019nin en b\u00fcy\u00fck ikinci biyok\u00fctle santrali unvan\u0131n\u0131 payla\u015facak. Siemens\u2019in T\u00fcrkiye\u2019de imzalad\u0131\u011f\u0131 9 ayr\u0131 biyok\u00fctle santralinde toplam kurulu g\u00fc\u00e7 yakla\u015f\u0131k olarak 80MW\u2019a ula\u015ft\u0131.<\/p>\n<h1><strong>Siemens, Samsun \u00c7ar\u015famba BES projesinde leasing \u00e7\u00f6z\u00fcm\u00fc sa\u011flad\u0131<\/strong><\/h1>\n<p>Samsun \u00c7ar\u015famba BES projesinde 27MW \u00e7\u0131k\u0131\u015f g\u00fcc\u00fcnde\u00a0<strong>Kondenserli Buhar T\u00fcrbini<\/strong>, yard\u0131mc\u0131 ekipmanlar ve t\u00fcrbin kontrol sistemi sa\u011flayacak olan Siemens; montaj ve devreye alma s\u00fcre\u00e7lerini de T\u00fcrkiye\u2019deki uzman m\u00fchendis kadrosuyla y\u00f6netecek.<\/p>\n<p>Proje kapsam\u0131na g\u00f6re \u00e7e\u015fitli finansman modelleri sunabilen Siemens, Samsun \u00c7ar\u015famba BES projesinde leasing \u00e7\u00f6z\u00fcm\u00fc sa\u011flad\u0131. Uygun \u00f6deme ko\u015fullar\u0131 ile proje nakit ak\u0131\u015f\u0131na olumlu katk\u0131 sa\u011flayan finansal kiralama \u00e7\u00f6z\u00fcm\u00fc, g\u00fcnlerle ifade edilebilecek k\u0131sa onay s\u00fcresi ile biyok\u00fctle projelerinin ya\u015fad\u0131\u011f\u0131 termin sorunlar\u0131n\u0131n a\u015f\u0131lmas\u0131nda ciddi destek sa\u011fl\u0131yor.<\/p>\n<p>T\u00fcrkiye\u2019de kurulu, deneyimli bir servis organizasyonu olmas\u0131; i\u015fletme g\u00fcvenilirli\u011fi a\u00e7\u0131s\u0131ndan Siemens\u2019i \u00f6n plana \u00e7\u0131kart\u0131yor. Her iki santral devreye al\u0131nd\u0131ktan sonra, t\u00fcrbinin kesintisiz \u00e7al\u0131\u015fmas\u0131 i\u00e7in uygun bak\u0131m ve servis hizmetleri de Siemens taraf\u0131ndan sa\u011flanabilecek.<\/p>\n<h1><strong>Y\u00fcksek verimlilik sunuyor<\/strong><\/h1>\n<p>End\u00fcstriyel buhar t\u00fcrbinlerinde k\u00fcresel pazar\u0131n lideri olan Siemens\u2019in \u2018ekonomik i\u015fletme\u2019 yakla\u015f\u0131m\u0131yla tasarlad\u0131\u011f\u0131, h\u0131zl\u0131 devreye girme \u00f6zelli\u011fine sahip end\u00fcstriyel buhar t\u00fcrbinleri, y\u00fcksek verimlilik sunuyor.<\/p>\n<p>Hem kondenserli hem de kar\u015f\u0131-bas\u0131n\u00e7l\u0131 uygulamalarda kullan\u0131labilen Siemens Buhar T\u00fcrbinleri, kimya-petrokimya, madencilik, k\u00e2\u011f\u0131t ve demir-\u00e7elik sekt\u00f6rlerinin yan\u0131 s\u0131ra at\u0131ktan enerji \u00fcretiminde ve deniz suyu ar\u0131tma tesislerinde de esnek \u00e7\u00f6z\u00fcmler sunuyor. Kompakt tasar\u0131m\u0131 sayesinde kurulum i\u00e7in minimum alan gereksinimine ihtiya\u00e7 duyan Siemens Buhar T\u00fcrbinleri, uzaktan eri\u015fim ve kontrol imk\u00e2n\u0131 ile operasyonlar\u0131 kayda de\u011fer \u00f6l\u00e7\u00fcde kolayla\u015ft\u0131r\u0131yor.<\/p>","protected":false},"excerpt":{"rendered":"<p>Sorry, this entry is only available in Turkish. For the sake of viewer convenience, the content is shown below in the alternative language. You may click the link to switch the active language. Siemens, y\u00fcksek verimlilik sunan t\u00fcrbinleriyle T\u00fcrkiye\u2019nin at\u0131k bertaraf\u0131na ve temiz enerji \u00fcretimine katk\u0131da bulunmay\u0131 s\u00fcrd\u00fcr\u00fcyor. Oltan K\u00f6leo\u011flu Enerji\u2019nin yat\u0131r\u0131mc\u0131s\u0131 oldu\u011fu ve Mimsan [&hellip;]<\/p>\n","protected":false},"author":1,"featured_media":95938,"comment_status":"open","ping_status":"open","sticky":false,"template":"","format":"standard","meta":[],"categories":[22893,51,53],"tags":[10848,43942,35122,41926,35123,52259,53792,53791,53795,53796,53793,1053,53794,34977,793,26829],"views":723,"_links":{"self":[{"href":"https:\/\/www.enerjigazetesi.ist\/en\/wp-json\/wp\/v2\/posts\/95935"}],"collection":[{"href":"https:\/\/www.enerjigazetesi.ist\/en\/wp-json\/wp\/v2\/posts"}],"about":[{"href":"https:\/\/www.enerjigazetesi.ist\/en\/wp-json\/wp\/v2\/types\/post"}],"author":[{"embeddable":true,"href":"https:\/\/www.enerjigazetesi.ist\/en\/wp-json\/wp\/v2\/users\/1"}],"replies":[{"embeddable":true,"href":"https:\/\/www.enerjigazetesi.ist\/en\/wp-json\/wp\/v2\/comments?post=95935"}],"version-history":[{"count":0,"href":"https:\/\/www.enerjigazetesi.ist\/en\/wp-json\/wp\/v2\/posts\/95935\/revisions"}],"wp:featuredmedia":[{"embeddable":true,"href":"https:\/\/www.enerjigazetesi.ist\/en\/wp-json\/wp\/v2\/media\/95938"}],"wp:attachment":[{"href":"https:\/\/www.enerjigazetesi.ist\/en\/wp-json\/wp\/v2\/media?parent=95935"}],"wp:term":[{"taxonomy":"category","embeddable":true,"href":"https:\/\/www.enerjigazetesi.ist\/en\/wp-json\/wp\/v2\/categories?post=95935"},{"taxonomy":"post_tag","embeddable":true,"href":"https:\/\/www.enerjigazetesi.ist\/en\/wp-json\/wp\/v2\/tags?post=95935"}],"curies":[{"name":"wp","href":"https:\/\/api.w.org\/{rel}","templated":true}]}}