{"id":95836,"date":"2019-07-15T13:41:29","date_gmt":"2019-07-15T10:41:29","guid":{"rendered":"https:\/\/www.enerjigazetesi.ist\/?p=95836"},"modified":"2019-07-15T13:43:09","modified_gmt":"2019-07-15T10:43:09","slug":"cinin-hava-kirliligiyle-mucadelesi-gunes-enerjisine-de-katki-saglayacak","status":"publish","type":"post","link":"https:\/\/www.enerjigazetesi.ist\/en\/cinin-hava-kirliligiyle-mucadelesi-gunes-enerjisine-de-katki-saglayacak\/","title":{"rendered":"(Turkish) \u00c7in\u2019in Hava Kirlili\u011fiyle M\u00fccadelesi G\u00fcne\u015f Enerjisine de Katk\u0131 Sa\u011flayacak"},"content":{"rendered":"<p class=\"qtranxs-available-languages-message qtranxs-available-languages-message-en\">Sorry, this entry is only available in <a href=\"https:\/\/www.enerjigazetesi.ist\/tr\/wp-json\/wp\/v2\/posts\/95836\" class=\"qtranxs-available-language-link qtranxs-available-language-link-tr\" title=\"Turkish\">Turkish<\/a>. For the sake of viewer convenience, the content is shown below in the alternative language. You may click the link to switch the active language.<\/p><p><\/p>\n<h1>\u0130svi\u00e7re Federal Teknoloji Enstit\u00fcs\u00fc taraf\u0131ndan \u00c7in\u2019deki hava kirlili\u011finin g\u00fcne\u015f \u0131\u015f\u0131\u011f\u0131n\u0131n y\u00fczeye ula\u015fmas\u0131n\u0131 engelleyerek \u00fcretilen g\u00fcne\u015f enerjisi miktar\u0131n\u0131 % 13 oran\u0131na kadar azaltt\u0131\u011f\u0131 a\u00e7\u0131kland\u0131.<\/h1>\n<p>Yap\u0131lan ara\u015ft\u0131rmada, 1960 ve 2015 y\u0131llar\u0131 aral\u0131\u011f\u0131nda \u00c7in\u2019de yer alan 119 farkl\u0131 noktadan g\u00fcne\u015f radyasyon verileri al\u0131narak, insan kaynakl\u0131 aerosollerin (Aerosol, bir kat\u0131n\u0131n veya bir s\u0131v\u0131n\u0131n gaz ortam\u0131 i\u00e7erisinde <img loading=\"lazy\" class=\"alignright wp-image-95838\" src=\"https:\/\/www.enerjigazetesi.ist\/wp-content\/uploads\/2019\/07\/cinin-hava-kirliligiyle-mucadelesi-gunes-enerjisine-de-katki-saglayacak-300x175.jpg\" alt=\"\" width=\"320\" height=\"186\" srcset=\"https:\/\/www.enerjigazetesi.ist\/wp-content\/uploads\/2019\/07\/cinin-hava-kirliligiyle-mucadelesi-gunes-enerjisine-de-katki-saglayacak-300x175.jpg 300w, https:\/\/www.enerjigazetesi.ist\/wp-content\/uploads\/2019\/07\/cinin-hava-kirliligiyle-mucadelesi-gunes-enerjisine-de-katki-saglayacak-768x448.jpg 768w, https:\/\/www.enerjigazetesi.ist\/wp-content\/uploads\/2019\/07\/cinin-hava-kirliligiyle-mucadelesi-gunes-enerjisine-de-katki-saglayacak-500x291.jpg 500w, https:\/\/www.enerjigazetesi.ist\/wp-content\/uploads\/2019\/07\/cinin-hava-kirliligiyle-mucadelesi-gunes-enerjisine-de-katki-saglayacak-80x47.jpg 80w, https:\/\/www.enerjigazetesi.ist\/wp-content\/uploads\/2019\/07\/cinin-hava-kirliligiyle-mucadelesi-gunes-enerjisine-de-katki-saglayacak.jpg 810w\" sizes=\"(max-width: 320px) 100vw, 320px\" \/>da\u011f\u0131lmas\u0131) maksimum verimi ne kadar azaltt\u0131\u011f\u0131n\u0131 belirlemek i\u00e7in k\u00fck\u00fcrt dioksit ve kara karbon emisyonlar\u0131 verileri ile birle\u015ftirildi. Nature Energy\u2019de yay\u0131mlanm\u0131\u015f olan Bart Sweerts\u2019\u0131n yapt\u0131\u011f\u0131 \u00e7al\u0131\u015fmaya g\u00f6re \u00c7in\u2019deki hava kirlili\u011finin g\u00fcne\u015ften elektrik \u00fcretim potansiyelini s\u00f6z konusu y\u0131llar boyunca % 13 oran\u0131nda azaltt\u0131\u011f\u0131n\u0131 g\u00f6steriyor.<\/p>\n<p>\u00c7in, sa\u011fl\u0131k ko\u015fullar\u0131n\u0131 olumsuz etkileyen hava kirlili\u011fi i\u00e7in \u00e7al\u0131\u015fmalar\u0131n\u0131 h\u0131zland\u0131r\u0131rken yerel d\u00fczeyde g\u00fcne\u015f enerjisi kullan\u0131m\u0131n\u0131 artt\u0131rmak i\u00e7in \u015fehirlerdeki hane halk\u0131na ve kamu binalar\u0131na y\u00f6nelik destekler sunulurken n\u00fcfus yo\u011funlu\u011funun ya\u015fand\u0131\u011f\u0131 \u015fehirler ayn\u0131 zamanda en b\u00fcy\u00fck kirletici oldu\u011fundan g\u00fcne\u015f enerjisinden istenen verim al\u0131nam\u0131yor.<\/p>\n<p>\u00c7in\u2019de kirlenme krizini tetikleyen ba\u015f fakt\u00f6r, s\u0131n\u0131rs\u0131z emek arz\u0131na dayal\u0131 imalat sekt\u00f6r\u00fcn\u00fc besleyen k\u00f6m\u00fcr enerjisine olan ba\u011fl\u0131l\u0131k olurken daha net bir g\u00f6ky\u00fcz\u00fcne sahip olunmas\u0131 i\u00e7in g\u00fcne\u015f panellerinin elektrik \u00fcretme potansiyelini artt\u0131racak olan \u00c7in, 2018&#8217;de toplam kurulu g\u00fcne\u015f enerji kapasitesini 170 GW seviyesine y\u00fckseltecektir. \u00c7in\u2019in hava kirlili\u011fine y\u00f6nelik art\u0131\u015f g\u00f6steren m\u00fccadelesi, 7 milyar dolarl\u0131k bir ekonomik kazan\u00e7 ve iklim de\u011fi\u015fikli\u011fi ile m\u00fccadelede \u00f6nemli bir ivme yarataca\u011f\u0131<\/p>","protected":false},"excerpt":{"rendered":"<p>Sorry, this entry is only available in Turkish. For the sake of viewer convenience, the content is shown below in the alternative language. You may click the link to switch the active language. \u0130svi\u00e7re Federal Teknoloji Enstit\u00fcs\u00fc taraf\u0131ndan \u00c7in\u2019deki hava kirlili\u011finin g\u00fcne\u015f \u0131\u015f\u0131\u011f\u0131n\u0131n y\u00fczeye ula\u015fmas\u0131n\u0131 engelleyerek \u00fcretilen g\u00fcne\u015f enerjisi miktar\u0131n\u0131 % 13 oran\u0131na kadar azaltt\u0131\u011f\u0131 [&hellip;]<\/p>\n","protected":false},"author":1,"featured_media":95838,"comment_status":"open","ping_status":"open","sticky":false,"template":"","format":"standard","meta":[],"categories":[51,53,52,49],"tags":[53673,886,26559,35038,23416,35039,53675,53677,23133,45824,34925,23131,53674,42822,16400,19714,53672,34977,6854,793,53676,26829],"views":596,"_links":{"self":[{"href":"https:\/\/www.enerjigazetesi.ist\/en\/wp-json\/wp\/v2\/posts\/95836"}],"collection":[{"href":"https:\/\/www.enerjigazetesi.ist\/en\/wp-json\/wp\/v2\/posts"}],"about":[{"href":"https:\/\/www.enerjigazetesi.ist\/en\/wp-json\/wp\/v2\/types\/post"}],"author":[{"embeddable":true,"href":"https:\/\/www.enerjigazetesi.ist\/en\/wp-json\/wp\/v2\/users\/1"}],"replies":[{"embeddable":true,"href":"https:\/\/www.enerjigazetesi.ist\/en\/wp-json\/wp\/v2\/comments?post=95836"}],"version-history":[{"count":0,"href":"https:\/\/www.enerjigazetesi.ist\/en\/wp-json\/wp\/v2\/posts\/95836\/revisions"}],"wp:featuredmedia":[{"embeddable":true,"href":"https:\/\/www.enerjigazetesi.ist\/en\/wp-json\/wp\/v2\/media\/95838"}],"wp:attachment":[{"href":"https:\/\/www.enerjigazetesi.ist\/en\/wp-json\/wp\/v2\/media?parent=95836"}],"wp:term":[{"taxonomy":"category","embeddable":true,"href":"https:\/\/www.enerjigazetesi.ist\/en\/wp-json\/wp\/v2\/categories?post=95836"},{"taxonomy":"post_tag","embeddable":true,"href":"https:\/\/www.enerjigazetesi.ist\/en\/wp-json\/wp\/v2\/tags?post=95836"}],"curies":[{"name":"wp","href":"https:\/\/api.w.org\/{rel}","templated":true}]}}