{"id":95640,"date":"2019-07-09T08:26:17","date_gmt":"2019-07-09T05:26:17","guid":{"rendered":"https:\/\/www.enerjigazetesi.ist\/?p=95640"},"modified":"2019-07-09T08:33:32","modified_gmt":"2019-07-09T05:33:32","slug":"cocuklar-cevre-icin-ozgun-projeler-tasarladi","status":"publish","type":"post","link":"https:\/\/www.enerjigazetesi.ist\/en\/cocuklar-cevre-icin-ozgun-projeler-tasarladi\/","title":{"rendered":"(Turkish) \u00c7ocuklar \u00c7evre \u0130\u00e7in \u00d6zg\u00fcn Projeler Tasarlad\u0131"},"content":{"rendered":"<p class=\"qtranxs-available-languages-message qtranxs-available-languages-message-en\">Sorry, this entry is only available in <a href=\"https:\/\/www.enerjigazetesi.ist\/tr\/wp-json\/wp\/v2\/posts\/95640\" class=\"qtranxs-available-language-link qtranxs-available-language-link-tr\" title=\"Turkish\">Turkish<\/a>. For the sake of viewer convenience, the content is shown below in the alternative language. You may click the link to switch the active language.<\/p><p><\/p>\n<h1>\u2018S\u0131f\u0131r at\u0131k\u2019 temas\u0131yla bu y\u0131l ilk kez d\u00fczenlenen At\u0131ktan Enerjiye Ye\u015fil \u0130zler Yar\u0131\u015fmas\u0131\u2019n\u0131n kazananlar\u0131 belli oldu.<\/h1>\n<p>\u00c7evre bilincini geli\u015ftirmek amac\u0131yla \u00d6zt\u00fcrk Enerji\u2019nin Kahramanmara\u015f\u2019ta ilk kez d\u00fczenledi\u011fi At\u0131ktan Enerjiye Ye\u015fil \u0130zler Yar\u0131\u015fmas\u0131\u2019nda \u00f6\u011frenciler \u2018s\u0131f\u0131r at\u0131k\u2019 konusundaki projeleriyle yar\u0131\u015ft\u0131. At\u0131\u011fa sebep olan etkenlerin \u00f6nlenmesi, at\u0131klar\u0131n yeniden de\u011ferlendirilmesi, geri d\u00f6n\u00fc\u015f\u00fcme kazand\u0131r\u0131lmas\u0131 ve bu yolla israf\u0131n \u00f6n\u00fcne ge\u00e7ilmesiyle ilgili fark\u0131ndal\u0131k olu\u015fturmak i\u00e7in d\u00fczenlenen yar\u0131\u015fman\u0131n kazananlar\u0131, j\u00fcri <img loading=\"lazy\" class=\"alignright wp-image-95642\" src=\"https:\/\/www.enerjigazetesi.ist\/wp-content\/uploads\/2019\/07\/cocuklar-cevre-icin-ozgun-projeler-tasarladi1-297x300.jpg\" alt=\"\" width=\"320\" height=\"323\" srcset=\"https:\/\/www.enerjigazetesi.ist\/wp-content\/uploads\/2019\/07\/cocuklar-cevre-icin-ozgun-projeler-tasarladi1-297x300.jpg 297w, https:\/\/www.enerjigazetesi.ist\/wp-content\/uploads\/2019\/07\/cocuklar-cevre-icin-ozgun-projeler-tasarladi1-150x150.jpg 150w, https:\/\/www.enerjigazetesi.ist\/wp-content\/uploads\/2019\/07\/cocuklar-cevre-icin-ozgun-projeler-tasarladi1-768x775.jpg 768w, https:\/\/www.enerjigazetesi.ist\/wp-content\/uploads\/2019\/07\/cocuklar-cevre-icin-ozgun-projeler-tasarladi1-1015x1024.jpg 1015w, https:\/\/www.enerjigazetesi.ist\/wp-content\/uploads\/2019\/07\/cocuklar-cevre-icin-ozgun-projeler-tasarladi1-396x400.jpg 396w, https:\/\/www.enerjigazetesi.ist\/wp-content\/uploads\/2019\/07\/cocuklar-cevre-icin-ozgun-projeler-tasarladi1-50x50.jpg 50w, https:\/\/www.enerjigazetesi.ist\/wp-content\/uploads\/2019\/07\/cocuklar-cevre-icin-ozgun-projeler-tasarladi1-100x100.jpg 100w, https:\/\/www.enerjigazetesi.ist\/wp-content\/uploads\/2019\/07\/cocuklar-cevre-icin-ozgun-projeler-tasarladi1.jpg 1200w\" sizes=\"(max-width: 320px) 100vw, 320px\" \/>de\u011ferlendirmesi sonucu belli oldu.<\/p>\n<h2>Bisiklet jant<strong>\u0131<\/strong><strong>ndan saat, yo<\/strong><strong>\u011f<\/strong><strong>urt kab<\/strong><strong>\u0131<\/strong><strong>ndan s<\/strong><strong>\u00fc<\/strong><strong>p<\/strong><strong>\u00fc<\/strong><strong>rge yapt<\/strong><strong>\u0131<\/strong><strong>lar<\/strong><\/h2>\n<p>Yar\u0131\u015fman\u0131n birincisi Cahit Zarifo\u011flu \u0130lkokulu 1. s\u0131n\u0131f \u00f6\u011frencisi Yaren Naz oldu. Yaren Naz, \u00d6zt\u00fcrk Enerji\u2019nin i\u015fletti\u011fi Kahramanmara\u015f B\u00fcy\u00fck\u015fehir Belediyesi Entegre At\u0131k De\u011ferlendirme Geri D\u00f6n\u00fc\u015f\u00fcm ve Bertaraf Tesisi\u2019nin maketini yapt\u0131. Yar\u0131\u015fmada ikincilik \u00f6d\u00fcl\u00fc ise at\u0131k bisiklet jantlar\u0131n\u0131 kullanarak yapt\u0131\u011f\u0131 duvar saati projesiyle \u0130MKB Mesleki ve Teknik Anadolu Lisesi 10. s\u0131n\u0131f \u00f6\u011frencisi Ferhat Etki\u2019nin oldu.<\/p>\n<p>\u00dc\u00e7\u00fcnc\u00fcl\u00fck \u00f6d\u00fcl\u00fcn\u00fc ise iki \u00f6\u011frenci payla\u015ft\u0131. At\u0131k yo\u011furt ambalaj\u0131 ve at\u0131l boru par\u00e7as\u0131 kullan\u0131larak basit elektrik s\u00fcp\u00fcrgesi yapan Gazi Ortaokulu 8. s\u0131n\u0131f \u00f6\u011frencisi Batuhan Yurtalan \u00fc\u00e7\u00fcnc\u00fcl\u00fck \u00f6d\u00fcl\u00fcn\u00fc kazand\u0131. K\u0130PA\u015e E\u011fitim Kurumlar\u0131 5. s\u0131n\u0131f \u00f6\u011frencisi Faz\u0131l Eren Da\u011fdelen ise geri d\u00f6n\u00fc\u015ft\u00fcr\u00fclebilir at\u0131klar\u0131n depolanabildi\u011fi hazneleri olan bir okul s\u0131ras\u0131 tasar\u0131m\u0131 yaparak \u00fc\u00e7\u00fcnc\u00fcl\u00fck \u00f6d\u00fcl\u00fcne lay\u0131k g\u00f6r\u00fcld\u00fc.<\/p>\n<p>Yar\u0131\u015fmada birinci gelen \u00f6\u011frenci tablet bilgisayar, ikinci drone ve \u00fc\u00e7\u00fcnc\u00fcler ise grafik tablet ile \u00f6d\u00fcllendirildi. \u00d6\u011frencilerin \u00f6d\u00fcllerini, \u00d6zt\u00fcrk Enerji Yetkili M\u00fchendisi \u015eakir Bilal Kahramanmara\u015f B\u00fcy\u00fck\u015fehir Belediyesi Entegre At\u0131k De\u011ferlendirme Geri D\u00f6n\u00fc\u015f\u00fcm ve Bertaraf Tesisi\u2019nde takdim etti.<\/p>\n<h2>D\u00f6n\u00fc<strong>\u015f<\/strong><strong>\u00fc<\/strong><strong>m M<\/strong><strong>\u00fc<\/strong><strong>zesi yaz<\/strong><strong>\u0131<\/strong><strong>n a<\/strong><strong>\u00e7<\/strong><strong>\u0131<\/strong><strong>k<\/strong><\/h2>\n<p>Yar\u0131\u015fmaya kat\u0131lan t\u00fcm \u00f6\u011frencilere ve onlar\u0131 y\u00f6nlendiren \u00f6\u011fretmenlerine te\u015fekk\u00fcr eden <strong>\u00d6zt\u00fcrk Enerji Y\u00f6netici Orta<\/strong><strong>\u011f\u0131<\/strong><strong> Erol <\/strong><strong>\u0130<\/strong><strong>ren<\/strong>, s\u0131f\u0131r at\u0131k bilincini geli\u015ftirmek i\u00e7in bu yar\u0131\u015fmay\u0131 d\u00fczenlediklerini belirtti. \u00d6\u011frencilerin birbirinden \u00f6zg\u00fcn projelerle yar\u0131\u015fmaya kat\u0131lmalar\u0131n\u0131n kendilerini \u00e7ok mutlu etti\u011fini s\u00f6yleyen \u0130ren, yar\u0131\u015fmay\u0131 kazanan eserlerin, Kahramanmara\u015f B\u00fcy\u00fck\u015fehir Belediyesi Entegre At\u0131k De\u011ferlendirme Geri D\u00f6n\u00fc\u015f\u00fcm ve Bertaraf Tesisi\u2019ndeki D\u00f6n\u00fc\u015f\u00fcm M\u00fczesi\u2019nde sergilenece\u011fini a\u00e7\u0131klad\u0131. \u00d6\u011frencilerin yaz tatilleri boyunca m\u00fczeyi gezme \u015fanslar\u0131n\u0131n bulundu\u011funu da hat\u0131rlatan \u0130ren, at\u0131klar\u0131n \u00e7evre ve ekonomi i\u00e7in ne kadar \u00f6nemli oldu\u011fu konusunda \u00f6\u011frencileri m\u00fczede bilin\u00e7lendirdiklerini ifade etti.<\/p>","protected":false},"excerpt":{"rendered":"<p>Sorry, this entry is only available in Turkish. For the sake of viewer convenience, the content is shown below in the alternative language. You may click the link to switch the active language. \u2018S\u0131f\u0131r at\u0131k\u2019 temas\u0131yla bu y\u0131l ilk kez d\u00fczenlenen At\u0131ktan Enerjiye Ye\u015fil \u0130zler Yar\u0131\u015fmas\u0131\u2019n\u0131n kazananlar\u0131 belli oldu. \u00c7evre bilincini geli\u015ftirmek amac\u0131yla \u00d6zt\u00fcrk Enerji\u2019nin [&hellip;]<\/p>\n","protected":false},"author":1,"featured_media":95644,"comment_status":"open","ping_status":"open","sticky":false,"template":"","format":"standard","meta":[],"categories":[51,53],"tags":[53462,52965,53460,53458,52259,52494,53459,53461,52490,53457],"views":617,"_links":{"self":[{"href":"https:\/\/www.enerjigazetesi.ist\/en\/wp-json\/wp\/v2\/posts\/95640"}],"collection":[{"href":"https:\/\/www.enerjigazetesi.ist\/en\/wp-json\/wp\/v2\/posts"}],"about":[{"href":"https:\/\/www.enerjigazetesi.ist\/en\/wp-json\/wp\/v2\/types\/post"}],"author":[{"embeddable":true,"href":"https:\/\/www.enerjigazetesi.ist\/en\/wp-json\/wp\/v2\/users\/1"}],"replies":[{"embeddable":true,"href":"https:\/\/www.enerjigazetesi.ist\/en\/wp-json\/wp\/v2\/comments?post=95640"}],"version-history":[{"count":0,"href":"https:\/\/www.enerjigazetesi.ist\/en\/wp-json\/wp\/v2\/posts\/95640\/revisions"}],"wp:featuredmedia":[{"embeddable":true,"href":"https:\/\/www.enerjigazetesi.ist\/en\/wp-json\/wp\/v2\/media\/95644"}],"wp:attachment":[{"href":"https:\/\/www.enerjigazetesi.ist\/en\/wp-json\/wp\/v2\/media?parent=95640"}],"wp:term":[{"taxonomy":"category","embeddable":true,"href":"https:\/\/www.enerjigazetesi.ist\/en\/wp-json\/wp\/v2\/categories?post=95640"},{"taxonomy":"post_tag","embeddable":true,"href":"https:\/\/www.enerjigazetesi.ist\/en\/wp-json\/wp\/v2\/tags?post=95640"}],"curies":[{"name":"wp","href":"https:\/\/api.w.org\/{rel}","templated":true}]}}