{"id":9557,"date":"2013-04-12T16:52:53","date_gmt":"2013-04-12T13:52:53","guid":{"rendered":"https:\/\/www.enerjigazetesi.ist\/?p=9557"},"modified":"2013-04-12T16:54:18","modified_gmt":"2013-04-12T13:54:18","slug":"pozitif-tutumumuz-suruyor","status":"publish","type":"post","link":"https:\/\/www.enerjigazetesi.ist\/en\/pozitif-tutumumuz-suruyor\/","title":{"rendered":"(Turkish) Pozitif Tutumumuz S\u00fcr\u00fcyor"},"content":{"rendered":"<p class=\"qtranxs-available-languages-message qtranxs-available-languages-message-en\">Sorry, this entry is only available in <a href=\"https:\/\/www.enerjigazetesi.ist\/tr\/wp-json\/wp\/v2\/posts\/9557\" class=\"qtranxs-available-language-link qtranxs-available-language-link-tr\" title=\"Turkish\">Turkish<\/a>. For the sake of viewer convenience, the content is shown below in the alternative language. You may click the link to switch the active language.<\/p><p><strong>Petroleum Istanbul fuar\u0131nda konu\u015fan Taner Y\u0131ld\u0131z a\u00e7\u0131klamalarda bulundu.<\/strong><\/p>\n<p>Y\u0131ld\u0131z: &#8220;Ticari s\u00f6zle\u015fme yapan ister kamu, ister ticari \u015firketlerin yapt\u0131\u011f\u0131 b\u00fct\u00fcn \u00e7al\u0131\u015fmalar, \u00e7\u0131kard\u0131\u011f\u0131 t\u00fcm petrol ve do\u011falgaz Irak\u2019\u0131n normalle\u015fmesiyle alakal\u0131d\u0131r. Biz \u015fu anda Kerk\u00fck-Yumurtal\u0131k ham petrol boru hatt\u0131ndan 70 milyon ton kapasiteli olan bu boru hatt\u0131n\u0131n hen\u00fcz tam kapasiteli \u00e7al\u0131\u015fmad\u0131\u011f\u0131n\u0131 bil<a href=\"https:\/\/www.enerjigazetesi.ist\/wp-content\/uploads\/2013\/04\/petrol-dogalgaz-\u0131rak-pozitif-tutumumuz-suruyor.jpg\"><img loading=\"lazy\" class=\"alignleft size-medium wp-image-9558\" title=\"petrol-dogalgaz-\u0131rak-pozitif-tutumumuz-suruyor\" src=\"https:\/\/www.enerjigazetesi.ist\/wp-content\/uploads\/2013\/04\/petrol-dogalgaz-\u0131rak-pozitif-tutumumuz-suruyor-300x181.jpg\" alt=\"\" width=\"300\" height=\"181\" srcset=\"https:\/\/www.enerjigazetesi.ist\/wp-content\/uploads\/2013\/04\/petrol-dogalgaz-\u0131rak-pozitif-tutumumuz-suruyor-300x181.jpg 300w, https:\/\/www.enerjigazetesi.ist\/wp-content\/uploads\/2013\/04\/petrol-dogalgaz-\u0131rak-pozitif-tutumumuz-suruyor-80x48.jpg 80w, https:\/\/www.enerjigazetesi.ist\/wp-content\/uploads\/2013\/04\/petrol-dogalgaz-\u0131rak-pozitif-tutumumuz-suruyor.jpg 480w\" sizes=\"(max-width: 300px) 100vw, 300px\" \/><\/a>iyoruz.<\/p>\n<p>Ge\u00e7ecek \u00e7ok petrol var, bizim ta\u015f\u0131yabilece\u011fimiz \u00e7ok fazla kapasite var. Her art\u0131 ta\u015f\u0131nan kapasitenin her art\u0131 miktar\u0131n Irak\u2019\u0131n normalle\u015fmesi i\u00e7in kullan\u0131lacak ve Irak halk\u0131n\u0131n tamam\u0131na kullan\u0131lacak bir gelir kalemidir. O a\u00e7\u0131dan T\u00fcrkiye bu yap\u0131y\u0131 desteklemektedir. Biz 15 y\u0131ll\u0131\u011f\u0131na uzatt\u0131\u011f\u0131m\u0131z Kerk\u00fck-Yumurtal\u0131k ham petrol hatt\u0131n\u0131n daha fazla kapasiteyle \u00e7al\u0131\u015fmas\u0131n\u0131 bekliyoruz.<\/p>\n<p>E\u011fer yetmezse ondan sonra tabiki oturup konu\u015furuz. Merkezi Irak h\u00fck\u00fcmetinden say\u0131n meslekta\u015f\u0131m\u0131n Basra\u2019dan kuzeye gelen Basra petrollerinin de T\u00fcrkiye \u00fczerinden ta\u015f\u0131yabilecek projeye s\u0131cak bakt\u0131\u011f\u0131m\u0131z\u0131 s\u00f6yledim. Bu 1200 kilometrelik hatt\u0131n i\u015fletmesinde ortak olarak bulunabilece\u011fimizi veya tamamen yapabilece\u011fimizi de s\u00f6yledim. Bu t\u00fcr projelere a\u00e7\u0131\u011f\u0131z. \u00d6nemli olan Irak\u2019\u0131n b\u00fct\u00fcnl\u00fc\u011f\u00fcn\u00fc gerek toprak gerekse b\u00fct\u00fcn vatanda\u015flar\u0131yla beraber gelir b\u00fct\u00fcnl\u00fc\u011f\u00fcn\u00fc T\u00fcrkiye\u2019nin koyabilece\u011fi art\u0131 katk\u0131lard\u0131r. O a\u00e7\u0131dan pozitif tutumumuz s\u00fcr\u00fcyor.&#8221;<\/p>\n<p>Kaynak: <a href=\"http:\/\/www.energyworld.com.tr\/root.vol?title=-quotpozitif-tutumumuz-suruyor-quot&amp;exec=page&amp;nid=525997\" target=\"_blank\">Energy World<\/a><\/p>","protected":false},"excerpt":{"rendered":"<p>Sorry, this entry is only available in Turkish. For the sake of viewer convenience, the content is shown below in the alternative language. You may click the link to switch the active language.Petroleum Istanbul fuar\u0131nda konu\u015fan Taner Y\u0131ld\u0131z a\u00e7\u0131klamalarda bulundu. Y\u0131ld\u0131z: &#8220;Ticari s\u00f6zle\u015fme yapan ister kamu, ister ticari \u015firketlerin yapt\u0131\u011f\u0131 b\u00fct\u00fcn \u00e7al\u0131\u015fmalar, \u00e7\u0131kard\u0131\u011f\u0131 t\u00fcm petrol [&hellip;]<\/p>\n","protected":false},"author":1,"featured_media":9558,"comment_status":"open","ping_status":"open","sticky":false,"template":"","format":"standard","meta":[],"categories":[46,53,44],"tags":[710,92,63,67,4417,4416,59,4415,667],"views":755,"_links":{"self":[{"href":"https:\/\/www.enerjigazetesi.ist\/en\/wp-json\/wp\/v2\/posts\/9557"}],"collection":[{"href":"https:\/\/www.enerjigazetesi.ist\/en\/wp-json\/wp\/v2\/posts"}],"about":[{"href":"https:\/\/www.enerjigazetesi.ist\/en\/wp-json\/wp\/v2\/types\/post"}],"author":[{"embeddable":true,"href":"https:\/\/www.enerjigazetesi.ist\/en\/wp-json\/wp\/v2\/users\/1"}],"replies":[{"embeddable":true,"href":"https:\/\/www.enerjigazetesi.ist\/en\/wp-json\/wp\/v2\/comments?post=9557"}],"version-history":[{"count":3,"href":"https:\/\/www.enerjigazetesi.ist\/en\/wp-json\/wp\/v2\/posts\/9557\/revisions"}],"predecessor-version":[{"id":9560,"href":"https:\/\/www.enerjigazetesi.ist\/en\/wp-json\/wp\/v2\/posts\/9557\/revisions\/9560"}],"wp:featuredmedia":[{"embeddable":true,"href":"https:\/\/www.enerjigazetesi.ist\/en\/wp-json\/wp\/v2\/media\/9558"}],"wp:attachment":[{"href":"https:\/\/www.enerjigazetesi.ist\/en\/wp-json\/wp\/v2\/media?parent=9557"}],"wp:term":[{"taxonomy":"category","embeddable":true,"href":"https:\/\/www.enerjigazetesi.ist\/en\/wp-json\/wp\/v2\/categories?post=9557"},{"taxonomy":"post_tag","embeddable":true,"href":"https:\/\/www.enerjigazetesi.ist\/en\/wp-json\/wp\/v2\/tags?post=9557"}],"curies":[{"name":"wp","href":"https:\/\/api.w.org\/{rel}","templated":true}]}}