{"id":95487,"date":"2019-07-05T16:08:35","date_gmt":"2019-07-05T13:08:35","guid":{"rendered":"https:\/\/www.enerjigazetesi.ist\/?p=95487"},"modified":"2019-07-05T16:10:22","modified_gmt":"2019-07-05T13:10:22","slug":"5inci-gana-yenilenebilir-enerji-konferans-ve-fuari-ekimde-duzenleniyor","status":"publish","type":"post","link":"https:\/\/www.enerjigazetesi.ist\/en\/5inci-gana-yenilenebilir-enerji-konferans-ve-fuari-ekimde-duzenleniyor\/","title":{"rendered":"(Turkish) 5&#8217;inci Gana Yenilenebilir Enerji Konferans ve Fuar\u0131 Ekim&#8217;de D\u00fczenleniyor!"},"content":{"rendered":"<p class=\"qtranxs-available-languages-message qtranxs-available-languages-message-en\">Sorry, this entry is only available in <a href=\"https:\/\/www.enerjigazetesi.ist\/tr\/wp-json\/wp\/v2\/posts\/95487\" class=\"qtranxs-available-language-link qtranxs-available-language-link-tr\" title=\"Turkish\">Turkish<\/a>. For the sake of viewer convenience, the content is shown below in the alternative language. You may click the link to switch the active language.<\/p><p><\/p>\n<h1><strong>Gana Enerji Bakanl\u0131\u011f\u0131 ile Enerji Komisyonu\u2019nun i\u015fbirli\u011fi ile 7-11 Ekim 2019 <img loading=\"lazy\" class=\"alignleft size-medium wp-image-95489\" src=\"https:\/\/www.enerjigazetesi.ist\/wp-content\/uploads\/2019\/07\/5inci-gana-yenilenebilir-enerji-konferans-ve-fuari-ekimde-duzenleniyor-300x176.jpg\" alt=\"\" width=\"300\" height=\"176\" srcset=\"https:\/\/www.enerjigazetesi.ist\/wp-content\/uploads\/2019\/07\/5inci-gana-yenilenebilir-enerji-konferans-ve-fuari-ekimde-duzenleniyor-300x176.jpg 300w, https:\/\/www.enerjigazetesi.ist\/wp-content\/uploads\/2019\/07\/5inci-gana-yenilenebilir-enerji-konferans-ve-fuari-ekimde-duzenleniyor-80x47.jpg 80w, https:\/\/www.enerjigazetesi.ist\/wp-content\/uploads\/2019\/07\/5inci-gana-yenilenebilir-enerji-konferans-ve-fuari-ekimde-duzenleniyor.jpg 340w\" sizes=\"(max-width: 300px) 100vw, 300px\" \/>tarihlerinde,\u00a05&#8217;inci Gana Yenilenebilir Enerji Konferans ve Fuar\u0131 ger\u00e7ekle\u015ftirilecektir.<\/strong><\/h1>\n<p>Her y\u0131l yenilenebilir enerji projeleri ve altyap\u0131s\u0131n\u0131 geli\u015ftirmek i\u00e7in Afrika b\u00f6lgesinden enerji uzmanlar\u0131n\u0131 ve liderleri bir araya getiren etkinlik, Akra Uluslararas\u0131 Konferans Merkezi\u2019nde ger\u00e7ekle\u015ftirilecek.<\/p>\n<p><strong>5. Gana Yenilenebilir Enerji Konferans ve Fuar\u0131<\/strong>\u00a0ile ilgili detayl\u0131 bilgiye ula\u015fmak i\u00e7in\u00a0<a href=\"http:\/\/ghanarefair.energycom.gov.gh\/en\/\" target=\"_blank\" rel=\"noopener\">http:\/\/ghanarefair.energycom.gov.gh\/en\/<\/a> adresini ziyaret edebilirsiniz.<\/p>","protected":false},"excerpt":{"rendered":"<p>Sorry, this entry is only available in Turkish. For the sake of viewer convenience, the content is shown below in the alternative language. You may click the link to switch the active language. Gana Enerji Bakanl\u0131\u011f\u0131 ile Enerji Komisyonu\u2019nun i\u015fbirli\u011fi ile 7-11 Ekim 2019 tarihlerinde,\u00a05&#8217;inci Gana Yenilenebilir Enerji Konferans ve Fuar\u0131 ger\u00e7ekle\u015ftirilecektir. Her y\u0131l yenilenebilir [&hellip;]<\/p>\n","protected":false},"author":1,"featured_media":95489,"comment_status":"open","ping_status":"open","sticky":false,"template":"","format":"standard","meta":[],"categories":[51,53,49,50],"tags":[53350,53352,53349,52259,53351,35038,23416,23133,34925,23131,35002,24949,34961,34960,34977,26829,3866],"views":628,"_links":{"self":[{"href":"https:\/\/www.enerjigazetesi.ist\/en\/wp-json\/wp\/v2\/posts\/95487"}],"collection":[{"href":"https:\/\/www.enerjigazetesi.ist\/en\/wp-json\/wp\/v2\/posts"}],"about":[{"href":"https:\/\/www.enerjigazetesi.ist\/en\/wp-json\/wp\/v2\/types\/post"}],"author":[{"embeddable":true,"href":"https:\/\/www.enerjigazetesi.ist\/en\/wp-json\/wp\/v2\/users\/1"}],"replies":[{"embeddable":true,"href":"https:\/\/www.enerjigazetesi.ist\/en\/wp-json\/wp\/v2\/comments?post=95487"}],"version-history":[{"count":0,"href":"https:\/\/www.enerjigazetesi.ist\/en\/wp-json\/wp\/v2\/posts\/95487\/revisions"}],"wp:featuredmedia":[{"embeddable":true,"href":"https:\/\/www.enerjigazetesi.ist\/en\/wp-json\/wp\/v2\/media\/95489"}],"wp:attachment":[{"href":"https:\/\/www.enerjigazetesi.ist\/en\/wp-json\/wp\/v2\/media?parent=95487"}],"wp:term":[{"taxonomy":"category","embeddable":true,"href":"https:\/\/www.enerjigazetesi.ist\/en\/wp-json\/wp\/v2\/categories?post=95487"},{"taxonomy":"post_tag","embeddable":true,"href":"https:\/\/www.enerjigazetesi.ist\/en\/wp-json\/wp\/v2\/tags?post=95487"}],"curies":[{"name":"wp","href":"https:\/\/api.w.org\/{rel}","templated":true}]}}