{"id":95429,"date":"2019-07-04T12:04:42","date_gmt":"2019-07-04T09:04:42","guid":{"rendered":"https:\/\/www.enerjigazetesi.ist\/?p=95429"},"modified":"2019-07-04T12:07:34","modified_gmt":"2019-07-04T09:07:34","slug":"avrupa-birliginden-elektrikli-otomobillere-ses-zorunlulugu-getirildi","status":"publish","type":"post","link":"https:\/\/www.enerjigazetesi.ist\/en\/avrupa-birliginden-elektrikli-otomobillere-ses-zorunlulugu-getirildi\/","title":{"rendered":"(Turkish) Avrupa Birli\u011fi&#8217;nden Elektrikli Otomobillere Ses Zorunlulu\u011fu Getirildi"},"content":{"rendered":"<p class=\"qtranxs-available-languages-message qtranxs-available-languages-message-en\">Sorry, this entry is only available in <a href=\"https:\/\/www.enerjigazetesi.ist\/tr\/wp-json\/wp\/v2\/posts\/95429\" class=\"qtranxs-available-language-link qtranxs-available-language-link-tr\" title=\"Turkish\">Turkish<\/a>. For the sake of viewer convenience, the content is shown below in the alternative language. You may click the link to switch the active language.<\/p><p><\/p>\n<h1>Avrupa Birli\u011fi (AB) \u00fclkelerinde art\u0131k sat\u0131lan b\u00fct\u00fcn yeni elektrikli ve hibrit otomobillerde d\u00fc\u015f\u00fck h\u0131zlarda giderken ses \u00e7\u0131kartan sistem<img loading=\"lazy\" class=\"alignright wp-image-95431\" src=\"https:\/\/www.enerjigazetesi.ist\/wp-content\/uploads\/2019\/07\/avrupa-birliginden-elektrikli-otomobillere-ses-zorunlulugu-getirildi-300x169.jpg\" alt=\"\" width=\"320\" height=\"180\" srcset=\"https:\/\/www.enerjigazetesi.ist\/wp-content\/uploads\/2019\/07\/avrupa-birliginden-elektrikli-otomobillere-ses-zorunlulugu-getirildi-300x169.jpg 300w, https:\/\/www.enerjigazetesi.ist\/wp-content\/uploads\/2019\/07\/avrupa-birliginden-elektrikli-otomobillere-ses-zorunlulugu-getirildi-500x281.jpg 500w, https:\/\/www.enerjigazetesi.ist\/wp-content\/uploads\/2019\/07\/avrupa-birliginden-elektrikli-otomobillere-ses-zorunlulugu-getirildi-80x45.jpg 80w, https:\/\/www.enerjigazetesi.ist\/wp-content\/uploads\/2019\/07\/avrupa-birliginden-elektrikli-otomobillere-ses-zorunlulugu-getirildi.jpg 750w\" sizes=\"(max-width: 320px) 100vw, 320px\" \/> bulunmas\u0131 zorunlu oldu.<\/h1>\n<p>Avrupa Parlamentosu&#8217;nun (AP) 2014 y\u0131l\u0131nda onaylad\u0131\u011f\u0131 yol ve yaya g\u00fcvenli\u011fini art\u0131rmaya y\u00f6nelik yeni d\u00fczenleme, 5 y\u0131ll\u0131k ge\u00e7i\u015f s\u00fcrecinin ard\u0131ndan bug\u00fcn y\u00fcr\u00fcrl\u00fc\u011fe girdi.<\/p>\n<p>Buna g\u00f6re, AB&#8217;de sat\u0131lan b\u00fct\u00fcn yeni elektrikli ve hibrit otomobillerin saatte 20 kilometrenin alt\u0131ndaki h\u0131zlarda seyrederken en az 56 desibellik g\u00fcr\u00fclt\u00fc \u00e7\u0131kartmas\u0131n\u0131 sa\u011flayacak sistemlere sahip olmalar\u0131 gerekecek.<\/p>\n<p>S\u00f6z konusu sistemden \u00e7\u0131kan ses, elektrikli otomobillerin h\u0131z\u0131 artarken y\u00fckselecek ve h\u0131z\u0131 yava\u015flarken azalacak. Halen kullan\u0131lan elektrikli otomobillere ise 2021 y\u0131l\u0131na kadar ses \u00e7\u0131karan sistemler kurulacak.<\/p>\n<p><a href=\"http:\/\/www.elder.org.tr\/ebulten\/bulten226.html#haber7\" target=\"_blank\" rel=\"noopener\"><strong>ELDER E-B\u00fclten<\/strong><\/a><strong> \/\u00a0<\/strong><a href=\"https:\/\/www.bbc.com\/news\/business-48815968\" target=\"_blank\" rel=\"noopener\"><strong>BBC <\/strong><\/a><\/p>","protected":false},"excerpt":{"rendered":"<p>Sorry, this entry is only available in Turkish. For the sake of viewer convenience, the content is shown below in the alternative language. You may click the link to switch the active language. Avrupa Birli\u011fi (AB) \u00fclkelerinde art\u0131k sat\u0131lan b\u00fct\u00fcn yeni elektrikli ve hibrit otomobillerde d\u00fc\u015f\u00fck h\u0131zlarda giderken ses \u00e7\u0131kartan sistem bulunmas\u0131 zorunlu oldu. Avrupa [&hellip;]<\/p>\n","protected":false},"author":1,"featured_media":95431,"comment_status":"open","ping_status":"open","sticky":false,"template":"","format":"standard","meta":[],"categories":[51,53],"tags":[1192,9520,2132,4594,51110,53307,52259,53308],"views":350,"_links":{"self":[{"href":"https:\/\/www.enerjigazetesi.ist\/en\/wp-json\/wp\/v2\/posts\/95429"}],"collection":[{"href":"https:\/\/www.enerjigazetesi.ist\/en\/wp-json\/wp\/v2\/posts"}],"about":[{"href":"https:\/\/www.enerjigazetesi.ist\/en\/wp-json\/wp\/v2\/types\/post"}],"author":[{"embeddable":true,"href":"https:\/\/www.enerjigazetesi.ist\/en\/wp-json\/wp\/v2\/users\/1"}],"replies":[{"embeddable":true,"href":"https:\/\/www.enerjigazetesi.ist\/en\/wp-json\/wp\/v2\/comments?post=95429"}],"version-history":[{"count":0,"href":"https:\/\/www.enerjigazetesi.ist\/en\/wp-json\/wp\/v2\/posts\/95429\/revisions"}],"wp:featuredmedia":[{"embeddable":true,"href":"https:\/\/www.enerjigazetesi.ist\/en\/wp-json\/wp\/v2\/media\/95431"}],"wp:attachment":[{"href":"https:\/\/www.enerjigazetesi.ist\/en\/wp-json\/wp\/v2\/media?parent=95429"}],"wp:term":[{"taxonomy":"category","embeddable":true,"href":"https:\/\/www.enerjigazetesi.ist\/en\/wp-json\/wp\/v2\/categories?post=95429"},{"taxonomy":"post_tag","embeddable":true,"href":"https:\/\/www.enerjigazetesi.ist\/en\/wp-json\/wp\/v2\/tags?post=95429"}],"curies":[{"name":"wp","href":"https:\/\/api.w.org\/{rel}","templated":true}]}}