{"id":95425,"date":"2019-07-04T11:57:55","date_gmt":"2019-07-04T08:57:55","guid":{"rendered":"https:\/\/www.enerjigazetesi.ist\/?p=95425"},"modified":"2019-07-04T12:20:03","modified_gmt":"2019-07-04T09:20:03","slug":"iklim-degisikligi-10-yilda-120-milyon-kisinin-yoksullasmasina-neden-olabilir","status":"publish","type":"post","link":"https:\/\/www.enerjigazetesi.ist\/en\/iklim-degisikligi-10-yilda-120-milyon-kisinin-yoksullasmasina-neden-olabilir\/","title":{"rendered":"(Turkish) \u0130klim De\u011fi\u015fikli\u011fi 10 Y\u0131lda 120 Milyon Ki\u015fiyi Yoksulla\u015ft\u0131rabilir&#8230;"},"content":{"rendered":"<p class=\"qtranxs-available-languages-message qtranxs-available-languages-message-en\">Sorry, this entry is only available in <a href=\"https:\/\/www.enerjigazetesi.ist\/tr\/wp-json\/wp\/v2\/posts\/95425\" class=\"qtranxs-available-language-link qtranxs-available-language-link-tr\" title=\"Turkish\">Turkish<\/a>. For the sake of viewer convenience, the content is shown below in the alternative language. You may click the link to switch the active language.<\/p><p><\/p>\n<h1><strong>BM\u2019nin haz\u0131rlad\u0131\u011f\u0131 rapora g\u00f6re, iklim de\u011fi\u015fikli\u011fi sebebiyle 2030 y\u0131l\u0131na kadar d\u00fcnya genelinde 120 milyon ki\u015fi yoksulla\u015facak.<\/strong><\/h1>\n<p>Birle\u015fmi\u015f Milletler\u2019in (BM) iklim de\u011fi\u015fikli\u011fi ile yoksulluk ve insan haklar\u0131 aras\u0131ndaki ili\u015fkiyi\u00a0ele alan raporu, 2030 ile 2050 y\u0131llar\u0131 aras\u0131nda iklim de\u011fi\u015fikli\u011fi y\u00fcz\u00fcnden y\u0131lda 100 milyon ki\u015finin ekonomik a\u00e7\u0131dan olumsuz etkilenece\u011fini, 250 bin ki\u015finin de hastal\u0131klar sebebiyle hayat\u0131n\u0131 kaybedece\u011fini ortaya <img loading=\"lazy\" class=\"alignleft wp-image-95427\" src=\"https:\/\/www.enerjigazetesi.ist\/wp-content\/uploads\/2019\/07\/iklim-degisikligi-10-yilda-120-milyon-kisinin-yoksullasmasina-neden-olabilir-300x168.jpg\" alt=\"\" width=\"320\" height=\"179\" srcset=\"https:\/\/www.enerjigazetesi.ist\/wp-content\/uploads\/2019\/07\/iklim-degisikligi-10-yilda-120-milyon-kisinin-yoksullasmasina-neden-olabilir-300x168.jpg 300w, https:\/\/www.enerjigazetesi.ist\/wp-content\/uploads\/2019\/07\/iklim-degisikligi-10-yilda-120-milyon-kisinin-yoksullasmasina-neden-olabilir-768x430.jpg 768w, https:\/\/www.enerjigazetesi.ist\/wp-content\/uploads\/2019\/07\/iklim-degisikligi-10-yilda-120-milyon-kisinin-yoksullasmasina-neden-olabilir-500x280.jpg 500w, https:\/\/www.enerjigazetesi.ist\/wp-content\/uploads\/2019\/07\/iklim-degisikligi-10-yilda-120-milyon-kisinin-yoksullasmasina-neden-olabilir-80x45.jpg 80w, https:\/\/www.enerjigazetesi.ist\/wp-content\/uploads\/2019\/07\/iklim-degisikligi-10-yilda-120-milyon-kisinin-yoksullasmasina-neden-olabilir.jpg 871w\" sizes=\"(max-width: 320px) 100vw, 320px\" \/>koyuyor.<\/p>\n<p>Raporda muhtemel yoksullu\u011fun ba\u015fl\u0131ca nedenleri aras\u0131nda iklim de\u011fi\u015fikli\u011fine ba\u011fl\u0131 olarak baz\u0131 b\u00f6lgelerde besin yetersizli\u011fi, kurakl\u0131k, a\u00e7l\u0131k, okyanus s\u0131cakl\u0131\u011f\u0131n\u0131n y\u00fckselmesi ve g\u0131da \u00fcretiminin azalmas\u0131 yer al\u0131yor.\u00a0 Rapora g\u00f6re, iklim de\u011fi\u015fikli\u011fi mevcut yoksullu\u011fu ve e\u015fitsizli\u011fi art\u0131racak. En \u00e7ok yoksul \u00fclkeler etkilenecek.<\/p>\n<p>\u0130klim de\u011fi\u015fikli\u011fine ba\u011fl\u0131 hava olaylar\u0131 ekonomiye zarar veriyor. Yaln\u0131zca ABD\u2019de 1980\u2019den bu yana ger\u00e7ekle\u015fen 241 a\u015f\u0131r\u0131 hava olay\u0131 1.6 trilyon dolar zarara yola a\u00e7t\u0131.<\/p>\n<p>En zengin %1\u2019lik kesimde yer alan bir ki\u015fi, en yoksul %10\u2019da yer alan bir ki\u015fiden 175 kat daha fazla karbon sal\u0131m\u0131na sebep oluyor. H\u00fck\u00fcmetlerin Paris \u0130klim Anla\u015fmas\u0131\u2019na sad\u0131k kalmamas\u0131 iklim de\u011fi\u015fikli\u011finin ekonomik etkilerini art\u0131racak. \u0130klim de\u011fi\u015fikli\u011fi sebebiyle insanlar ya\u015fama, beslenme, bar\u0131nma ve su gibi temel insan haklar\u0131ndan mahrum kalacak.<\/p>\n<p>BM\u2019ye g\u00f6re, h\u00fck\u00fcmetler sorumluluk alarak iklim de\u011fi\u015fikli\u011fi ve ekonomiyi bir arada d\u00fc\u015f\u00fcnmeli. Temiz enerjiye ge\u00e7mek i\u00e7in g\u00f6sterilen \u00e7abalara \u00f6ncelik verilmeli. Temiz enerji tek ba\u015f\u0131na 18 milyon ki\u015fiye i\u015f imkan\u0131 sa\u011flama potansiyeline sahip.<\/p>\n<p>Bir yandan iklim de\u011fi\u015fikli\u011finin ekonomi ve insan haklar\u0131na etkilerine y\u00f6nelik politika geli\u015ftirilirken, di\u011fer yandan sivil toplum, aktivistler ve di\u011fer payda\u015flar\u0131n da s\u00fcrece katk\u0131 koymas\u0131 sa\u011flanmal\u0131.<\/p>\n<p>Greenpeace \u0130klim Adaleti Projesi Dava Dan\u0131\u015fman\u0131 Louise Fournier rapor hakk\u0131nda: \u201c\u0130klim de\u011fi\u015fikli\u011fi bir insan haklar\u0131 meselesi. Bu rapor iklim de\u011fi\u015fikli\u011fiyle acilen m\u00fccadele edilmesi gerekti\u011fini ortaya koyuyor.\u201d dedi. Greenpeace Akdeniz \u0130klim ve Enerji Proje Sorumlusu Duygu Kutluay ise, \u201cBilim insanlar\u0131n\u0131n ortaya koydu\u011fu ger\u00e7eklere art\u0131k kulak t\u0131kayamayacak durumday\u0131z. K\u00fcresel iklim de\u011fi\u015fikli\u011fi, etkilerine her an tan\u0131kl\u0131k etti\u011fimiz bir iklim krizine d\u00f6n\u00fc\u015ft\u00fc. Bu kriz o kadar b\u00fcy\u00fck \u00f6l\u00e7ekli ki, ekonomiyi ve toplumu da olumsuz y\u00f6nde etkiliyor. Bu y\u00fczden acilen harekete ge\u00e7ilmeli.\u201d diye konu\u015ftu.<\/p>\n<p>Kaynak: <a href=\"https:\/\/news.un.org\/en\/story\/2019\/06\/1041261\" target=\"_blank\" rel=\"noopener\">Birle\u015fmi\u015f Milletler<\/a><\/p>","protected":false},"excerpt":{"rendered":"<p>Sorry, this entry is only available in Turkish. For the sake of viewer convenience, the content is shown below in the alternative language. You may click the link to switch the active language. BM\u2019nin haz\u0131rlad\u0131\u011f\u0131 rapora g\u00f6re, iklim de\u011fi\u015fikli\u011fi sebebiyle 2030 y\u0131l\u0131na kadar d\u00fcnya genelinde 120 milyon ki\u015fi yoksulla\u015facak. Birle\u015fmi\u015f Milletler\u2019in (BM) iklim de\u011fi\u015fikli\u011fi ile [&hellip;]<\/p>\n","protected":false},"author":1,"featured_media":95427,"comment_status":"open","ping_status":"open","sticky":false,"template":"","format":"standard","meta":[],"categories":[53,52],"tags":[1350,10165,53306,52259,1401,53305,1999,41159,6565,53304,27449,34977,90,39177,53303],"views":376,"_links":{"self":[{"href":"https:\/\/www.enerjigazetesi.ist\/en\/wp-json\/wp\/v2\/posts\/95425"}],"collection":[{"href":"https:\/\/www.enerjigazetesi.ist\/en\/wp-json\/wp\/v2\/posts"}],"about":[{"href":"https:\/\/www.enerjigazetesi.ist\/en\/wp-json\/wp\/v2\/types\/post"}],"author":[{"embeddable":true,"href":"https:\/\/www.enerjigazetesi.ist\/en\/wp-json\/wp\/v2\/users\/1"}],"replies":[{"embeddable":true,"href":"https:\/\/www.enerjigazetesi.ist\/en\/wp-json\/wp\/v2\/comments?post=95425"}],"version-history":[{"count":0,"href":"https:\/\/www.enerjigazetesi.ist\/en\/wp-json\/wp\/v2\/posts\/95425\/revisions"}],"wp:featuredmedia":[{"embeddable":true,"href":"https:\/\/www.enerjigazetesi.ist\/en\/wp-json\/wp\/v2\/media\/95427"}],"wp:attachment":[{"href":"https:\/\/www.enerjigazetesi.ist\/en\/wp-json\/wp\/v2\/media?parent=95425"}],"wp:term":[{"taxonomy":"category","embeddable":true,"href":"https:\/\/www.enerjigazetesi.ist\/en\/wp-json\/wp\/v2\/categories?post=95425"},{"taxonomy":"post_tag","embeddable":true,"href":"https:\/\/www.enerjigazetesi.ist\/en\/wp-json\/wp\/v2\/tags?post=95425"}],"curies":[{"name":"wp","href":"https:\/\/api.w.org\/{rel}","templated":true}]}}