{"id":95416,"date":"2019-07-04T11:22:36","date_gmt":"2019-07-04T08:22:36","guid":{"rendered":"https:\/\/www.enerjigazetesi.ist\/?p=95416"},"modified":"2019-07-04T11:25:14","modified_gmt":"2019-07-04T08:25:14","slug":"esarj-elektrikli-araclara-ozel-hizli-sarj-istasyonlari-kuzey-cevre-otoyolunda","status":"publish","type":"post","link":"https:\/\/www.enerjigazetesi.ist\/en\/esarj-elektrikli-araclara-ozel-hizli-sarj-istasyonlari-kuzey-cevre-otoyolunda\/","title":{"rendered":"(Turkish) E\u015farj Elektrikli Ara\u00e7lara \u00d6zel H\u0131zl\u0131 \u015earj \u0130stasyonlar\u0131 &#8216;Kuzey \u00c7evre Otoyolu&#8217;nda!"},"content":{"rendered":"<p class=\"qtranxs-available-languages-message qtranxs-available-languages-message-en\">Sorry, this entry is only available in <a href=\"https:\/\/www.enerjigazetesi.ist\/tr\/wp-json\/wp\/v2\/posts\/95416\" class=\"qtranxs-available-language-link qtranxs-available-language-link-tr\" title=\"Turkish\">Turkish<\/a>. For the sake of viewer convenience, the content is shown below in the alternative language. You may click the link to switch the active language.<\/p><p><\/p>\n<h1><strong>Enerjisa Enerji\u2019nin ge\u00e7ti\u011fimiz y\u0131l sat\u0131n ald\u0131\u011f\u0131 T\u00fcrkiye\u2019nin en yayg\u0131n elektrikli ara\u00e7 \u015farj istasyonu a\u011f\u0131 olan E\u015farj, 255&#8217;inci istasyonunu Yavuz Sultan Selim K\u00f6pr\u00fcs\u00fc ve Kuzey \u00c7evre Otoyolu\u2019nda a\u00e7t\u0131.<\/strong><\/h1>\n<p><img loading=\"lazy\" class=\"alignleft size-medium wp-image-95418\" src=\"https:\/\/www.enerjigazetesi.ist\/wp-content\/uploads\/2019\/07\/esarj-elektrikli-araclara-ozel-hizli-sarj-istasyonlari-kuzey-cevre-otoyolunda-300x225.jpg\" alt=\"\" width=\"300\" height=\"225\" srcset=\"https:\/\/www.enerjigazetesi.ist\/wp-content\/uploads\/2019\/07\/esarj-elektrikli-araclara-ozel-hizli-sarj-istasyonlari-kuzey-cevre-otoyolunda-300x225.jpg 300w, https:\/\/www.enerjigazetesi.ist\/wp-content\/uploads\/2019\/07\/esarj-elektrikli-araclara-ozel-hizli-sarj-istasyonlari-kuzey-cevre-otoyolunda-500x375.jpg 500w, https:\/\/www.enerjigazetesi.ist\/wp-content\/uploads\/2019\/07\/esarj-elektrikli-araclara-ozel-hizli-sarj-istasyonlari-kuzey-cevre-otoyolunda-67x50.jpg 67w, https:\/\/www.enerjigazetesi.ist\/wp-content\/uploads\/2019\/07\/esarj-elektrikli-araclara-ozel-hizli-sarj-istasyonlari-kuzey-cevre-otoyolunda.jpg 651w\" sizes=\"(max-width: 300px) 100vw, 300px\" \/>T\u00fcrkiye genelinde 24 ilde 255 nokta ile en yayg\u0131n elektrikli ara\u00e7 \u015farj istasyonu a\u011f\u0131 haline gelen E\u015farj, ICA ile ger\u00e7ekle\u015ftirdi\u011fi i\u015fbirli\u011fi do\u011frultusunda Yavuz Sultan Selim K\u00f6pr\u00fcs\u00fc ve Kuzey \u00c7evre Otoyolu g\u00fczerg\u00e2h\u0131nda elektrikli ara\u00e7lar i\u00e7in ilk h\u0131zl\u0131 E\u015farj istasyonunu hayata ge\u00e7irdi.<\/p>\n<p>Kuzey \u00c7evre Otoyolu \u00fczerinde hizmet veren dinlenme tesisleri Bi Mola I\u015f\u0131klar ve Bi Mola Fenertepe\u2019de bulunan h\u0131zl\u0131 E\u015farj istasyonlar\u0131, bir elektrikli arac\u0131 ortalama olarak 15-20 dakika i\u00e7erisinde 100 km menzil alacak \u015fekilde g\u00fc\u00e7 kayna\u011f\u0131yla dolduruyor.<\/p>\n<h2><strong>Elektrikli ara\u00e7lar ile hem <\/strong><strong>\u015f<\/strong><strong>ehir i<\/strong><strong>\u00e7<\/strong><strong>i hem de <\/strong><strong>\u015f<\/strong><strong>ehir d<\/strong><strong>\u0131\u015f\u0131<\/strong> <strong>\u015f<\/strong><strong>arj olmak art<\/strong><strong>\u0131<\/strong><strong>k kolay<\/strong><\/h2>\n<p>T\u00fcrkiye\u2019de 2008 y\u0131l\u0131nda faaliyete ge\u00e7en E\u015farj, \u015farj istasyonlar\u0131 sat\u0131\u015f\u0131 ve sarj istasyonu a\u011f\u0131 kurulumu alan\u0131nda faaliyet g\u00f6steriyor ve bug\u00fcn itibariyle T\u00fcrkiye\u2019de 1.600\u2019\u00fcn \u00fczerinde m\u00fc\u015fterisi bulunuyor. E\u015farj, yayg\u0131n istasyon a\u011f\u0131 ile hem \u015fehir i\u00e7i g\u00fczergahlarda hem de \u015fehirleraras\u0131 yollarda elektrikli ara\u00e7lar ile seyahati kolayla\u015ft\u0131r\u0131yor.<\/p>","protected":false},"excerpt":{"rendered":"<p>Sorry, this entry is only available in Turkish. For the sake of viewer convenience, the content is shown below in the alternative language. You may click the link to switch the active language. Enerjisa Enerji\u2019nin ge\u00e7ti\u011fimiz y\u0131l sat\u0131n ald\u0131\u011f\u0131 T\u00fcrkiye\u2019nin en yayg\u0131n elektrikli ara\u00e7 \u015farj istasyonu a\u011f\u0131 olan E\u015farj, 255&#8217;inci istasyonunu Yavuz Sultan Selim K\u00f6pr\u00fcs\u00fc [&hellip;]<\/p>\n","protected":false},"author":1,"featured_media":95418,"comment_status":"open","ping_status":"open","sticky":false,"template":"","format":"standard","meta":[],"categories":[51,53],"tags":[53295,53294,25473,53290,35236,52259,37825,37787,53289,53293,512,53292,53296,53291],"views":465,"_links":{"self":[{"href":"https:\/\/www.enerjigazetesi.ist\/en\/wp-json\/wp\/v2\/posts\/95416"}],"collection":[{"href":"https:\/\/www.enerjigazetesi.ist\/en\/wp-json\/wp\/v2\/posts"}],"about":[{"href":"https:\/\/www.enerjigazetesi.ist\/en\/wp-json\/wp\/v2\/types\/post"}],"author":[{"embeddable":true,"href":"https:\/\/www.enerjigazetesi.ist\/en\/wp-json\/wp\/v2\/users\/1"}],"replies":[{"embeddable":true,"href":"https:\/\/www.enerjigazetesi.ist\/en\/wp-json\/wp\/v2\/comments?post=95416"}],"version-history":[{"count":0,"href":"https:\/\/www.enerjigazetesi.ist\/en\/wp-json\/wp\/v2\/posts\/95416\/revisions"}],"wp:featuredmedia":[{"embeddable":true,"href":"https:\/\/www.enerjigazetesi.ist\/en\/wp-json\/wp\/v2\/media\/95418"}],"wp:attachment":[{"href":"https:\/\/www.enerjigazetesi.ist\/en\/wp-json\/wp\/v2\/media?parent=95416"}],"wp:term":[{"taxonomy":"category","embeddable":true,"href":"https:\/\/www.enerjigazetesi.ist\/en\/wp-json\/wp\/v2\/categories?post=95416"},{"taxonomy":"post_tag","embeddable":true,"href":"https:\/\/www.enerjigazetesi.ist\/en\/wp-json\/wp\/v2\/tags?post=95416"}],"curies":[{"name":"wp","href":"https:\/\/api.w.org\/{rel}","templated":true}]}}