{"id":95367,"date":"2019-07-03T17:47:15","date_gmt":"2019-07-03T14:47:15","guid":{"rendered":"https:\/\/www.enerjigazetesi.ist\/?p=95367"},"modified":"2019-07-03T17:49:29","modified_gmt":"2019-07-03T14:49:29","slug":"tuba-enerji-depolama-teknolojileri-calistayi-ve-paneli-duzenliyor","status":"publish","type":"post","link":"https:\/\/www.enerjigazetesi.ist\/en\/tuba-enerji-depolama-teknolojileri-calistayi-ve-paneli-duzenliyor\/","title":{"rendered":"(Turkish) &#8217;T\u00dcBA&#8217; Enerji Depolama Teknolojileri \u00c7al\u0131\u015ftay\u0131 ve Paneli D\u00fczenliyor!"},"content":{"rendered":"<p class=\"qtranxs-available-languages-message qtranxs-available-languages-message-en\">Sorry, this entry is only available in <a href=\"https:\/\/www.enerjigazetesi.ist\/tr\/wp-json\/wp\/v2\/posts\/95367\" class=\"qtranxs-available-language-link qtranxs-available-language-link-tr\" title=\"Turkish\">Turkish<\/a>. For the sake of viewer convenience, the content is shown below in the alternative language. You may click the link to switch the active language.<\/p><p><\/p>\n<h1>T\u00fcrkiye Bilimler Akademisi (T\u00dcBA) Asli \u00dcyesi ve Y\u0131ld\u0131z Teknik \u00dcniversitesi, M\u00fchendislik\u00a0Fak\u00fcltesi Makine M\u00fchendisli\u011fi B\u00f6l\u00fcm\u00fc \u00d6\u011fretim \u00dcyesi Prof. Dr. \u0130brahim\u00a0Din\u00e7er\u2019in y\u00fcr\u00fct\u00fcc\u00fcl\u00fc\u011f\u00fcn\u00fc yapt\u0131\u011f\u0131 T\u00dcBA Enerji \u00c7al\u0131\u015fma Grubu, 4-5 Temmuz 2019 tarihlerinde I\u011fd\u0131r \u00dcniversitesi ev sahipli\u011finde \u201cEnerji Depolama\u00a0Teknolojileri \u00c7al\u0131\u015ftay\u0131 ve Paneli\u201d d\u00fczenleyecek.<\/h1>\n<p>D\u00fczenlenen \u00e7al\u0131\u015ftay ve panelde ilgili payda\u015flar\u0131n kat\u0131l\u0131m\u0131yla enerji depolama teknolojileri t\u00fcm boyutlar\u0131yla masaya yat\u0131r\u0131lacak.<\/p>\n<p><img loading=\"lazy\" class=\"alignright wp-image-95369\" src=\"https:\/\/www.enerjigazetesi.ist\/wp-content\/uploads\/2019\/07\/tuba-enerji-depolama-teknolojileri-calistayi-ve-paneli-duzenliyor-300x141.jpg\" alt=\"\" width=\"340\" height=\"159\" srcset=\"https:\/\/www.enerjigazetesi.ist\/wp-content\/uploads\/2019\/07\/tuba-enerji-depolama-teknolojileri-calistayi-ve-paneli-duzenliyor-300x141.jpg 300w, https:\/\/www.enerjigazetesi.ist\/wp-content\/uploads\/2019\/07\/tuba-enerji-depolama-teknolojileri-calistayi-ve-paneli-duzenliyor-768x360.jpg 768w, https:\/\/www.enerjigazetesi.ist\/wp-content\/uploads\/2019\/07\/tuba-enerji-depolama-teknolojileri-calistayi-ve-paneli-duzenliyor-1024x480.jpg 1024w, https:\/\/www.enerjigazetesi.ist\/wp-content\/uploads\/2019\/07\/tuba-enerji-depolama-teknolojileri-calistayi-ve-paneli-duzenliyor-500x234.jpg 500w, https:\/\/www.enerjigazetesi.ist\/wp-content\/uploads\/2019\/07\/tuba-enerji-depolama-teknolojileri-calistayi-ve-paneli-duzenliyor-80x37.jpg 80w, https:\/\/www.enerjigazetesi.ist\/wp-content\/uploads\/2019\/07\/tuba-enerji-depolama-teknolojileri-calistayi-ve-paneli-duzenliyor.jpg 1048w\" sizes=\"(max-width: 340px) 100vw, 340px\" \/>\u00c7al\u0131\u015ftay kapsam\u0131nda \u00fclkemizde enerji depolama teknolojileri alan\u0131ndaki ara\u015ft\u0131rma, geli\u015ftirme faaliyetlerinin hem akademik hem de end\u00fcstriyel boyutta ele al\u0131nmas\u0131n\u0131n planland\u0131\u011f\u0131n\u0131 dile getiren \u015eeker, &#8220;\u00dclkemizdeki teknolojik\u00a0 altyap\u0131n\u0131n ve yeni e\u011filimlerin belirlenmesi, \u00f6ng\u00f6r\u00fclerin payla\u015f\u0131lmas\u0131,\u00a0 stratejik \u00f6nceliklerin olu\u015fturulmas\u0131 bilimsel ve teknolojik yol\u00a0 haritas\u0131n\u0131n \u00e7\u0131kar\u0131lmas\u0131 ve de sonu\u00e7 raporu yaz\u0131lmas\u0131 hedefleniyor. Bu \u00e7al\u0131\u015ftay \u0131\u015f\u0131\u011f\u0131nda \u00f6nemli ve de stratejik bir alan olan enerji depolama\u00a0 hakk\u0131nda \u00fclkemizin \u00f6ncelikleri belirlenerek ne t\u00fcr \u00e7al\u0131\u015fmalar\u0131n ortaya\u00a0 koyulmas\u0131 gerekti\u011fine dair yol haritalar\u0131 olu\u015fturulacak. Sonu\u00e7 olarak hedeflenen \u00fclkemizde bu \u00f6nemli alanda ihtiya\u00e7 duyulan insan kayna\u011f\u0131n\u0131 olu\u015fturacak mekanizmalar\u0131n kurulmas\u0131na katk\u0131 sa\u011flamak, altyap\u0131n\u0131n geli\u015fiminde rol oynayacak d\u00fczenlemeleri belirlemek olacak.\u00a0Bu hedeflerin ger\u00e7ekle\u015fmesi i\u00e7in t\u00fcm bu \u00e7al\u0131\u015fmalar\u0131 y\u00fcr\u00fcten\u00a0T\u00dcBA-Enerji \u00c7al\u0131\u015fma Grubu\u2019na ve Grubun Y\u00fcr\u00fct\u00fcc\u00fcs\u00fc Prof. Dr. \u0130brahim\u00a0Din\u00e7er\u2019e de \u00f6zellikle te\u015fekk\u00fcr etmek isterim. Uzun s\u00fcredir \u00fczerinde \u00e7al\u0131\u015ft\u0131klar\u0131 bu ve benzeri \u00e7al\u0131\u015ftaylar bilimsel ve teknolojik anlamda d\u00fcnyada devam eden bu b\u00fcy\u00fck yar\u0131\u015fta \u00fclkemizin \u00f6nemli a\u015famalar katetmesi ad\u0131na olduk\u00e7a yol g\u00f6stericidir. Biliyorum ki \u00e7al\u0131\u015ftay sonunda a\u00e7\u0131klanacak rapor, ak\u0131llarda yer alan sorulara cevap olacakt\u0131r.\u201d\u00a0ifadelerini kulland\u0131.<\/p>","protected":false},"excerpt":{"rendered":"<p>Sorry, this entry is only available in Turkish. For the sake of viewer convenience, the content is shown below in the alternative language. You may click the link to switch the active language. T\u00fcrkiye Bilimler Akademisi (T\u00dcBA) Asli \u00dcyesi ve Y\u0131ld\u0131z Teknik \u00dcniversitesi, M\u00fchendislik\u00a0Fak\u00fcltesi Makine M\u00fchendisli\u011fi B\u00f6l\u00fcm\u00fc \u00d6\u011fretim \u00dcyesi Prof. Dr. \u0130brahim\u00a0Din\u00e7er\u2019in y\u00fcr\u00fct\u00fcc\u00fcl\u00fc\u011f\u00fcn\u00fc yapt\u0131\u011f\u0131 T\u00dcBA [&hellip;]<\/p>\n","protected":false},"author":1,"featured_media":95369,"comment_status":"open","ping_status":"open","sticky":false,"template":"","format":"standard","meta":[],"categories":[51,53,157],"tags":[34979,19638,34980,26353,2625,23527,53249,52259,53250,53251,24553,53248,38854],"views":731,"_links":{"self":[{"href":"https:\/\/www.enerjigazetesi.ist\/en\/wp-json\/wp\/v2\/posts\/95367"}],"collection":[{"href":"https:\/\/www.enerjigazetesi.ist\/en\/wp-json\/wp\/v2\/posts"}],"about":[{"href":"https:\/\/www.enerjigazetesi.ist\/en\/wp-json\/wp\/v2\/types\/post"}],"author":[{"embeddable":true,"href":"https:\/\/www.enerjigazetesi.ist\/en\/wp-json\/wp\/v2\/users\/1"}],"replies":[{"embeddable":true,"href":"https:\/\/www.enerjigazetesi.ist\/en\/wp-json\/wp\/v2\/comments?post=95367"}],"version-history":[{"count":0,"href":"https:\/\/www.enerjigazetesi.ist\/en\/wp-json\/wp\/v2\/posts\/95367\/revisions"}],"wp:featuredmedia":[{"embeddable":true,"href":"https:\/\/www.enerjigazetesi.ist\/en\/wp-json\/wp\/v2\/media\/95369"}],"wp:attachment":[{"href":"https:\/\/www.enerjigazetesi.ist\/en\/wp-json\/wp\/v2\/media?parent=95367"}],"wp:term":[{"taxonomy":"category","embeddable":true,"href":"https:\/\/www.enerjigazetesi.ist\/en\/wp-json\/wp\/v2\/categories?post=95367"},{"taxonomy":"post_tag","embeddable":true,"href":"https:\/\/www.enerjigazetesi.ist\/en\/wp-json\/wp\/v2\/tags?post=95367"}],"curies":[{"name":"wp","href":"https:\/\/api.w.org\/{rel}","templated":true}]}}