{"id":95285,"date":"2019-07-02T19:01:22","date_gmt":"2019-07-02T16:01:22","guid":{"rendered":"https:\/\/www.enerjigazetesi.ist\/?p=95285"},"modified":"2019-07-02T19:07:18","modified_gmt":"2019-07-02T16:07:18","slug":"kamu-binalarinin-verimliligi-icin-dunya-bankasi-yla-1-milyar-liralik-kredi-anlasmasi","status":"publish","type":"post","link":"https:\/\/www.enerjigazetesi.ist\/en\/kamu-binalarinin-verimliligi-icin-dunya-bankasi-yla-1-milyar-liralik-kredi-anlasmasi\/","title":{"rendered":"(Turkish) &#8217;Kamu Binalar\u0131n\u0131n Verimlili\u011fi&#8217; \u0130\u00e7in D\u00fcnya Bankas\u0131\u2019yla Kredi Anla\u015fmas\u0131"},"content":{"rendered":"<p class=\"qtranxs-available-languages-message qtranxs-available-languages-message-en\">Sorry, this entry is only available in <a href=\"https:\/\/www.enerjigazetesi.ist\/tr\/wp-json\/wp\/v2\/posts\/95285\" class=\"qtranxs-available-language-link qtranxs-available-language-link-tr\" title=\"Turkish\">Turkish<\/a>. For the sake of viewer convenience, the content is shown below in the alternative language. You may click the link to switch the active language.<\/p><p><\/p>\n<h1>\u00c7evre ve \u015eehircilik Bakanl\u0131\u011f\u0131 taraf\u0131ndan kamu binalar\u0131n\u0131n tasarruf sa\u011flamas\u0131 amac\u0131yla \u2018enerji verimlili\u011fi projesi\u2019 i\u00e7in D\u00fcnya Bankas\u0131 ile 1 milyar liral\u0131k kredi konusunda anla\u015fma sa\u011fland\u0131.<\/h1>\n<p>Bakanl\u0131k, s\u00f6z konusu projeyle kamu binalar\u0131nda y\u00fcksek enerji t\u00fcketiminin \u00f6n\u00fcne ge\u00e7meyi ve y\u0131ll\u0131k 230 milyon lira tasarruf sa\u011flamay\u0131 hedefliyor. Projenin haz\u0131rl\u0131k a\u015famas\u0131nda ilk olarak okul, hastane, idari binalar gibi kamu binalar\u0131n\u0131n enerji et\u00fctleri yap\u0131lacak. Bu binalara y\u00f6nelik enerji kimlik belgeleri <img loading=\"lazy\" class=\"alignleft size-medium wp-image-95289\" src=\"https:\/\/www.enerjigazetesi.ist\/wp-content\/uploads\/2019\/07\/kamu-binalarinin-verimliligi-icin-dunya-bankasindan-1-milyar-liralik-kredi-1-300x168.jpg\" alt=\"\" width=\"300\" height=\"168\" srcset=\"https:\/\/www.enerjigazetesi.ist\/wp-content\/uploads\/2019\/07\/kamu-binalarinin-verimliligi-icin-dunya-bankasindan-1-milyar-liralik-kredi-1-300x168.jpg 300w, https:\/\/www.enerjigazetesi.ist\/wp-content\/uploads\/2019\/07\/kamu-binalarinin-verimliligi-icin-dunya-bankasindan-1-milyar-liralik-kredi-1-80x45.jpg 80w, https:\/\/www.enerjigazetesi.ist\/wp-content\/uploads\/2019\/07\/kamu-binalarinin-verimliligi-icin-dunya-bankasindan-1-milyar-liralik-kredi-1.jpg 480w\" sizes=\"(max-width: 300px) 100vw, 300px\" \/>d\u00fczenlenerek, enerji verimlilik d\u00fczeyleri ve elde edilecek tasarruf seviyeleri tespit edilip yat\u0131r\u0131m maliyetleri ortaya \u00e7\u0131kacak. Bu do\u011frultuda uygun bulunan kamu binalar\u0131n\u0131n projeleri haz\u0131rlanarak, iyile\u015ftirmeler yap\u0131lacak.<\/p>\n<p>5 y\u0131ll\u0131k d\u00f6nemi i\u00e7eren d\u00f6n\u00fc\u015f\u00fcm projesinde, bina b\u00fcy\u00fckl\u00fc\u011f\u00fc ve al\u0131nan \u00f6nlemlere ba\u011fl\u0131 olarak 300-500 bina yenilenecek. \u0130lk etapta farkl\u0131 iklim b\u00f6lgelerinde yer alan 5-10 y\u00fcksek enerji maliyeti olan kamu binas\u0131 se\u00e7ilerek, s\u0131f\u0131r enerji binalar\u0131 konseptiyle yeniden yap\u0131land\u0131r\u0131lacak. Bu binalarda ye\u015fil \u00e7at\u0131, su geri d\u00f6n\u00fc\u015f\u00fcm\u00fc, g\u00fcne\u015f enerjisi gibi birtak\u0131m iyile\u015ftirmeler yap\u0131lacak. Pilot \u00e7al\u0131\u015fmadan elde edilecek sonu\u00e7lar, d\u00f6n\u00fc\u015f\u00fcme u\u011frayacak kamu binalar\u0131nda de\u011ferlendirilecek.<\/p>\n<p>Di\u011fer yandan, di\u011fer kamu kurumlar\u0131ndan gelecek bilgiler de projeyi \u015fekillendirecek. Kurumlar, son 3 y\u0131la ait enerji t\u00fcketimlerini ve bedellerini bakanl\u0131\u011fa iletecek. Ayr\u0131ca 2014 y\u0131l\u0131ndan g\u00fcn\u00fcm\u00fcze binalarda iyile\u015ftirilme yap\u0131l\u0131p yap\u0131lmad\u0131\u011f\u0131 ve enerji t\u00fcketimleri fazla olan ile enerji verimlili\u011fi tasarruf potansiyeli y\u00fcksek olan binalar da bildirilecek.<\/p>\n<p>Kaynak:\u00a0<a href=\"https:\/\/www.turkiyegazetesi.com.tr\/ekonomi\/634288.aspx\" target=\"_blank\" rel=\"noopener\">T\u00fcrkiye Gazetesi<\/a><\/p>","protected":false},"excerpt":{"rendered":"<p>Sorry, this entry is only available in Turkish. For the sake of viewer convenience, the content is shown below in the alternative language. You may click the link to switch the active language. \u00c7evre ve \u015eehircilik Bakanl\u0131\u011f\u0131 taraf\u0131ndan kamu binalar\u0131n\u0131n tasarruf sa\u011flamas\u0131 amac\u0131yla \u2018enerji verimlili\u011fi projesi\u2019 i\u00e7in D\u00fcnya Bankas\u0131 ile 1 milyar liral\u0131k kredi konusunda [&hellip;]<\/p>\n","protected":false},"author":1,"featured_media":95289,"comment_status":"open","ping_status":"open","sticky":false,"template":"","format":"standard","meta":[],"categories":[53,52],"tags":[2199,6966,49436,148,44531,26559,248,53197,1876,11012,17994,53192,53198,10624,53194,53196,793,53195,53193,3161],"views":647,"_links":{"self":[{"href":"https:\/\/www.enerjigazetesi.ist\/en\/wp-json\/wp\/v2\/posts\/95285"}],"collection":[{"href":"https:\/\/www.enerjigazetesi.ist\/en\/wp-json\/wp\/v2\/posts"}],"about":[{"href":"https:\/\/www.enerjigazetesi.ist\/en\/wp-json\/wp\/v2\/types\/post"}],"author":[{"embeddable":true,"href":"https:\/\/www.enerjigazetesi.ist\/en\/wp-json\/wp\/v2\/users\/1"}],"replies":[{"embeddable":true,"href":"https:\/\/www.enerjigazetesi.ist\/en\/wp-json\/wp\/v2\/comments?post=95285"}],"version-history":[{"count":0,"href":"https:\/\/www.enerjigazetesi.ist\/en\/wp-json\/wp\/v2\/posts\/95285\/revisions"}],"wp:featuredmedia":[{"embeddable":true,"href":"https:\/\/www.enerjigazetesi.ist\/en\/wp-json\/wp\/v2\/media\/95289"}],"wp:attachment":[{"href":"https:\/\/www.enerjigazetesi.ist\/en\/wp-json\/wp\/v2\/media?parent=95285"}],"wp:term":[{"taxonomy":"category","embeddable":true,"href":"https:\/\/www.enerjigazetesi.ist\/en\/wp-json\/wp\/v2\/categories?post=95285"},{"taxonomy":"post_tag","embeddable":true,"href":"https:\/\/www.enerjigazetesi.ist\/en\/wp-json\/wp\/v2\/tags?post=95285"}],"curies":[{"name":"wp","href":"https:\/\/api.w.org\/{rel}","templated":true}]}}