{"id":9518,"date":"2013-04-12T10:21:42","date_gmt":"2013-04-12T07:21:42","guid":{"rendered":"https:\/\/www.enerjigazetesi.ist\/?p=9518"},"modified":"2013-04-12T10:24:17","modified_gmt":"2013-04-12T07:24:17","slug":"surdurulebilir-yasam-filmleri-ankaraya-geliyor","status":"publish","type":"post","link":"https:\/\/www.enerjigazetesi.ist\/en\/surdurulebilir-yasam-filmleri-ankaraya-geliyor\/","title":{"rendered":"(Turkish) S\u00fcrd\u00fcr\u00fclebilir Ya\u015fam Filmleri Ankara\u2019ya Geldi"},"content":{"rendered":"<p class=\"qtranxs-available-languages-message qtranxs-available-languages-message-en\">Sorry, this entry is only available in <a href=\"https:\/\/www.enerjigazetesi.ist\/tr\/wp-json\/wp\/v2\/posts\/9518\" class=\"qtranxs-available-language-link qtranxs-available-language-link-tr\" title=\"Turkish\">Turkish<\/a>. For the sake of viewer convenience, the content is shown below in the alternative language. You may click the link to switch the active language.<\/p><p><strong>2008 y\u0131l\u0131nda ilk defa \u0130sve\u00e7\u2019in Karlskrona \u015fehrinde d\u00fczenlenen ard\u0131ndan \u00fc\u00e7 y\u0131l\u00a0 \u00fcst \u00fcste \u0130stanbul\u2019un ev sahipli\u011fi yapt\u0131\u011f\u0131 S\u00fcrd\u00fcr\u00fclebilir Ya\u015fam Film Festivali bu\u00a0 y\u0131l ise Ankaral\u0131 sinemaseverler ile bulu\u015facak.<\/strong><\/p>\n<p>11 Nisan\u2019da \u00d6zg\u00fcrl\u00fck Tohumlar\u0131 filmi ile ba\u015flayacak olan ve toplam 24\u00a0 belgeselin \u00fccretsiz olarak g\u00f6steriminin yap\u0131laca\u011f\u0131 festivalde ayr\u0131ca dans\u00a0 g\u00f6sterisi, konserler ve s\u00f6yle\u015filerde yer alacak.<\/p>\n<p>2009 y\u0131l\u0131ndan beri iklim de\u011fi\u015fikli\u011fi konular\u0131nda eylem ve \u00e7al\u0131\u015fmalarda\u00a0 bulunan 350 Ankara grubu ve g\u00f6n\u00fcll\u00fcler taraf\u0131ndan organize edilen etkinlik ile\u00a0 ilgili yap\u0131lan a\u00e7\u0131klamada \u015fu ifadelere yer verildi;<\/p>\n<p><a href=\"https:\/\/www.enerjigazetesi.ist\/wp-content\/uploads\/2013\/04\/surdurulebilir-yasam-film-festivali.jpg\"><img loading=\"lazy\" class=\"alignleft size-medium wp-image-9519\" title=\"surdurulebilir-yasam-film-festivali\" src=\"https:\/\/www.enerjigazetesi.ist\/wp-content\/uploads\/2013\/04\/surdurulebilir-yasam-film-festivali-300x181.jpg\" alt=\"\" width=\"300\" height=\"181\" srcset=\"https:\/\/www.enerjigazetesi.ist\/wp-content\/uploads\/2013\/04\/surdurulebilir-yasam-film-festivali-300x181.jpg 300w, https:\/\/www.enerjigazetesi.ist\/wp-content\/uploads\/2013\/04\/surdurulebilir-yasam-film-festivali-80x48.jpg 80w, https:\/\/www.enerjigazetesi.ist\/wp-content\/uploads\/2013\/04\/surdurulebilir-yasam-film-festivali.jpg 413w\" sizes=\"(max-width: 300px) 100vw, 300px\" \/><\/a>\u2018\u2019G\u00fcn\u00fcm\u00fczde bir\u00e7ok birey ve kurum taraf\u0131ndan \u00e7ok\u00e7a kullan\u0131lan\u00a0 s\u00fcrd\u00fcr\u00fclebilirlik kavram\u0131n\u0131n soyut ve yoruma a\u00e7\u0131k boyutlar\u0131na \u0131\u015f\u0131k tutan\u00a0 S\u00fcrd\u00fcr\u00fclebilir Ya\u015fam Film Festivali, neyin s\u00fcrd\u00fcr\u00fclebilir oldu\u011fu veya olmad\u0131\u011f\u0131na\u00a0 dair d\u00fcnyan\u0131n d\u00f6rt bir yan\u0131ndan \u00f6rnekler sunarak ger\u00e7ek hik\u00e2yelerle ilham vermek\u00a0 amac\u0131n\u0131 ta\u015f\u0131yor. Festivalin dikkate de\u011fer \u00f6zelli\u011fi sadece filmleri ve filmlerin\u00a0 i\u00e7eri\u011fi ile s\u0131n\u0131rl\u0131 de\u011fil. \u0130zleyicileri, konu\u015fmac\u0131lar\u0131 ve m\u00fczisyenleriyle\u00a0 tamam\u0131yla renkli bir etkinlik ve bir bulu\u015fma zemini. S\u00fcrd\u00fcr\u00fclebilirli\u011fe duyarl\u0131 destek\u00e7ileri ve d\u00fczenleme s\u00fcreci ile de bir \u00f6rnek olu\u015fturuyor.<\/p>\n<p>S\u00fcrd\u00fcr\u00fclebilirli\u011fe sadece ekonomi olarak de\u011fil, \u00e7evre ve toplumu da dahil\u00a0 eden bir pencereden bakan filmlerin hepsi belgesel. Fosil yak\u0131t kaynakl\u0131 iklim de\u011fi\u015fikli\u011finin art\u0131k s\u0131k\u00e7a a\u015f\u0131r\u0131 hava olaylar\u0131n\u0131 kar\u015f\u0131m\u0131za \u00e7\u0131kard\u0131\u011f\u0131 \u015fu\u00a0 g\u00fcnlerde, filmler s\u00fcrd\u00fcr\u00fclebilirlik kavram\u0131n\u0131n farkl\u0131 boyutlar\u0131n\u0131 izleyiciye\u00a0 aktar\u0131yor.<\/p>\n<p>Yacuba\u2019n\u0131n nas\u0131l \u00e7\u00f6l\u00fc durdurdu\u011funu, ar\u0131lar\u0131n son y\u0131llarda neden\u00a0 kayboldu\u011funu, at\u0131klar\u0131n nas\u0131l israf edildi\u011fini, \u00c7in\u2019de \u00e7evre hareketinin nas\u0131l\u00a0 HES projelerini durdu\u011funu veya ABD\u2019de 83 bin \u00f6\u011frencinin art\u0131k nas\u0131l yerel g\u0131da\u00a0 ile beslendi\u011fini festival filmleri b\u00fct\u00fcn boyutlar\u0131yla anlat\u0131yor. Son y\u0131llarda\u00a0 teknolojinin geli\u015fmesine ra\u011fmen \u00fcr\u00fcnlerin neden hemen eskidi\u011fine, T\u00fcrkiye\u2019de\u00a0 kentsel d\u00f6n\u00fc\u015f\u00fcm ya\u015fan\u0131rken d\u00fcnyan\u0131n art\u0131k neden pasif mimariye d\u00f6nd\u00fc\u011f\u00fcne dair\u00a0 sorular\u0131n cevaplar\u0131 vurucu g\u00f6r\u00fcnt\u00fcler ve anlat\u0131mlarla cevaplan\u0131yor.\u2019\u2019<\/p>\n<p>Kaynak: <a href=\"http:\/\/www.yesilekonomi.com\/surdurulebilirlik\/surdurulebilir-yasam-filmleri-ankaraya-geliyor\" target=\"_blank\">Ye\u015fil Ekonomi<\/a><\/p>","protected":false},"excerpt":{"rendered":"<p>Sorry, this entry is only available in Turkish. For the sake of viewer convenience, the content is shown below in the alternative language. You may click the link to switch the active language.2008 y\u0131l\u0131nda ilk defa \u0130sve\u00e7\u2019in Karlskrona \u015fehrinde d\u00fczenlenen ard\u0131ndan \u00fc\u00e7 y\u0131l\u00a0 \u00fcst \u00fcste \u0130stanbul\u2019un ev sahipli\u011fi yapt\u0131\u011f\u0131 S\u00fcrd\u00fcr\u00fclebilir Ya\u015fam Film Festivali bu\u00a0 y\u0131l [&hellip;]<\/p>\n","protected":false},"author":1,"featured_media":9519,"comment_status":"open","ping_status":"open","sticky":false,"template":"","format":"standard","meta":[],"categories":[53],"tags":[4391,4392,4394,886,63,67,4393,4390,4389,4395,4388,1296],"views":810,"_links":{"self":[{"href":"https:\/\/www.enerjigazetesi.ist\/en\/wp-json\/wp\/v2\/posts\/9518"}],"collection":[{"href":"https:\/\/www.enerjigazetesi.ist\/en\/wp-json\/wp\/v2\/posts"}],"about":[{"href":"https:\/\/www.enerjigazetesi.ist\/en\/wp-json\/wp\/v2\/types\/post"}],"author":[{"embeddable":true,"href":"https:\/\/www.enerjigazetesi.ist\/en\/wp-json\/wp\/v2\/users\/1"}],"replies":[{"embeddable":true,"href":"https:\/\/www.enerjigazetesi.ist\/en\/wp-json\/wp\/v2\/comments?post=9518"}],"version-history":[{"count":3,"href":"https:\/\/www.enerjigazetesi.ist\/en\/wp-json\/wp\/v2\/posts\/9518\/revisions"}],"predecessor-version":[{"id":9521,"href":"https:\/\/www.enerjigazetesi.ist\/en\/wp-json\/wp\/v2\/posts\/9518\/revisions\/9521"}],"wp:featuredmedia":[{"embeddable":true,"href":"https:\/\/www.enerjigazetesi.ist\/en\/wp-json\/wp\/v2\/media\/9519"}],"wp:attachment":[{"href":"https:\/\/www.enerjigazetesi.ist\/en\/wp-json\/wp\/v2\/media?parent=9518"}],"wp:term":[{"taxonomy":"category","embeddable":true,"href":"https:\/\/www.enerjigazetesi.ist\/en\/wp-json\/wp\/v2\/categories?post=9518"},{"taxonomy":"post_tag","embeddable":true,"href":"https:\/\/www.enerjigazetesi.ist\/en\/wp-json\/wp\/v2\/tags?post=9518"}],"curies":[{"name":"wp","href":"https:\/\/api.w.org\/{rel}","templated":true}]}}