{"id":95120,"date":"2019-06-29T23:58:23","date_gmt":"2019-06-29T20:58:23","guid":{"rendered":"https:\/\/www.enerjigazetesi.ist\/?p=95120"},"modified":"2019-06-30T00:01:00","modified_gmt":"2019-06-29T21:01:00","slug":"sedasin-verimlilik-temali-kisa-video-yarismasi-sonuclandi","status":"publish","type":"post","link":"https:\/\/www.enerjigazetesi.ist\/en\/sedasin-verimlilik-temali-kisa-video-yarismasi-sonuclandi\/","title":{"rendered":"(Turkish) SEDA\u015e\u2019\u0131n &#8220;Verimlilik&#8221; Temal\u0131 K\u0131sa Video Yar\u0131\u015fmas\u0131 Sonu\u00e7land\u0131"},"content":{"rendered":"<p class=\"qtranxs-available-languages-message qtranxs-available-languages-message-en\">Sorry, this entry is only available in <a href=\"https:\/\/www.enerjigazetesi.ist\/tr\/wp-json\/wp\/v2\/posts\/95120\" class=\"qtranxs-available-language-link qtranxs-available-language-link-tr\" title=\"Turkish\">Turkish<\/a>. For the sake of viewer convenience, the content is shown below in the alternative language. You may click the link to switch the active language.<\/p><p><\/p>\n<h1>SEDA\u015e (Sakarya Elektrik Da\u011f\u0131t\u0131m A.\u015e) \u201cVerimlili\u011fin\u201d fark\u0131ndal\u0131\u011f\u0131n\u0131 art\u0131rma projesi ile Sakarya, Kocaeli, Bolu ve D\u00fczce de 1700 \u00e7al\u0131\u015fan\u0131 ile ba\u015flatt\u0131\u011f\u0131 video yar\u0131\u015fmas\u0131nda, Emrah Yaman\u2019\u0131n eserini \u00f6d\u00fcle lay\u0131k g\u00f6rd\u00fc.<\/h1>\n<h2>SEDA\u015e VER\u0130ML\u0130L\u0130K K\u00dcLT\u00dcR\u00dc \u0130\u00c7\u0130N KATKI SA\u011eLADI<\/h2>\n<p>SEDA\u015e\u2019\u0131n \u201cVerimlilik\u201d temal\u0131 k\u0131sa video yar\u0131\u015fmas\u0131nda, Emrah Yaman, \u00f6d\u00fcl\u00fcn\u00fc SEDA\u015e Finans Direkt\u00f6r <img loading=\"lazy\" class=\"alignleft size-medium wp-image-95122\" src=\"https:\/\/www.enerjigazetesi.ist\/wp-content\/uploads\/2019\/06\/sedasin-verimlilik-temali-kisa-video-yarismasi-sonuclandi2-300x193.jpg\" alt=\"\" width=\"300\" height=\"193\" srcset=\"https:\/\/www.enerjigazetesi.ist\/wp-content\/uploads\/2019\/06\/sedasin-verimlilik-temali-kisa-video-yarismasi-sonuclandi2-300x193.jpg 300w, https:\/\/www.enerjigazetesi.ist\/wp-content\/uploads\/2019\/06\/sedasin-verimlilik-temali-kisa-video-yarismasi-sonuclandi2-500x321.jpg 500w, https:\/\/www.enerjigazetesi.ist\/wp-content\/uploads\/2019\/06\/sedasin-verimlilik-temali-kisa-video-yarismasi-sonuclandi2-78x50.jpg 78w, https:\/\/www.enerjigazetesi.ist\/wp-content\/uploads\/2019\/06\/sedasin-verimlilik-temali-kisa-video-yarismasi-sonuclandi2.jpg 760w\" sizes=\"(max-width: 300px) 100vw, 300px\" \/>Vekili F\u0131rat So\u011fanc\u0131k\u2019\u0131n elinden ald\u0131. F\u0131rat So\u011fanc\u0131k \u00f6d\u00fcl\u00fc verirken, \u201cVerimlilik, \u00fcretim s\u00fcrecine art\u0131 de\u011ferler sa\u011flar. Verimlili\u011fin artmas\u0131 ise verimlilik bilincinin ve k\u00fclt\u00fcr\u00fcn\u00fcn toplumda olu\u015fmas\u0131na, yayg\u0131nla\u015fmas\u0131na ba\u011fl\u0131d\u0131r. Bu nedenle verimlilik konusunda fark\u0131ndal\u0131k yaratacak bu yar\u0131\u015fman\u0131n organizasyonunu \u00e7ok de\u011ferli buluyorum.\u201d dedi.\u00a0 F\u0131rat So\u011fanc\u0131k yar\u0131\u015fmay\u0131 d\u00fczenleyen ve yar\u0131\u015fmaya kat\u0131l\u0131m sa\u011flayan t\u00fcm \u00e7al\u0131\u015fanlara, \u00a0videolar i\u00e7inden de\u011ferli bir eseri ortaya \u00e7\u0131karan de\u011ferlendirme kuruluna, verimlilik k\u00fclt\u00fcr\u00fcn\u00fcn yayg\u0131nla\u015fmas\u0131 i\u00e7in eme\u011fi ge\u00e7enlere te\u015fekk\u00fcr etti ve Emrah Yaman\u2019\u0131 tebrik etti. SEDA\u015e Y\u00f6netim Kurulu ve \u0130cra Ba\u015fkan\u0131 Dr.Necmi Odyakmaz\u2019\u0131n \u00a0imzalad\u0131\u011f\u0131 \u201cTebrik Belgesi\u201d ve yar\u0131\u015fma \u00f6d\u00fcl\u00fc arkada\u015flar\u0131n\u0131n alk\u0131\u015flar\u0131 aras\u0131nda kendisine verildi.<\/p>\n<h2>SEDA\u015e\u2019TA VER\u0130ML\u0130L\u0130K V\u0130DEOLARI YARI\u015eTI<\/h2>\n<p>SEDA\u015e\u2019\u0131n \u201cTelefonunu Al, Videonu \u00c7ek\u201d slogan\u0131yla d\u00fczenledi\u011fi \u201cVerimlilik\u201d temal\u0131 yar\u0131\u015fmas\u0131na, SEDA\u015e \u00e7al\u0131\u015fanlar\u0131, verimlilikle ilgili mesajlar i\u00e7eren, 15 saniyelik g\u00fczel videolar ile kat\u0131ld\u0131lar. SEDA\u015e\u2019\u0131n i\u015f s\u00fcre\u00e7lerinde, zaman, kaynak, malzeme, yak\u0131t, su ve enerji kullan\u0131m\u0131nda, SEDA\u015e \u00e7al\u0131\u015fanlar\u0131 nelerin yap\u0131labilece\u011fini kendi cep telefonlar\u0131 ile \u00e7ektikleri videolarda anlat\u0131rken, \u00f6nerilerini ve mesajlar\u0131n\u0131 payla\u015ft\u0131lar. Yar\u0131\u015fmaya kat\u0131lan eserlerin de\u011ferlendirilmesi sonucunda, Kocaeli\u2019de Saya\u00e7 Operasyonlar\u0131 \u0130\u015f G\u00fcc\u00fc Planlama G\u00f6revlisi unvan\u0131 ile g\u00f6rev yapan Emrah Yaman\u2019\u0131n eseri birinci se\u00e7ildi. Emrah Yaman \u00e7ekti\u011fi videoda, SEDA\u015e\u2019\u0131n kaliteli hizmet ve m\u00fc\u015fteri memnuniyeti i\u00e7in ger\u00e7ekle\u015ftirilen saya\u00e7 operasyonu s\u00fcrecinde sa\u011flad\u0131klar\u0131 malzeme kaynakl\u0131 verimlilik uygulamas\u0131n\u0131 g\u00f6stermek istedi\u011fini belirtti ve yapt\u0131klar\u0131 \u00e7al\u0131\u015fmay\u0131 ayr\u0131nt\u0131lar\u0131 ile anlatt\u0131.<\/p>\n<h2>SEDA\u015e Y\u00d6NET\u0130C\u0130LER\u0130 TEBR\u0130K ETT\u0130<\/h2>\n<p>Emrah Yaman\u2019\u0131, \u00f6d\u00fcl t\u00f6reni s\u0131ras\u0131nda SEDA\u015e y\u00f6neticileri ayr\u0131 ayr\u0131 tebrik ettiler. Emrah Yaman, SEDA\u015e taraf\u0131ndan elektrik t\u00fcketicilerinin ar\u0131zal\u0131 veya 10 y\u0131ll\u0131k bakanl\u0131k damga s\u00fcresi dolan elektrik saya\u00e7lar\u0131n\u0131n, \u00fccretsiz olarak de\u011fi\u015fiminin yap\u0131lmas\u0131 s\u00fcrecinde, saya\u00e7 laboratuvarlar\u0131nda test ettikleri saya\u00e7lar ve bu saya\u00e7lar\u0131n yedek par\u00e7alar\u0131yla ilgili \u00a0elde ettikleri verimli\u011fi anlat\u0131rken, SEDA\u015e\u2019\u0131n saya\u00e7 operasyon s\u00fcrecindeki bu verimlilikle, \u00e7evreye ve \u00fclke ekonomisine de olumlu katk\u0131 \u00a0sa\u011flad\u0131klar\u0131n\u0131 ifade etti. Yaman, \u201cKendi i\u015fimizde sa\u011flad\u0131\u011f\u0131m\u0131z verimlili\u011fi anlatt\u0131\u011f\u0131m videonun birinci se\u00e7ilmesinden \u00e7ok mutlu oldum. SEDA\u015e\u2019ta yap\u0131lan bu t\u00fcr yar\u0131\u015fmalar \u00e7al\u0131\u015fan motivasyonunu art\u0131r\u0131yor. Organizasyonda eme\u011fi ge\u00e7en herkese te\u015fekk\u00fcr ediyorum\u201d dedi.<\/p>","protected":false},"excerpt":{"rendered":"<p>Sorry, this entry is only available in Turkish. For the sake of viewer convenience, the content is shown below in the alternative language. You may click the link to switch the active language. SEDA\u015e (Sakarya Elektrik Da\u011f\u0131t\u0131m A.\u015e) \u201cVerimlili\u011fin\u201d fark\u0131ndal\u0131\u011f\u0131n\u0131 art\u0131rma projesi ile Sakarya, Kocaeli, Bolu ve D\u00fczce de 1700 \u00e7al\u0131\u015fan\u0131 ile ba\u015flatt\u0131\u011f\u0131 video yar\u0131\u015fmas\u0131nda, [&hellip;]<\/p>\n","protected":false},"author":1,"featured_media":95123,"comment_status":"open","ping_status":"open","sticky":false,"template":"","format":"standard","meta":[],"categories":[51,53],"tags":[4634,43766,8427,34979,19638,53021,26353,53022,52259,26559,53024,1254,2241,30482,2444,53027,53025,53023,793,53026],"views":913,"_links":{"self":[{"href":"https:\/\/www.enerjigazetesi.ist\/en\/wp-json\/wp\/v2\/posts\/95120"}],"collection":[{"href":"https:\/\/www.enerjigazetesi.ist\/en\/wp-json\/wp\/v2\/posts"}],"about":[{"href":"https:\/\/www.enerjigazetesi.ist\/en\/wp-json\/wp\/v2\/types\/post"}],"author":[{"embeddable":true,"href":"https:\/\/www.enerjigazetesi.ist\/en\/wp-json\/wp\/v2\/users\/1"}],"replies":[{"embeddable":true,"href":"https:\/\/www.enerjigazetesi.ist\/en\/wp-json\/wp\/v2\/comments?post=95120"}],"version-history":[{"count":0,"href":"https:\/\/www.enerjigazetesi.ist\/en\/wp-json\/wp\/v2\/posts\/95120\/revisions"}],"wp:featuredmedia":[{"embeddable":true,"href":"https:\/\/www.enerjigazetesi.ist\/en\/wp-json\/wp\/v2\/media\/95123"}],"wp:attachment":[{"href":"https:\/\/www.enerjigazetesi.ist\/en\/wp-json\/wp\/v2\/media?parent=95120"}],"wp:term":[{"taxonomy":"category","embeddable":true,"href":"https:\/\/www.enerjigazetesi.ist\/en\/wp-json\/wp\/v2\/categories?post=95120"},{"taxonomy":"post_tag","embeddable":true,"href":"https:\/\/www.enerjigazetesi.ist\/en\/wp-json\/wp\/v2\/tags?post=95120"}],"curies":[{"name":"wp","href":"https:\/\/api.w.org\/{rel}","templated":true}]}}