{"id":95073,"date":"2019-06-28T15:02:16","date_gmt":"2019-06-28T12:02:16","guid":{"rendered":"https:\/\/www.enerjigazetesi.ist\/?p=95073"},"modified":"2019-06-28T15:12:57","modified_gmt":"2019-06-28T12:12:57","slug":"cocuklar-hayallerinde-yer-alan-yesil-dunyayi-resimlerine-yansitti","status":"publish","type":"post","link":"https:\/\/www.enerjigazetesi.ist\/en\/cocuklar-hayallerinde-yer-alan-yesil-dunyayi-resimlerine-yansitti\/","title":{"rendered":"(Turkish) \u00c7o\u00e7uklar Hayallerinde Yer Alan &#8216;Ye\u015fil D\u00fcnya&#8217;y\u0131 Resimlerine Yans\u0131tt\u0131"},"content":{"rendered":"<p class=\"qtranxs-available-languages-message qtranxs-available-languages-message-en\">Sorry, this entry is only available in <a href=\"https:\/\/www.enerjigazetesi.ist\/tr\/wp-json\/wp\/v2\/posts\/95073\" class=\"qtranxs-available-language-link qtranxs-available-language-link-tr\" title=\"Turkish\">Turkish<\/a>. For the sake of viewer convenience, the content is shown below in the alternative language. You may click the link to switch the active language.<\/p><p><\/p>\n<h1>Bu y<strong>\u0131<\/strong><strong>l <\/strong><strong>\u2018<\/strong><strong>s<\/strong><strong>\u0131<\/strong><strong>f<\/strong><strong>\u0131<\/strong><strong>r at<\/strong><strong>\u0131<\/strong><strong>k<\/strong><strong>\u2019<\/strong><strong> temas<\/strong><strong>\u0131<\/strong><strong>yla d<\/strong><strong>\u00fc<\/strong><strong>zenlenen 5. At<\/strong><strong>\u0131<\/strong><strong>ktan Enerjiye Ye<\/strong><strong>\u015f<\/strong><strong>il <\/strong><strong>\u0130<\/strong><strong>zler Yar<\/strong><strong>\u0131\u015f<\/strong><strong>mas<\/strong><strong>\u0131<\/strong><strong>\u2019<\/strong><strong>n<\/strong><strong>\u0131<\/strong><strong>n kazananlar<\/strong><strong>\u0131<\/strong><strong> belli oldu.<\/strong><\/h1>\n<p>\u00c7evre bilincini geli\u015ftirmek amac\u0131yla Samsun Avdan\u2019\u0131n be\u015f y\u0131ld\u0131r d\u00fczenledi\u011fi At\u0131ktan Enerjiye Ye\u015fil \u0130zler Yar\u0131\u015fmas\u0131\u2019nda bu y\u0131l \u00f6\u011frenciler \u2018s\u0131f\u0131r at\u0131k\u2019 konusunda yar\u0131\u015ft\u0131. At\u0131\u011fa sebep olan etkenlerin \u00f6nlenmesi, at\u0131klar\u0131n yeniden de\u011ferlendirilmesi, geri d\u00f6n\u00fc\u015f\u00fcme kazand\u0131r\u0131lmas\u0131 ve bu yolla israf\u0131n \u00f6n\u00fcne ge\u00e7ilmesiyle <img loading=\"lazy\" class=\"alignleft wp-image-95076\" src=\"https:\/\/www.enerjigazetesi.ist\/wp-content\/uploads\/2019\/06\/cocuklar-hayallerindeki-yesil-dunyayi-resimlerine-yansitti3-300x235.jpg\" alt=\"\" width=\"320\" height=\"251\" srcset=\"https:\/\/www.enerjigazetesi.ist\/wp-content\/uploads\/2019\/06\/cocuklar-hayallerindeki-yesil-dunyayi-resimlerine-yansitti3-300x235.jpg 300w, https:\/\/www.enerjigazetesi.ist\/wp-content\/uploads\/2019\/06\/cocuklar-hayallerindeki-yesil-dunyayi-resimlerine-yansitti3-500x392.jpg 500w, https:\/\/www.enerjigazetesi.ist\/wp-content\/uploads\/2019\/06\/cocuklar-hayallerindeki-yesil-dunyayi-resimlerine-yansitti3-64x50.jpg 64w, https:\/\/www.enerjigazetesi.ist\/wp-content\/uploads\/2019\/06\/cocuklar-hayallerindeki-yesil-dunyayi-resimlerine-yansitti3.jpg 623w\" sizes=\"(max-width: 320px) 100vw, 320px\" \/>ilgili fark\u0131ndal\u0131k olu\u015fturmak i\u00e7in d\u00fczenlenen yar\u0131\u015fman\u0131n kazananlar\u0131, j\u00fcri de\u011ferlendirmesi sonucu belli oldu.<\/p>\n<p>Yar\u0131\u015fman\u0131n birincisi H\u00fcseyin Avni Asal \u0130lkokulu 2. s\u0131n\u0131f \u00f6\u011frencisi Nisa Canverdi oldu. Nisa Canverdi, yapt\u0131\u011f\u0131 resim \u00e7al\u0131\u015fmas\u0131nda at\u0131klar\u0131n geri d\u00f6n\u00fc\u015f\u00fcme kazand\u0131r\u0131ld\u0131\u011f\u0131 bir d\u00fcnyan\u0131n daha ye\u015fil ve daha mutlu oldu\u011funa dikkat \u00e7ekmek istedi\u011fini belirtti. Canverdi\u2019ye birincilik \u00f6d\u00fcl\u00fc olan tablet bilgisayar, Samsun B\u00fcy\u00fck\u015fehir Belediyesi \u00c7evre Koruma ve Kontrol Dairesi Ba\u015fkan\u0131 Figen Ak\u0131n taraf\u0131ndan sunuldu.<\/p>\n<p>Yar\u0131\u015fman\u0131n ikincilik \u00f6d\u00fcl\u00fcn\u00fc Samsun Bil Koleji\u2019nden 5. s\u0131n\u0131f \u00f6\u011frencisi Deniz Naz G\u00fczeldemirci kazand\u0131. G\u00fczeldemirci kat\u0131ld\u0131\u011f\u0131 resim \u00e7al\u0131\u015fmas\u0131yla drone \u00f6d\u00fcl\u00fcn\u00fcn sahibi oldu. \u00dc\u00e7\u00fcnc\u00fcl\u00fck \u00f6d\u00fcl\u00fcne ise Yeni Nesil Anaokulu \u00f6\u011frencileri lay\u0131k g\u00f6r\u00fcld\u00fc. \u00d6\u011frenciler, bah\u00e7elerinde yapt\u0131klar\u0131 kompost projesiyle, \u00fc\u00e7\u00fcnc\u00fcl\u00fck \u00f6d\u00fcl\u00fc olan grafik tableti almaya hak kazand\u0131lar.<\/p>\n<h2>At<strong>\u0131<\/strong><strong>k Y\u00f6netimi Gelece\u011fimizi \u015eekillendirir<\/strong><\/h2>\n<p>Samsun Avdan Y\u00f6netici Orta\u011f\u0131 Erol \u0130ren, yar\u0131\u015fmaya kat\u0131lan t\u00fcm \u00f6\u011frencilere ve onlar\u0131 y\u00f6nlendiren <img loading=\"lazy\" class=\"alignright wp-image-95077\" src=\"https:\/\/www.enerjigazetesi.ist\/wp-content\/uploads\/2019\/06\/cocuklar-hayallerindeki-yesil-dunyayi-resimlerine-yansitti2-300x210.jpg\" alt=\"\" width=\"320\" height=\"224\" srcset=\"https:\/\/www.enerjigazetesi.ist\/wp-content\/uploads\/2019\/06\/cocuklar-hayallerindeki-yesil-dunyayi-resimlerine-yansitti2-300x210.jpg 300w, https:\/\/www.enerjigazetesi.ist\/wp-content\/uploads\/2019\/06\/cocuklar-hayallerindeki-yesil-dunyayi-resimlerine-yansitti2-500x350.jpg 500w, https:\/\/www.enerjigazetesi.ist\/wp-content\/uploads\/2019\/06\/cocuklar-hayallerindeki-yesil-dunyayi-resimlerine-yansitti2-72x50.jpg 72w, https:\/\/www.enerjigazetesi.ist\/wp-content\/uploads\/2019\/06\/cocuklar-hayallerindeki-yesil-dunyayi-resimlerine-yansitti2.jpg 698w\" sizes=\"(max-width: 320px) 100vw, 320px\" \/>\u00f6\u011fretmenlerine te\u015fekk\u00fcr etti. \u00c7evre bilincinin k\u00fc\u00e7\u00fck ya\u015fta kazan\u0131lmas\u0131n\u0131n \u00e7ok \u00f6nemli oldu\u011funa dikkat \u00e7eken \u0130ren, at\u0131klar\u0131n \u00e7\u00f6p de\u011fil hem \u00e7evre hem de ekonomi i\u00e7in \u00e7ok \u00f6nemli bir de\u011fer oldu\u011funu anlatmak i\u00e7in yola \u00e7\u0131kt\u0131klar\u0131n\u0131 ve \u00f6\u011frencilerin g\u00f6sterdi\u011fi bu ilginin \u00e7ok umut verici oldu\u011funu belirtti. \u0130ren, s\u0131f\u0131r at\u0131k konusunda bilincin art\u0131r\u0131lmas\u0131n\u0131 te\u015fvik edecek projelere devam edeceklerini belirtti.<\/p>\n<p>Erol \u0130ren, yar\u0131\u015fmay\u0131 kazanan eserlerin, Samsun Belediyesi Kat\u0131 At\u0131k D\u00fczenli Depolama ve Bertaraf Tesisi\u2019ndeki D\u00f6n\u00fc\u015f\u00fcm M\u00fczesi\u2019nde sergilenece\u011fini s\u00f6yledi. \u0130ren, m\u00fczenin yaz d\u00f6nemi boyunca da a\u00e7\u0131k olaca\u011f\u0131n\u0131 belirterek, yaz tatilinde \u00f6\u011frencileri at\u0131klar\u0131n ekonomiye nas\u0131l kazand\u0131r\u0131ld\u0131\u011f\u0131n\u0131 \u00f6\u011frenmek \u00fczere m\u00fczeye beklediklerini s\u00f6zlerine ilave etti.<\/p>","protected":false},"excerpt":{"rendered":"<p>Sorry, this entry is only available in Turkish. For the sake of viewer convenience, the content is shown below in the alternative language. You may click the link to switch the active language. Bu y\u0131l \u2018s\u0131f\u0131r at\u0131k\u2019 temas\u0131yla d\u00fczenlenen 5. At\u0131ktan Enerjiye Ye\u015fil \u0130zler Yar\u0131\u015fmas\u0131\u2019n\u0131n kazananlar\u0131 belli oldu. \u00c7evre bilincini geli\u015ftirmek amac\u0131yla Samsun Avdan\u2019\u0131n be\u015f [&hellip;]<\/p>\n","protected":false},"author":1,"featured_media":95075,"comment_status":"open","ping_status":"open","sticky":false,"template":"","format":"standard","meta":[],"categories":[51,53,52],"tags":[52962,49578,52965,52963,52969,52970,52259,52494,52972,52971,52966,52967,49294,52964,52975,52968,26122,52973,52974,39177],"views":844,"_links":{"self":[{"href":"https:\/\/www.enerjigazetesi.ist\/en\/wp-json\/wp\/v2\/posts\/95073"}],"collection":[{"href":"https:\/\/www.enerjigazetesi.ist\/en\/wp-json\/wp\/v2\/posts"}],"about":[{"href":"https:\/\/www.enerjigazetesi.ist\/en\/wp-json\/wp\/v2\/types\/post"}],"author":[{"embeddable":true,"href":"https:\/\/www.enerjigazetesi.ist\/en\/wp-json\/wp\/v2\/users\/1"}],"replies":[{"embeddable":true,"href":"https:\/\/www.enerjigazetesi.ist\/en\/wp-json\/wp\/v2\/comments?post=95073"}],"version-history":[{"count":0,"href":"https:\/\/www.enerjigazetesi.ist\/en\/wp-json\/wp\/v2\/posts\/95073\/revisions"}],"wp:featuredmedia":[{"embeddable":true,"href":"https:\/\/www.enerjigazetesi.ist\/en\/wp-json\/wp\/v2\/media\/95075"}],"wp:attachment":[{"href":"https:\/\/www.enerjigazetesi.ist\/en\/wp-json\/wp\/v2\/media?parent=95073"}],"wp:term":[{"taxonomy":"category","embeddable":true,"href":"https:\/\/www.enerjigazetesi.ist\/en\/wp-json\/wp\/v2\/categories?post=95073"},{"taxonomy":"post_tag","embeddable":true,"href":"https:\/\/www.enerjigazetesi.ist\/en\/wp-json\/wp\/v2\/tags?post=95073"}],"curies":[{"name":"wp","href":"https:\/\/api.w.org\/{rel}","templated":true}]}}