{"id":95044,"date":"2019-06-28T10:47:09","date_gmt":"2019-06-28T07:47:09","guid":{"rendered":"https:\/\/www.enerjigazetesi.ist\/?p=95044"},"modified":"2019-06-28T10:55:14","modified_gmt":"2019-06-28T07:55:14","slug":"firat-edas-isgde-uzmanligini-artirdi","status":"publish","type":"post","link":"https:\/\/www.enerjigazetesi.ist\/en\/firat-edas-isgde-uzmanligini-artirdi\/","title":{"rendered":"(Turkish) F\u0131rat Eda\u015f ISG\u2019de Uzmanl\u0131\u011f\u0131n\u0131 Art\u0131rd\u0131"},"content":{"rendered":"<p class=\"qtranxs-available-languages-message qtranxs-available-languages-message-en\">Sorry, this entry is only available in <a href=\"https:\/\/www.enerjigazetesi.ist\/tr\/wp-json\/wp\/v2\/posts\/95044\" class=\"qtranxs-available-language-link qtranxs-available-language-link-tr\" title=\"Turkish\">Turkish<\/a>. For the sake of viewer convenience, the content is shown below in the alternative language. You may click the link to switch the active language.<\/p><p><\/p>\n<h1>F\u0131rat Elektrik Da\u011f\u0131t\u0131m A.\u015e., Gebze\u2019de \u0130SG y\u00f6neticilerine y\u00f6nelik \u201cY\u00fcksekte \u00c7al\u0131\u015fma ve Y\u00fcksekte Kurtarma\u201d e\u011fitimleri d\u00fczenledi.<\/h1>\n<p>Bing\u00f6l, Elaz\u0131\u011f, Malatya ve Tunceli illerinde kaliteli, kesintisiz elektrik da\u011f\u0131t\u0131m hizmeti i\u00e7in \u00e7al\u0131\u015fmalar\u0131n\u0131 s\u00fcrd\u00fcren F\u0131rat EDA\u015e, verdi\u011fi hizmeti en iyi \u015fekilde sunmak ad\u0131na y\u00f6neticilerine ve \u00e7al\u0131\u015fanlar\u0131na verdi\u011fi e\u011fitimlerle uzmanl\u0131klar\u0131n\u0131 art\u0131rmaya \u00f6zen g\u00f6steriyor.<\/p>\n<p><img loading=\"lazy\" class=\"alignright size-medium wp-image-95046\" src=\"https:\/\/www.enerjigazetesi.ist\/wp-content\/uploads\/2019\/06\/firat-edas-isgde-uzmanligini-artirdi-300x224.jpg\" alt=\"\" width=\"300\" height=\"224\" srcset=\"https:\/\/www.enerjigazetesi.ist\/wp-content\/uploads\/2019\/06\/firat-edas-isgde-uzmanligini-artirdi-300x224.jpg 300w, https:\/\/www.enerjigazetesi.ist\/wp-content\/uploads\/2019\/06\/firat-edas-isgde-uzmanligini-artirdi-500x374.jpg 500w, https:\/\/www.enerjigazetesi.ist\/wp-content\/uploads\/2019\/06\/firat-edas-isgde-uzmanligini-artirdi-67x50.jpg 67w, https:\/\/www.enerjigazetesi.ist\/wp-content\/uploads\/2019\/06\/firat-edas-isgde-uzmanligini-artirdi.jpg 653w\" sizes=\"(max-width: 300px) 100vw, 300px\" \/>F\u0131rat EDA\u015e, uluslararas\u0131 e\u011fitim lisans\u0131na sahip profesyoneller ile Gebze\u2019de \u201cY\u00fcksekte \u00c7al\u0131\u015fma ve Y\u00fcksekte Kurtarma\u201d konular\u0131nda \u0130SG \u00e7al\u0131\u015fanlar\u0131 i\u00e7in e\u011fitim d\u00fczenledi.<\/p>\n<p>E\u011fitimlere F\u0131rat EDA\u015e\u2019\u0131n \u0130SG y\u00f6neticilerinin yan\u0131 s\u0131ra Bing\u00f6l, Elaz\u0131\u011f, Malatya ve Tunceli illerinin \u0130SG uzmanlar\u0131 da kat\u0131ld\u0131.<\/p>\n<p>D\u00fcnyan\u0131n bir\u00e7ok \u00fclkesinden \u0130SG alan\u0131nda \u00e7al\u0131\u015fanlara verdikleri e\u011fitimlerle tan\u0131nan IRATA sertifikas\u0131na sahip e\u011fitmenler, \u0130SG \u00e7al\u0131\u015fanlar\u0131na Y\u00fcksekte \u00c7al\u0131\u015fma ve Y\u00fcksekte Kurtarma e\u011fitimini hem teorik hem uygulamal\u0131 olarak aktard\u0131.<\/p>\n<p>Y\u00fcksekte \u00e7al\u0131\u015fma \u00f6ncesi, i\u015fin yap\u0131lma an\u0131 ve sonras\u0131 hakk\u0131nda geli\u015ftirilen senaryolarla bilgilendirmelerin yap\u0131ld\u0131\u011f\u0131 e\u011fitimde e\u011fitmenler; y\u00fcksekte \u00e7al\u0131\u015fmada kullan\u0131lan KKD ve teknik ekipmanlar, kullan\u0131m \u015fekilleri, g\u00fcvenli \u00e7al\u0131\u015fma, y\u00fcksekte \u00e7al\u0131\u015fmada en g\u00fcvenli y\u00f6ntemi belirleyebilme gibi konular\u0131nda deneyimlerini payla\u015ft\u0131.<\/p>\n<p>E\u011fitime kat\u0131lan F\u0131rat EDA\u015e \u0130SG \u00e7al\u0131\u015fanlar\u0131n\u0131n e\u011fitimlerden edindikleri bilgileri \u00e7al\u0131\u015fma sahalar\u0131ndaki personellere aktararak, olas\u0131 i\u015f kazalar\u0131n\u0131n \u00f6n\u00fcne ge\u00e7ilmesi hedefleniyor.<\/p>","protected":false},"excerpt":{"rendered":"<p>Sorry, this entry is only available in Turkish. For the sake of viewer convenience, the content is shown below in the alternative language. You may click the link to switch the active language. F\u0131rat Elektrik Da\u011f\u0131t\u0131m A.\u015e., Gebze\u2019de \u0130SG y\u00f6neticilerine y\u00f6nelik \u201cY\u00fcksekte \u00c7al\u0131\u015fma ve Y\u00fcksekte Kurtarma\u201d e\u011fitimleri d\u00fczenledi. Bing\u00f6l, Elaz\u0131\u011f, Malatya ve Tunceli illerinde kaliteli, [&hellip;]<\/p>\n","protected":false},"author":1,"featured_media":95046,"comment_status":"open","ping_status":"open","sticky":false,"template":"","format":"standard","meta":[],"categories":[51,53],"tags":[7355,4249,42024,34979,19638,34980,26353,52674,52939,29896,5286,52941,52943,52944,48723,52940,3489,16449,52942],"views":456,"_links":{"self":[{"href":"https:\/\/www.enerjigazetesi.ist\/en\/wp-json\/wp\/v2\/posts\/95044"}],"collection":[{"href":"https:\/\/www.enerjigazetesi.ist\/en\/wp-json\/wp\/v2\/posts"}],"about":[{"href":"https:\/\/www.enerjigazetesi.ist\/en\/wp-json\/wp\/v2\/types\/post"}],"author":[{"embeddable":true,"href":"https:\/\/www.enerjigazetesi.ist\/en\/wp-json\/wp\/v2\/users\/1"}],"replies":[{"embeddable":true,"href":"https:\/\/www.enerjigazetesi.ist\/en\/wp-json\/wp\/v2\/comments?post=95044"}],"version-history":[{"count":0,"href":"https:\/\/www.enerjigazetesi.ist\/en\/wp-json\/wp\/v2\/posts\/95044\/revisions"}],"wp:featuredmedia":[{"embeddable":true,"href":"https:\/\/www.enerjigazetesi.ist\/en\/wp-json\/wp\/v2\/media\/95046"}],"wp:attachment":[{"href":"https:\/\/www.enerjigazetesi.ist\/en\/wp-json\/wp\/v2\/media?parent=95044"}],"wp:term":[{"taxonomy":"category","embeddable":true,"href":"https:\/\/www.enerjigazetesi.ist\/en\/wp-json\/wp\/v2\/categories?post=95044"},{"taxonomy":"post_tag","embeddable":true,"href":"https:\/\/www.enerjigazetesi.ist\/en\/wp-json\/wp\/v2\/tags?post=95044"}],"curies":[{"name":"wp","href":"https:\/\/api.w.org\/{rel}","templated":true}]}}