{"id":9501,"date":"2013-04-12T09:50:05","date_gmt":"2013-04-12T06:50:05","guid":{"rendered":"https:\/\/www.enerjigazetesi.ist\/?p=9501"},"modified":"2013-04-12T09:53:09","modified_gmt":"2013-04-12T06:53:09","slug":"tpao-samanlikta-igne-ariyor-ve-bulmayi-basariyor","status":"publish","type":"post","link":"https:\/\/www.enerjigazetesi.ist\/en\/tpao-samanlikta-igne-ariyor-ve-bulmayi-basariyor\/","title":{"rendered":"(Turkish) TPAO Samanl\u0131kta \u0130\u011fne Ar\u0131yor Ve Bulmay\u0131 Ba\u015far\u0131yor"},"content":{"rendered":"<p class=\"qtranxs-available-languages-message qtranxs-available-languages-message-en\">Sorry, this entry is only available in <a href=\"https:\/\/www.enerjigazetesi.ist\/tr\/wp-json\/wp\/v2\/posts\/9501\" class=\"qtranxs-available-language-link qtranxs-available-language-link-tr\" title=\"Turkish\">Turkish<\/a>. For the sake of viewer convenience, the content is shown below in the alternative language. You may click the link to switch the active language.<\/p><p><strong>TPAO Genel M\u00fcd\u00fcr Vekili Besim \u015ei\u015fman, Sheraton Otel\u2019de ger\u00e7ekle\u015ftirilen \u201c12. T\u00fcrkiye Uluslararas\u0131 Petrol ve Gaz Konferans\u0131\u201dnda konu\u015ftu. \u015ei\u015fman, T\u00fcrkiye\u2019nin petrole ve do\u011falgaza olan ihtiyac\u0131n\u0131n artarak devam edece\u011fini, bu nedenle bu kaynaklara ula\u015fmak veya bir yerden kar\u015f\u0131lamak zorunda oldu\u011funu s\u00f6yledi.<\/strong><\/p>\n<p><a href=\"https:\/\/www.enerjigazetesi.ist\/wp-content\/uploads\/2013\/04\/tpao-aram-sondaj-lubnan-azerbaycan-afganistan-kolombiya-505x336.jpg\"><img loading=\"lazy\" class=\"alignright size-medium wp-image-9502\" title=\"tpao-aram-sondaj-lubnan-azerbaycan-afganistan-kolombiya-505x336\" src=\"https:\/\/www.enerjigazetesi.ist\/wp-content\/uploads\/2013\/04\/tpao-aram-sondaj-lubnan-azerbaycan-afganistan-kolombiya-505x336-300x199.jpg\" alt=\"\" width=\"300\" height=\"199\" srcset=\"https:\/\/www.enerjigazetesi.ist\/wp-content\/uploads\/2013\/04\/tpao-aram-sondaj-lubnan-azerbaycan-afganistan-kolombiya-505x336-300x199.jpg 300w, https:\/\/www.enerjigazetesi.ist\/wp-content\/uploads\/2013\/04\/tpao-aram-sondaj-lubnan-azerbaycan-afganistan-kolombiya-505x336-500x332.jpg 500w, https:\/\/www.enerjigazetesi.ist\/wp-content\/uploads\/2013\/04\/tpao-aram-sondaj-lubnan-azerbaycan-afganistan-kolombiya-505x336-75x50.jpg 75w, https:\/\/www.enerjigazetesi.ist\/wp-content\/uploads\/2013\/04\/tpao-aram-sondaj-lubnan-azerbaycan-afganistan-kolombiya-505x336.jpg 505w\" sizes=\"(max-width: 300px) 100vw, 300px\" \/><\/a>\u015ei\u015fman, TPAO\u2019nun Kazakistan, Azerbaycan\u2019dan sonra Libya ve Kolombiya\u2019da \u00e7al\u0131\u015ft\u0131\u011f\u0131n\u0131, Afganistan\u2019da \u00e7al\u0131\u015fmaya ba\u015flad\u0131\u011f\u0131n\u0131, L\u00fcbnan opsiyonunun ise haz\u0131rland\u0131\u011f\u0131n\u0131 bildirdi. TPAO\u2019nun b\u00fcnyesine katt\u0131\u011f\u0131 sismik geminin Karadeniz ve Akdeniz\u2019de \u00e7al\u0131\u015fmalar yapaca\u011f\u0131n\u0131 belirten \u015ei\u015fman, Shell ile G\u00fcneydo\u011fu Anadolu B\u00f6lgesinde \u00e7al\u0131\u015fmalar\u0131n\u0131n devam etti\u011fini s\u00f6yledi. T\u00fcrkiye\u2019deki potansiyelin ortaya \u00e7\u0131kar\u0131lmas\u0131 ve paraya d\u00f6n\u00fc\u015ft\u00fcr\u00fclmesi gerekti\u011fine i\u015faret eden \u015ei\u015fman, \u201cDaha agresif ve daha sald\u0131rgan TPAO olarak yolumuza devam etmek zorunday\u0131z. Ger\u00e7ekten son 10 y\u0131lda devletimizin bize katt\u0131klar\u0131n\u0131n kar\u015f\u0131l\u0131\u011f\u0131n\u0131, bu bir \u00f6z ele\u015ftiridir, tam olarak sahaya yans\u0131tamad\u0131k.<\/p>\n<p>Alt\u0131n\u0131 \u00e7izerek s\u00f6yl\u00fcyorum, bu, yer bilimcilerin ba\u015far\u0131s\u0131zl\u0131\u011f\u0131 asla de\u011fildir. D\u00fcnyada insanlar yer alt\u0131nda balinalar ar\u0131yor, bizim arkada\u015flar\u0131m\u0131z samanl\u0131kta i\u011fne ar\u0131yor, kibrit kutular\u0131 ar\u0131yor ve bulmay\u0131 ba\u015far\u0131yorlar\u201d diye konu\u015ftu. D\u0131\u015fi\u015fleri Bakanl\u0131\u011f\u0131 \u00c7ok Tarafl\u0131 Ekonomik \u0130li\u015fkiler M\u00fcd\u00fcr\u00fc B\u00fcy\u00fckel\u00e7i Mithat Rende, d\u00fcnya enerji haritas\u0131nda Irak\u2019\u0131n \u00e7ok \u00f6nemli bir oyuncu olarak ortaya \u00e7\u0131kt\u0131\u011f\u0131n\u0131 ifade etti. B\u00f6lgedeki olumlu geli\u015fmelerin, do\u011falgaz ke\u015fifleri ve \u0130srail\u2019in T\u00fcrkiye\u2019den \u00f6z\u00fcr dilemesinin, ileri d\u00f6nemde burada \u00e7ok ciddi hareketlenmenin habercileri oldu\u011funu vurgulayan Rende, T\u00fcrkiye\u2019nin bu geli\u015fmeleri yak\u0131ndan izledi\u011fini \u00e7\u00fcnk\u00fc bu geli\u015fmelerin \u00fclkenin \u00f6nemini ortaya koydu\u011funu dile getirdi.<\/p>\n<p>Kaynak: <a href=\"http:\/\/enerjienstitusu.com\/2013\/04\/11\/samanlikta-igne-ariyor-ve-bulmayi-basariyorlar\/\" target=\"_blank\">Enerji Enstit\u00fcs\u00fc<\/a><\/p>","protected":false},"excerpt":{"rendered":"<p>Sorry, this entry is only available in Turkish. For the sake of viewer convenience, the content is shown below in the alternative language. You may click the link to switch the active language.TPAO Genel M\u00fcd\u00fcr Vekili Besim \u015ei\u015fman, Sheraton Otel\u2019de ger\u00e7ekle\u015ftirilen \u201c12. T\u00fcrkiye Uluslararas\u0131 Petrol ve Gaz Konferans\u0131\u201dnda konu\u015ftu. \u015ei\u015fman, T\u00fcrkiye\u2019nin petrole ve do\u011falgaza olan [&hellip;]<\/p>\n","protected":false},"author":1,"featured_media":9502,"comment_status":"open","ping_status":"open","sticky":false,"template":"","format":"standard","meta":[],"categories":[53,44],"tags":[4380,4379,63,67,59,4381,904],"views":723,"_links":{"self":[{"href":"https:\/\/www.enerjigazetesi.ist\/en\/wp-json\/wp\/v2\/posts\/9501"}],"collection":[{"href":"https:\/\/www.enerjigazetesi.ist\/en\/wp-json\/wp\/v2\/posts"}],"about":[{"href":"https:\/\/www.enerjigazetesi.ist\/en\/wp-json\/wp\/v2\/types\/post"}],"author":[{"embeddable":true,"href":"https:\/\/www.enerjigazetesi.ist\/en\/wp-json\/wp\/v2\/users\/1"}],"replies":[{"embeddable":true,"href":"https:\/\/www.enerjigazetesi.ist\/en\/wp-json\/wp\/v2\/comments?post=9501"}],"version-history":[{"count":3,"href":"https:\/\/www.enerjigazetesi.ist\/en\/wp-json\/wp\/v2\/posts\/9501\/revisions"}],"predecessor-version":[{"id":9504,"href":"https:\/\/www.enerjigazetesi.ist\/en\/wp-json\/wp\/v2\/posts\/9501\/revisions\/9504"}],"wp:featuredmedia":[{"embeddable":true,"href":"https:\/\/www.enerjigazetesi.ist\/en\/wp-json\/wp\/v2\/media\/9502"}],"wp:attachment":[{"href":"https:\/\/www.enerjigazetesi.ist\/en\/wp-json\/wp\/v2\/media?parent=9501"}],"wp:term":[{"taxonomy":"category","embeddable":true,"href":"https:\/\/www.enerjigazetesi.ist\/en\/wp-json\/wp\/v2\/categories?post=9501"},{"taxonomy":"post_tag","embeddable":true,"href":"https:\/\/www.enerjigazetesi.ist\/en\/wp-json\/wp\/v2\/tags?post=9501"}],"curies":[{"name":"wp","href":"https:\/\/api.w.org\/{rel}","templated":true}]}}