{"id":94945,"date":"2019-06-27T00:06:03","date_gmt":"2019-06-26T21:06:03","guid":{"rendered":"https:\/\/www.enerjigazetesi.ist\/?p=94945"},"modified":"2019-06-27T00:09:19","modified_gmt":"2019-06-26T21:09:19","slug":"bugun-itibariyle-2019-yilinin-kaynaklarini-tuketmis-bulunuyoruz","status":"publish","type":"post","link":"https:\/\/www.enerjigazetesi.ist\/en\/bugun-itibariyle-2019-yilinin-kaynaklarini-tuketmis-bulunuyoruz\/","title":{"rendered":"(Turkish) Bug\u00fcn \u0130tibariyle 2019 Y\u0131l\u0131n\u0131n Kaynaklar\u0131n\u0131 T\u00fcketmi\u015f Bulunuyoruz"},"content":{"rendered":"<p class=\"qtranxs-available-languages-message qtranxs-available-languages-message-en\">Sorry, this entry is only available in <a href=\"https:\/\/www.enerjigazetesi.ist\/tr\/wp-json\/wp\/v2\/posts\/94945\" class=\"qtranxs-available-language-link qtranxs-available-language-link-tr\" title=\"Turkish\">Turkish<\/a>. For the sake of viewer convenience, the content is shown below in the alternative language. You may click the link to switch the active language.<\/p><p><\/p>\n<h1>Limit A\u015f\u0131m G\u00fcn\u00fc, bu y\u0131l T\u00fcrkiye i\u00e7in 27 Haziran d\u00fcnya geneli i\u00e7in ise 29 Temmuz olarak belirlendi. T\u00fcrkiye bu y\u0131l do\u011fal kaynaklar\u0131 d\u00fcnya ortalamas\u0131ndan 32 g\u00fcn \u00f6nce t\u00fcketti. Bug\u00fcnden itibaren 2020\u2019nin kaynaklar\u0131na bor\u00e7lanmaya ba\u015fl\u0131yoruz.<\/h1>\n<p>\u0130nsanl\u0131\u011f\u0131n, d\u00fcnyan\u0131n bize sundu\u011fu 1 y\u0131ll\u0131k do\u011fal kaynaklar\u0131 t\u00fcketti\u011fi g\u00fcn olan K\u00fcresel Limit A\u015f\u0131m G\u00fcn\u00fc, <img loading=\"lazy\" class=\"alignright wp-image-94948\" src=\"https:\/\/www.enerjigazetesi.ist\/wp-content\/uploads\/2019\/06\/bugun-itibariyle-2019-yilinin-kaynaklarini-tuketmis-bulunuyoruz1-300x225.jpg\" alt=\"\" width=\"340\" height=\"255\" srcset=\"https:\/\/www.enerjigazetesi.ist\/wp-content\/uploads\/2019\/06\/bugun-itibariyle-2019-yilinin-kaynaklarini-tuketmis-bulunuyoruz1-300x225.jpg 300w, https:\/\/www.enerjigazetesi.ist\/wp-content\/uploads\/2019\/06\/bugun-itibariyle-2019-yilinin-kaynaklarini-tuketmis-bulunuyoruz1-500x375.jpg 500w, https:\/\/www.enerjigazetesi.ist\/wp-content\/uploads\/2019\/06\/bugun-itibariyle-2019-yilinin-kaynaklarini-tuketmis-bulunuyoruz1-67x50.jpg 67w, https:\/\/www.enerjigazetesi.ist\/wp-content\/uploads\/2019\/06\/bugun-itibariyle-2019-yilinin-kaynaklarini-tuketmis-bulunuyoruz1.jpg 651w\" sizes=\"(max-width: 340px) 100vw, 340px\" \/>bu y\u0131l T\u00fcrkiye i\u00e7in 27 Haziran olarak belirlendi. Bu tarih, do\u011fan\u0131n bize 2019 boyunca kullanmam\u0131z i\u00e7in sundu\u011fu kaynaklar\u0131, daha 6\u2019nc\u0131 ay\u0131n sonunda t\u00fcketmi\u015f oldu\u011fumuz ve kalan 6 ayda 2020\u2019den bor\u00e7 alaca\u011f\u0131m\u0131z anlam\u0131na geliyor.<\/p>\n<p>Kurdu\u011fumuz ekonomik ve toplumsal sistemler, do\u011fan\u0131n sundu\u011fu ekolojik kaynaklar taraf\u0131ndan destekleniyor. Sa\u011fl\u0131\u011f\u0131m\u0131z, esenli\u011fimiz, refah\u0131m\u0131z i\u00e7in gerekli temiz havay\u0131, suyu, g\u0131day\u0131, t\u0131bbi \u00fcr\u00fcnleri do\u011faya bor\u00e7luyuz. E\u011fer d\u00fcnyadaki herkes ortalama bir T\u00fcrkiye vatanda\u015f\u0131 gibi ya\u015f\u0131yor olsayd\u0131; do\u011fan\u0131n bir y\u0131l i\u00e7inde yenileyebildi\u011fi bu kaynaklar\u0131 27 Haziran\u2019a gelindi\u011finde t\u00fcketmi\u015f olacakt\u0131k. Bu ayn\u0131 zamanda mevcut t\u00fcketimimizi kar\u015f\u0131lamak i\u00e7in bir d\u00fcnyaya daha ihtiya\u00e7 duydu\u011fumuz anlam\u0131na geliyor. Bir ba\u015fka deyi\u015fle, iki d\u00fcnyam\u0131z varm\u0131\u015f gibi t\u00fcketiyoruz.<\/p>\n<h2>T\u00fcrkiye, bu y\u0131l d\u00fcnya ortalamas\u0131ndan 32 g\u00fcn \u00f6nce t\u00fcketti<\/h2>\n<p>D\u00fcnya \u00fczerindeki yenilenebilir kaynaklar ile insanlar\u0131n bu kaynaklara y\u00f6nelik talebini de\u011ferlendiren ara\u015ft\u0131rmalar y\u00fcr\u00fcten K\u00fcresel Ayak \u0130zi A\u011f\u0131\u2019n\u0131n (Global Footprint Network) verileri, d\u00fcnyam\u0131z\u0131n i\u00e7inde bulundu\u011fu kritik durumu g\u00f6zler \u00f6n\u00fcne seriyor. \u0130nsanl\u0131\u011f\u0131n do\u011fa \u00fczerindeki y\u0131ll\u0131k talebinin, d\u00fcnyan\u0131n bir y\u0131lda yerine koyabilece\u011fi kapasiteyi a\u015ft\u0131\u011f\u0131 g\u00fcn olan K\u00fcresel Limit A\u015f\u0131m G\u00fcn\u00fc, bu y\u0131l 29 Temmuz olarak saptand\u0131. Bu tarih itibariyle insanl\u0131k olarak d\u00fcnyan\u0131n y\u0131l i\u00e7inde yenileyebilece\u011fi kaynaklardan fazlas\u0131n\u0131 t\u00fcketmeye ba\u015flam\u0131\u015f olaca\u011f\u0131z.<\/p>\n<p>Her \u00fclkenin kaynak kullan\u0131m h\u0131z\u0131 farkl\u0131 oldu\u011fu i\u00e7in, Limit A\u015f\u0131m G\u00fcn\u00fc \u00fclkeden \u00fclkeye de\u011fi\u015fiklikler g\u00f6steriyor. T\u00fcrkiye, bu y\u0131l do\u011fal kaynaklar\u0131 d\u00fcnya ortalamas\u0131ndan 32 g\u00fcn \u00f6nce t\u00fcketti. 2018\u2019de 11 Temmuz olan \u00fclkemizin Limit A\u015f\u0131m G\u00fcn\u00fc, d\u00fcnya ortalamas\u0131ndan 21 g\u00fcn \u00f6nceydi. Yani her y\u0131l giderek artan bir h\u0131zla kaynaklar\u0131m\u0131z\u0131 d\u00fcnya ortalamas\u0131ndan daha h\u0131zl\u0131 t\u00fcketiyoruz.<\/p>\n<p>Ekolojik kaynaklar\u0131 a\u015f\u0131r\u0131 kullanarak limit a\u015f\u0131m\u0131na yol a\u00e7man\u0131n sonucunda ormanlar yok oluyor, biyolojik \u00e7e\u015fitlilik kayboluyor, bal\u0131k stoklar\u0131 azal\u0131yor, tatl\u0131 su kaynaklar\u0131 yitiriliyor, topraklar\u0131m\u0131z erozyona u\u011fruyor, havam\u0131z kirleniyor. Atmosferde artan karbondioksitin tetikledi\u011fi iklim de\u011fi\u015fikli\u011fi, kurakl\u0131klar, orman yang\u0131nlar\u0131, a\u015f\u0131r\u0131 ya\u011f\u0131\u015flar ve benzeri olaylarla kendini giderek daha belirgin bir \u015fekilde hissettiriyor.<\/p>\n<h2>Asl\u0131 Pasinli: \u201cGezegenimizin felaketi \u00fczerine saadet kurmaya \u00e7al\u0131\u015ft\u0131\u011f\u0131m\u0131z bir ya\u015fam modelinin kazanan\u0131 olamaz\u201d<\/h2>\n<p>WWF-T\u00fcrkiye (Do\u011fal Hayat\u0131 Koruma Vakf\u0131) Genel M\u00fcd\u00fcr\u00fc Asl\u0131 Pasinli,\u00a0konuyla ilgili \u015fu de\u011ferlendirmeyi yapt\u0131: &#8220;T\u00fcrkiye\u2019nin Ulusal Limit A\u015f\u0131m G\u00fcn\u00fc, rekor bir s\u0131\u00e7rama ile 14 g\u00fcn \u00f6ne gelerek, y\u0131l\u0131n ilk alt\u0131 ay\u0131na kaym\u0131\u015f durumda. Bu durum d\u00fcnyam\u0131z\u0131n ekolojik \u00e7\u00f6k\u00fc\u015f\u00fcnde bizlerin de rol\u00fc oldu\u011funu g\u00f6zler \u00f6n\u00fcne seren ciddi bir g\u00f6sterge. Do\u011fa sorunlar\u0131 genelde \u00e7ok kar\u0131\u015f\u0131k, devletlerin \u00e7\u00f6zmesi gereken sorunlar olarak alg\u0131lan\u0131yor. Devletlere i\u015f d\u00fc\u015ft\u00fc\u011f\u00fc muhakkak, ancak bireylerin, kurumlar\u0131n, STK\u2019lar\u0131n da sorumluluklar\u0131 b\u00fcy\u00fck. Ve bu sorumlulu\u011fu, rekabet \u00fcst\u00fc, politika \u00fcst\u00fc bir ruh haliyle, \u00e7ok daha samimi olarak, daha radikal kararlarla ve i\u015f yap\u0131\u015f \u015fekilleriyle sahiplenmemiz gerekiyor. Unutmamal\u0131y\u0131z ki, gezegenimizin felaketi \u00fczerine saadet kurmaya \u00e7al\u0131\u015ft\u0131\u011f\u0131m\u0131z bir ya\u015fam modelinin kazanan\u0131 olamaz.&#8221;<\/p>\n<h2>\u2018Enerji devrimi ya\u015fanmas\u0131 gerekiyor\u2019<\/h2>\n<p>Pasinli; bireylerin, kurumlar\u0131n \u00fczerine d\u00fc\u015fen sorumluluklar \u00fczerine ise \u015funlar\u0131 s\u00f6yledi: \u201cBireyler olarak at\u0131\u011f\u0131m\u0131z\u0131 azaltarak i\u015fe ba\u015flayabiliriz. Eskisi gibi pazara file ile gitmek, evden \u00e7\u0131karken yan\u0131m\u0131za matara almak, pipet kullan\u0131m\u0131ndan vazge\u00e7mek, daha fazla bisiklete binmek, ta\u015f\u0131t kullanmak yerine y\u00fcr\u00fcmek veya toplu ta\u015f\u0131ma kullanmak gibi g\u00fcnl\u00fck hayat\u0131m\u0131zda yapaca\u011f\u0131m\u0131z ufak de\u011fi\u015fikliklerin toplamda etkisi tahminimizden \u00e7ok daha b\u00fcy\u00fck. Kurumlar olarak, her sekt\u00f6r\u00fcn \u2018sosyal sorumlulu\u011fu\u2019 bir proje olarak g\u00f6rmek yerine \u2018i\u015f yap\u0131\u015f \u015feklini d\u00f6n\u00fc\u015ft\u00fcrmek\u2019 olarak benimsemesini \u00f6nemsiyoruz. Finans sekt\u00f6r\u00fcn\u00fcn \u00e7evre dostu olmayan yat\u0131r\u0131mlar\u0131 reddetmesi bu i\u015f yap\u0131\u015f \u015fekline bir \u00f6rnek. Devletler a\u00e7\u0131s\u0131ndan ise bir enerji devrimi ya\u015fanmas\u0131 gerekiyor. Bir\u00e7ok \u00fclke k\u00f6m\u00fcr santrallerini kapatma karar\u0131 ald\u0131. \u00dclkemizde, bundan sonra yap\u0131lacak yat\u0131r\u0131mlar\u0131n g\u00fcne\u015f ve r\u00fczg\u00e2r odakl\u0131 olmas\u0131, te\u015fviklerin de k\u00f6m\u00fcrden bu alana kayd\u0131r\u0131lmas\u0131 \u00e7ok \u00f6nemli ad\u0131mlar.\u201d<\/p>","protected":false},"excerpt":{"rendered":"<p>Sorry, this entry is only available in Turkish. For the sake of viewer convenience, the content is shown below in the alternative language. You may click the link to switch the active language. Limit A\u015f\u0131m G\u00fcn\u00fc, bu y\u0131l T\u00fcrkiye i\u00e7in 27 Haziran d\u00fcnya geneli i\u00e7in ise 29 Temmuz olarak belirlendi. T\u00fcrkiye bu y\u0131l do\u011fal kaynaklar\u0131 [&hellip;]<\/p>\n","protected":false},"author":1,"featured_media":94947,"comment_status":"open","ping_status":"open","sticky":false,"template":"","format":"standard","meta":[],"categories":[53,52],"tags":[52839,33408,1827,52836,9232,52259,34808,1999,52840,52841,52838,31012,38612,52835,13250,35970,52837,687],"views":663,"_links":{"self":[{"href":"https:\/\/www.enerjigazetesi.ist\/en\/wp-json\/wp\/v2\/posts\/94945"}],"collection":[{"href":"https:\/\/www.enerjigazetesi.ist\/en\/wp-json\/wp\/v2\/posts"}],"about":[{"href":"https:\/\/www.enerjigazetesi.ist\/en\/wp-json\/wp\/v2\/types\/post"}],"author":[{"embeddable":true,"href":"https:\/\/www.enerjigazetesi.ist\/en\/wp-json\/wp\/v2\/users\/1"}],"replies":[{"embeddable":true,"href":"https:\/\/www.enerjigazetesi.ist\/en\/wp-json\/wp\/v2\/comments?post=94945"}],"version-history":[{"count":0,"href":"https:\/\/www.enerjigazetesi.ist\/en\/wp-json\/wp\/v2\/posts\/94945\/revisions"}],"wp:featuredmedia":[{"embeddable":true,"href":"https:\/\/www.enerjigazetesi.ist\/en\/wp-json\/wp\/v2\/media\/94947"}],"wp:attachment":[{"href":"https:\/\/www.enerjigazetesi.ist\/en\/wp-json\/wp\/v2\/media?parent=94945"}],"wp:term":[{"taxonomy":"category","embeddable":true,"href":"https:\/\/www.enerjigazetesi.ist\/en\/wp-json\/wp\/v2\/categories?post=94945"},{"taxonomy":"post_tag","embeddable":true,"href":"https:\/\/www.enerjigazetesi.ist\/en\/wp-json\/wp\/v2\/tags?post=94945"}],"curies":[{"name":"wp","href":"https:\/\/api.w.org\/{rel}","templated":true}]}}