{"id":94883,"date":"2019-06-26T00:40:14","date_gmt":"2019-06-25T21:40:14","guid":{"rendered":"https:\/\/www.enerjigazetesi.ist\/?p=94883"},"modified":"2019-06-26T00:43:14","modified_gmt":"2019-06-25T21:43:14","slug":"izoder-2019un-3uncu-yalitim-seminerini-bursada-duzenliyor","status":"publish","type":"post","link":"https:\/\/www.enerjigazetesi.ist\/en\/izoder-2019un-3uncu-yalitim-seminerini-bursada-duzenliyor\/","title":{"rendered":"(Turkish) &#8217;\u0130ZODER&#8217; 2019\u2019un 3&#8217;\u00fcnc\u00fc Yal\u0131t\u0131m Semineri&#8217;ni Bursa&#8217;da D\u00fczenliyor"},"content":{"rendered":"<p class=\"qtranxs-available-languages-message qtranxs-available-languages-message-en\">Sorry, this entry is only available in <a href=\"https:\/\/www.enerjigazetesi.ist\/tr\/wp-json\/wp\/v2\/posts\/94883\" class=\"qtranxs-available-language-link qtranxs-available-language-link-tr\" title=\"Turkish\">Turkish<\/a>. For the sake of viewer convenience, the content is shown below in the alternative language. You may click the link to switch the active language.<\/p><p><\/p>\n<h1>\u0130ZODER Ba\u015fkan\u0131 Levent Pelesen: &#8220;Bursa, Anadolu\u2019ya a\u00e7\u0131lma stratejimizin \u00f6nemli bir halkas\u0131d\u0131r&#8221;<\/h1>\n<p>&nbsp;<\/p>\n<h2>\u00dclke genelinde yal<strong>\u0131<\/strong><strong>t<\/strong><strong>\u0131<\/strong><strong>m bilincini art<\/strong><strong>\u0131<\/strong><strong>rmak, kamu ile sekt<\/strong><strong>\u00f6<\/strong><strong>r temsilcilerini bulu<\/strong><strong>\u015f<\/strong><strong>turmak ve vatanda<\/strong><strong>\u015f<\/strong><strong>lara <\/strong><strong>\u00e7\u00f6<\/strong><strong>z<\/strong><strong>\u00fc<\/strong><strong>m <\/strong><strong>\u00f6<\/strong><strong>nerileri sunmak amac<\/strong><strong>\u0131<\/strong><strong>yla Anadolu<\/strong><strong>\u2019<\/strong><strong>da <\/strong><strong>\u2018<\/strong><strong>T<\/strong><strong>\u00fc<\/strong><strong>m Y<\/strong><strong>\u00f6<\/strong><strong>nleriyle Yal<\/strong><strong>\u0131<\/strong><strong>t<\/strong><strong>\u0131<\/strong><strong>m Seminerleri<\/strong><strong>\u2019<\/strong><strong> d<\/strong><strong>\u00fc<\/strong><strong>zenlemeye devam eden <\/strong><strong>\u0130<\/strong><strong>ZODER, 2019<\/strong><strong>\u2019<\/strong><strong>un <\/strong><strong>\u00fc\u00e7\u00fc<\/strong><strong>nc<\/strong><strong>\u00fc<\/strong><strong> seminerini Bursa<\/strong><strong>\u2019<\/strong><strong>da ger<\/strong><strong>\u00e7<\/strong><strong>ekle<\/strong><strong>\u015f<\/strong><strong>tiriyor.<img loading=\"lazy\" class=\"alignright size-medium wp-image-94886\" src=\"https:\/\/www.enerjigazetesi.ist\/wp-content\/uploads\/2019\/06\/izoder-2019un-3uncu-yalitim-seminerini-bursada-duzenliyor-300x279.jpg\" alt=\"\" width=\"300\" height=\"279\" srcset=\"https:\/\/www.enerjigazetesi.ist\/wp-content\/uploads\/2019\/06\/izoder-2019un-3uncu-yalitim-seminerini-bursada-duzenliyor-300x279.jpg 300w, https:\/\/www.enerjigazetesi.ist\/wp-content\/uploads\/2019\/06\/izoder-2019un-3uncu-yalitim-seminerini-bursada-duzenliyor-430x400.jpg 430w, https:\/\/www.enerjigazetesi.ist\/wp-content\/uploads\/2019\/06\/izoder-2019un-3uncu-yalitim-seminerini-bursada-duzenliyor-54x50.jpg 54w, https:\/\/www.enerjigazetesi.ist\/wp-content\/uploads\/2019\/06\/izoder-2019un-3uncu-yalitim-seminerini-bursada-duzenliyor.jpg 525w\" sizes=\"(max-width: 300px) 100vw, 300px\" \/><\/strong><\/h2>\n<p>\u00c7evre ve \u015eehircilik Bakanl\u0131\u011f\u0131 i\u015f birli\u011fi protokol\u00fc \u00e7er\u00e7evesinde \u015fimdiye kadar 11 ilde \u2018<strong>T\u00fcm Y\u00f6nleriyle Yal<\/strong><strong>\u0131<\/strong><strong>t<\/strong><strong>\u0131<\/strong><strong>m Seminerleri<\/strong>\u2019ni d\u00fczenlediklerini belirten <strong>\u0130<\/strong><strong>ZODER Y<\/strong><strong>\u00f6<\/strong><strong>netim Kurulu Ba<\/strong><strong>\u015f<\/strong><strong>kan<\/strong><strong>\u0131<\/strong><strong> Levent Pelesen<\/strong>, \u201cBug\u00fcne kadar ger\u00e7ekle\u015ftirdi\u011fimiz seminerlerin g\u00f6rd\u00fc\u011f\u00fc yo\u011fun ilgi, Anadolu\u2019ya a\u00e7\u0131lma stratejisinin ne kadar \u00f6nemli oldu\u011funu bir kez daha g\u00f6sterdi. Bursa da bu stratejimizin en \u00f6nemli halkalar\u0131ndan biridir. Ger\u00e7ekle\u015ftirece\u011fimiz seminerle amac\u0131m\u0131z, yal\u0131t\u0131m sekt\u00f6r\u00fcn\u00fcn t\u00fcm bile\u015fenlerini ve taraflar\u0131n\u0131 bir araya getirerek, yal\u0131t\u0131m bilincini art\u0131rmak ve fark\u0131ndal\u0131k yaratmakt\u0131r\u201d dedi.<\/p>\n<p><strong>\u0130<\/strong><strong>ZODER <\/strong>(Is\u0131 Su Ses ve Yang\u0131n Yal\u0131t\u0131mc\u0131lar\u0131 Derne\u011fi),<strong> \u2018T\u00fcm Y\u00f6nleriyle Yal<\/strong><strong>\u0131<\/strong><strong>t<\/strong><strong>\u0131<\/strong><strong>m Seminerleri-Bursa<\/strong>\u2019y\u0131; <strong>Bursa \u00c7evre ve <\/strong><strong>\u015e<\/strong><strong>ehircilik <\/strong><strong>\u0130<\/strong><strong>l M<\/strong><strong>\u00fc<\/strong><strong>d<\/strong><strong>\u00fc<\/strong><strong>rl<\/strong><strong>\u00fc<\/strong><strong>\u011f<\/strong><strong>\u00fc<\/strong> i\u015fbirli\u011fi ile <strong>27 Haziran Per<\/strong><strong>\u015f<\/strong><strong>embe<\/strong> g\u00fcn\u00fc <strong>Bursa Almira Otel<\/strong>\u2019de d\u00fczenliyor. Seminere, kamu ve sekt\u00f6r temsilcileri ile alan\u0131nda uzman isimler konu\u015fmac\u0131 olarak kat\u0131l\u0131yor.<\/p>\n<p>Bonus, Filli Boya\/Capatect, \u0130zocam, Mardav, MegaBoard, ODE, Onduline, Terrawool, Weber sponsorlu\u011funda d\u00fczenlenen seminerde; \u00f6\u011fretim \u00fcyeleri, mimar, m\u00fchendis ve STK temsilcilerinden olu\u015fan sekt\u00f6r\u00fcn t\u00fcm bile\u015fenleri ve taraflar\u0131 bir araya gelecek.<\/p>","protected":false},"excerpt":{"rendered":"<p>Sorry, this entry is only available in Turkish. For the sake of viewer convenience, the content is shown below in the alternative language. You may click the link to switch the active language. \u0130ZODER Ba\u015fkan\u0131 Levent Pelesen: &#8220;Bursa, Anadolu\u2019ya a\u00e7\u0131lma stratejimizin \u00f6nemli bir halkas\u0131d\u0131r&#8221; &nbsp; \u00dclke genelinde yal\u0131t\u0131m bilincini art\u0131rmak, kamu ile sekt\u00f6r temsilcilerini bulu\u015fturmak [&hellip;]<\/p>\n","protected":false},"author":1,"featured_media":94886,"comment_status":"open","ping_status":"open","sticky":false,"template":"","format":"standard","meta":[],"categories":[53,52],"tags":[52755,958,52754,52753,52259,26559,42399,25455,6254,675,11564,47158,47159,45959,52756,47160,42384,793,52757,43365],"views":469,"_links":{"self":[{"href":"https:\/\/www.enerjigazetesi.ist\/en\/wp-json\/wp\/v2\/posts\/94883"}],"collection":[{"href":"https:\/\/www.enerjigazetesi.ist\/en\/wp-json\/wp\/v2\/posts"}],"about":[{"href":"https:\/\/www.enerjigazetesi.ist\/en\/wp-json\/wp\/v2\/types\/post"}],"author":[{"embeddable":true,"href":"https:\/\/www.enerjigazetesi.ist\/en\/wp-json\/wp\/v2\/users\/1"}],"replies":[{"embeddable":true,"href":"https:\/\/www.enerjigazetesi.ist\/en\/wp-json\/wp\/v2\/comments?post=94883"}],"version-history":[{"count":0,"href":"https:\/\/www.enerjigazetesi.ist\/en\/wp-json\/wp\/v2\/posts\/94883\/revisions"}],"wp:featuredmedia":[{"embeddable":true,"href":"https:\/\/www.enerjigazetesi.ist\/en\/wp-json\/wp\/v2\/media\/94886"}],"wp:attachment":[{"href":"https:\/\/www.enerjigazetesi.ist\/en\/wp-json\/wp\/v2\/media?parent=94883"}],"wp:term":[{"taxonomy":"category","embeddable":true,"href":"https:\/\/www.enerjigazetesi.ist\/en\/wp-json\/wp\/v2\/categories?post=94883"},{"taxonomy":"post_tag","embeddable":true,"href":"https:\/\/www.enerjigazetesi.ist\/en\/wp-json\/wp\/v2\/tags?post=94883"}],"curies":[{"name":"wp","href":"https:\/\/api.w.org\/{rel}","templated":true}]}}