{"id":9488,"date":"2013-04-12T00:52:53","date_gmt":"2013-04-11T21:52:53","guid":{"rendered":"https:\/\/www.enerjigazetesi.ist\/?p=9488"},"modified":"2013-04-12T00:52:53","modified_gmt":"2013-04-11T21:52:53","slug":"dogan-medyada-kuculecek-enerjide-buyuyecek","status":"publish","type":"post","link":"https:\/\/www.enerjigazetesi.ist\/en\/dogan-medyada-kuculecek-enerjide-buyuyecek\/","title":{"rendered":"(Turkish) Do\u011fan, Medyada K\u00fc\u00e7\u00fclecek, Enerjide B\u00fcy\u00fcyecek&#8230;"},"content":{"rendered":"<p class=\"qtranxs-available-languages-message qtranxs-available-languages-message-en\">Sorry, this entry is only available in <a href=\"https:\/\/www.enerjigazetesi.ist\/tr\/wp-json\/wp\/v2\/posts\/9488\" class=\"qtranxs-available-language-link qtranxs-available-language-link-tr\" title=\"Turkish\">Turkish<\/a>. For the sake of viewer convenience, the content is shown below in the alternative language. You may click the link to switch the active language.<\/p><p><strong>Portf\u00f6y\u00fcn\u00fcn y\u00fczde 80\u2019ini olu\u015fturan medya yat\u0131r\u0131mlar\u0131n\u0131 y\u00fczde 50\u2019ye d\u00fc\u015f\u00fcrmeye haz\u0131rlanan Do\u011fan Holding, \u00f6n\u00fcm\u00fczdeki d\u00f6nemde enerji yat\u0131r\u0131mlar\u0131na a\u011f\u0131rl\u0131k verecek. Elektrik ve akaryak\u0131t \u00fcretim da\u011f\u0131t\u0131m f\u0131rsatlar\u0131n\u0131 de\u011ferlendirmeyi planlayan Do\u011fan Holding, Milli Piyango \u00f6zelle\u015ftirmesine de teklif vermeyi planl\u0131yor. Hem Milli Piyango, hem de petrol arama yat\u0131r\u0131m\u0131 i\u00e7in ortakl\u0131klar kurma yoluna gidecek olan Do\u011fan Holding, medya alan\u0131nda da yurtd\u0131\u015f\u0131ndaki f\u0131rsatlar\u0131 takip edecek.<\/strong><\/p>\n<p>Do\u011fan Holding CEO`su Yahya \u00dczdiyen finansal sonu\u00e7lara ili\u015fkin yapt\u0131\u011f\u0131 de\u011ferlendirmede, &#8220;2011 y\u0131l\u0131nda Vergi Bar\u0131\u015f\u0131 kapsam\u0131nda yapt\u0131\u011f\u0131m\u0131z \u00f6demeler nedeniyle \u00f6zkaynaklar\u0131m\u0131zda bir miktar azalma olmu\u015ftu. 2012 y\u0131l\u0131nda yakalad\u0131\u011f\u0131m\u0131z sa\u011fl\u0131kl\u0131 b\u00fcy\u00fcme sayesinde bu fark\u0131 kapama y\u00f6n\u00fcnde \u00f6nemli ad\u0131mlar att\u0131k&#8221; dedi. Medya, enerji ve perakende sekt\u00f6rlerinde mevcut yat\u0131r\u0131mlar\u0131n \u00f6l\u00e7e\u011fini b\u00fcy\u00fctmek i\u00e7in \u00e7al\u0131\u015ft\u0131klar\u0131n\u0131 kaydeden \u00dczdiyen, enerjide t\u00fcm \u00fcretim ve da\u011f\u0131t\u0131m segmentlerinde, medyada yurtd\u0131\u015f\u0131nda, perakende de ise yurti\u00e7inde f\u0131rsat aray\u0131\u015flar\u0131n\u0131n s\u00fcrece\u011fini s\u00f6yledi.<\/p>\n<p>\u015eu anda portf\u00f6ylerinde medyan\u0131n y\u00fczde 80 civar\u0131nda olan a\u011f\u0131rl\u0131\u011f\u0131n\u0131 y\u00fczde 50`ye \u00e7ekmek istediklerini belirten \u00dczdiyen, &#8220;Enerji portf\u00f6y\u00fcm\u00fcz\u00fcn \u00f6nemli ayaklar\u0131ndan birinin petrol arama ve \u00fcretimi olmas\u0131n\u0131 hedefliyoruz. Halihaz\u0131rda Kuzey Irak`ta hak sahibi bir \u015firketin y\u00fczde 20 orta\u011f\u0131y\u0131z. Petrol\u00fc bulduk, yak\u0131nda ger\u00e7ek anlamda \u00fcretime ge\u00e7ece\u011fiz. Hedefimiz petrol \u00fcretiminde orta \u00f6l\u00e7ekli bir oyuncu olmak. Bu nedenle sadece Kuzey Irak`ta de\u011fil, di\u011fer b\u00f6lgelerde de f\u0131rsatlara bakaca\u011f\u0131z&#8221; dedi.<\/p>\n<p><a href=\"https:\/\/www.enerjigazetesi.ist\/wp-content\/uploads\/2013\/04\/yahya-uzdiyen-dogan-holding-HI-594817.jpg\"><img loading=\"lazy\" class=\"alignright size-medium wp-image-9489\" title=\"yahya-uzdiyen-dogan-holding--HI-594817\" src=\"https:\/\/www.enerjigazetesi.ist\/wp-content\/uploads\/2013\/04\/yahya-uzdiyen-dogan-holding-HI-594817-300x196.jpg\" alt=\"\" width=\"300\" height=\"196\" srcset=\"https:\/\/www.enerjigazetesi.ist\/wp-content\/uploads\/2013\/04\/yahya-uzdiyen-dogan-holding-HI-594817-300x196.jpg 300w, https:\/\/www.enerjigazetesi.ist\/wp-content\/uploads\/2013\/04\/yahya-uzdiyen-dogan-holding-HI-594817-500x326.jpg 500w, https:\/\/www.enerjigazetesi.ist\/wp-content\/uploads\/2013\/04\/yahya-uzdiyen-dogan-holding-HI-594817-76x50.jpg 76w, https:\/\/www.enerjigazetesi.ist\/wp-content\/uploads\/2013\/04\/yahya-uzdiyen-dogan-holding-HI-594817.jpg 560w\" sizes=\"(max-width: 300px) 100vw, 300px\" \/><\/a>Vergi borcunun kapamas\u0131yla birlikte \u00f6zkaynaklar\u0131 y\u00fckselen, bilan\u00e7osu k\u00e2ra d\u00f6nen Do\u011fan Holding, y\u0131ll\u0131k de\u011ferlendirme toplant\u0131s\u0131nda 2013 hedeflerini payla\u015ft\u0131. Bu y\u0131l organik olarak y\u00fczde 20`nin \u00fczerinde ciro art\u0131\u015f\u0131 hedefledi\u011fini a\u00e7\u0131klayan \u015firket, sat\u0131n almalar hari\u00e7 mevcut i\u015flerde 400 milyon liral\u0131k yat\u0131r\u0131m planl\u0131yor.<\/p>\n<p>Do\u011fan Holding 2012 y\u0131l\u0131n\u0131 y\u00fczde 10 art\u0131\u015fla 3.2 milyar lira sat\u0131\u015f geliri, y\u00fczde 46 art\u0131\u015fla 326 milyon lira FAV\u00d6K ile tamamlad\u0131. \u015eirketin net k\u00e2r\u0131 ise 155.7 milyon lira olarak ger\u00e7ekle\u015fti. Do\u011fan Holding bir \u00f6nceki y\u0131l ihtilafl\u0131 vergi borcu gideri ve matrah art\u0131r\u0131m\u0131 gideri sebebiyle 1.09 milyar liral\u0131k net di\u011fer faaliyet gideri kaydetmi\u015f, buna ba\u011fl\u0131 olarak 753.7 milyon lira zarar a\u00e7\u0131klam\u0131\u015ft\u0131. Taksitlendirilmi\u015f vergi borcundan kalan tutar\u0131n tamam\u0131n\u0131 \u00f6deyen Do\u011fan Holding`in bu kapsamda herhangi bir y\u00fck\u00fcml\u00fcl\u00fc\u011f\u00fc kalmad\u0131.<\/p>\n<p><strong>PETROL ARAMA KONUSUNDA ORTAKLIKLARA G\u0130DECEK<\/strong><\/p>\n<p>Bu kapsamda Yemen ve baz\u0131 Afrika \u00fclkeleri \u00fczerinde \u00e7al\u0131\u015ft\u0131klar\u0131n\u0131 ancak \u015fu anda somut bir geli\u015fme olmad\u0131\u011f\u0131n\u0131 belirten Yahya \u00dczdiyen, \u201cBu konudaki yat\u0131r\u0131mlar\u0131m\u0131z ortakl\u0131klar yoluyla olacak. Ortakl\u0131k oran\u0131, Kuzey Irak`taki ortakl\u0131k pay\u0131m\u0131z gibi olacak. Daha fazlas\u0131n\u0131 d\u00fc\u015f\u00fcnm\u00fcyoruz\u201d diye konu\u015ftu. Do\u011fan Holding`in faaliyet raporunda yer alan bilgiye g\u00f6re, Do\u011fan Enerji 2009 y\u0131l\u0131nda y\u00fczde 50 hissedar oldu\u011fu Gas Plus Erbil arac\u0131l\u0131\u011f\u0131yla, Kuzey Irak\u2019ta bulunan petrol arama sahas\u0131na y\u00fczde 20 nihai pay ile Kuzey Irak Erbil petrol projesine i\u015ftirak etmi\u015fti.<\/p>\n<p>Enerji sekt\u00f6r\u00fcnde \u00fcretim da\u011f\u0131t\u0131m alan\u0131ndaki her t\u00fcrl\u00fc f\u0131rsat\u0131 de\u011ferlendirme amac\u0131nda olduklar\u0131n\u0131 s\u00f6yleyen \u00dczdiyen, akaryak\u0131t da\u011f\u0131t\u0131m\u0131n\u0131n da bu kapsamda oldu\u011funu belirtti. \u00dczdiyen, &#8220;Elektrik ve akaryak\u0131t da\u011f\u0131t\u0131m\u0131 konusunda aray\u0131\u015f i\u00e7erisindeyiz. RES yat\u0131r\u0131mlar\u0131m\u0131z da s\u00fcrecek&#8221; diye konu\u015ftu.\u00a0Yenilenebilir enerjiye verdikleri \u00f6nem do\u011frultusunda, 2012`de \u015eah ve Mersin RES`i portf\u00f6ylerine katt\u0131klar\u0131n\u0131 s\u00f6yleyen \u00dczdiyen, yat\u0131r\u0131mlar\u0131n s\u00fcrece\u011fini kaydetti. &#8220;Portf\u00f6y\u00fcm\u00fcze baz y\u00fck olarak santral eklemek istiyoruz&#8221; diyen \u00dczdiyen, yeni santral yat\u0131r\u0131m\u0131n b\u00fcy\u00fckl\u00fc\u011f\u00fc ile ilgili soru \u00fczerine ise, &#8220;500 art\u0131\/eksi 200 MW gibi olacak&#8221; dedi.\u00a0\u00dczdiyen, elektrik da\u011f\u0131t\u0131m ihaleleri konusunda ise, \u00f6zellikle son iki ihaleye ciddi \u015fekilde teklif vermek istemelerine kar\u015f\u0131n, fiyatlar\u0131n y\u00fcksek oldu\u011funu d\u00fc\u015f\u00fcnd\u00fckleri i\u00e7in girmediklerini s\u00f6yledi. \u00dczdiyen, buna kar\u015f\u0131n bu alanda ikincil f\u0131rsatlar \u00e7\u0131kaca\u011f\u0131n\u0131 d\u00fc\u015f\u00fcnd\u00fcklerini belirtti.<\/p>\n<p><strong>M\u0130LL\u0130 P\u0130YANGO \u00d6ZELLE\u015eT\u0130RMES\u0130 \u0130\u00c7\u0130N STRATEJ\u0130K ORTAKLIK G\u00dcNDEMDE<\/strong><\/p>\n<p>Do\u011fan Holding`in \u00f6n\u00fcm\u00fczdeki d\u00f6nem yat\u0131r\u0131m planlar\u0131 aras\u0131nda Milli Piyango \u00f6zelle\u015ftirmesinin de bulundu\u011funu kaydeden \u00dczdiyen, s\u00f6z konusu yat\u0131r\u0131m i\u00e7in ortakl\u0131k kurma yoluna gideceklerini s\u00f6yledi. \u00dczdiyen, &#8220;Ald\u0131\u011f\u0131m\u0131z duyumlara g\u00f6re, Milli Piyango \u00f6zelle\u015ftirmesi yak\u0131n bir zamanda yap\u0131lacak. Biz de bu \u00f6zelle\u015ftirme ile ilgileniyoruz&#8230; Tek ba\u015f\u0131m\u0131za de\u011fil, yabanc\u0131 stratejik ortakla girece\u011fiz. \u015eu anda g\u00f6r\u00fc\u015f\u00fcyoruz&#8221; diye konu\u015ftu.<\/p>\n<p>Kaynak: <a href=\"http:\/\/enerjigunlugu.net\/dogan-medyada-kuculecek-enerjide-buyuyecek_3119.html#.UWcwcVe85QU\" target=\"_blank\">Enerji G\u00fcnl\u00fc\u011f\u00fc<\/a><\/p>","protected":false},"excerpt":{"rendered":"<p>Sorry, this entry is only available in Turkish. For the sake of viewer convenience, the content is shown below in the alternative language. You may click the link to switch the active language.Portf\u00f6y\u00fcn\u00fcn y\u00fczde 80\u2019ini olu\u015fturan medya yat\u0131r\u0131mlar\u0131n\u0131 y\u00fczde 50\u2019ye d\u00fc\u015f\u00fcrmeye haz\u0131rlanan Do\u011fan Holding, \u00f6n\u00fcm\u00fczdeki d\u00f6nemde enerji yat\u0131r\u0131mlar\u0131na a\u011f\u0131rl\u0131k verecek. Elektrik ve akaryak\u0131t \u00fcretim da\u011f\u0131t\u0131m [&hellip;]<\/p>\n","protected":false},"author":1,"featured_media":9489,"comment_status":"open","ping_status":"open","sticky":false,"template":"","format":"standard","meta":[],"categories":[51,53,44],"tags":[2514,4371,1514,4374,68,1266,67,532,4373,4372,474,3047],"views":621,"_links":{"self":[{"href":"https:\/\/www.enerjigazetesi.ist\/en\/wp-json\/wp\/v2\/posts\/9488"}],"collection":[{"href":"https:\/\/www.enerjigazetesi.ist\/en\/wp-json\/wp\/v2\/posts"}],"about":[{"href":"https:\/\/www.enerjigazetesi.ist\/en\/wp-json\/wp\/v2\/types\/post"}],"author":[{"embeddable":true,"href":"https:\/\/www.enerjigazetesi.ist\/en\/wp-json\/wp\/v2\/users\/1"}],"replies":[{"embeddable":true,"href":"https:\/\/www.enerjigazetesi.ist\/en\/wp-json\/wp\/v2\/comments?post=9488"}],"version-history":[{"count":1,"href":"https:\/\/www.enerjigazetesi.ist\/en\/wp-json\/wp\/v2\/posts\/9488\/revisions"}],"predecessor-version":[{"id":9490,"href":"https:\/\/www.enerjigazetesi.ist\/en\/wp-json\/wp\/v2\/posts\/9488\/revisions\/9490"}],"wp:featuredmedia":[{"embeddable":true,"href":"https:\/\/www.enerjigazetesi.ist\/en\/wp-json\/wp\/v2\/media\/9489"}],"wp:attachment":[{"href":"https:\/\/www.enerjigazetesi.ist\/en\/wp-json\/wp\/v2\/media?parent=9488"}],"wp:term":[{"taxonomy":"category","embeddable":true,"href":"https:\/\/www.enerjigazetesi.ist\/en\/wp-json\/wp\/v2\/categories?post=9488"},{"taxonomy":"post_tag","embeddable":true,"href":"https:\/\/www.enerjigazetesi.ist\/en\/wp-json\/wp\/v2\/tags?post=9488"}],"curies":[{"name":"wp","href":"https:\/\/api.w.org\/{rel}","templated":true}]}}