{"id":94810,"date":"2019-06-24T23:27:53","date_gmt":"2019-06-24T20:27:53","guid":{"rendered":"https:\/\/www.enerjigazetesi.ist\/?p=94810"},"modified":"2019-06-24T23:30:47","modified_gmt":"2019-06-24T20:30:47","slug":"sanliurfali-ogrencilerden-gunes-enerjisiyle-7-kat-daha-verimli-enerji-uretimi","status":"publish","type":"post","link":"https:\/\/www.enerjigazetesi.ist\/en\/sanliurfali-ogrencilerden-gunes-enerjisiyle-7-kat-daha-verimli-enerji-uretimi\/","title":{"rendered":"(Turkish) \u015eanl\u0131urfa&#8217;l\u0131 \u00d6\u011frenciler&#8217;den G\u00fcne\u015f Enerjisiyle 7 Kat Daha Verimli Enerji \u00dcretimi"},"content":{"rendered":"<p class=\"qtranxs-available-languages-message qtranxs-available-languages-message-en\">Sorry, this entry is only available in <a href=\"https:\/\/www.enerjigazetesi.ist\/tr\/wp-json\/wp\/v2\/posts\/94810\" class=\"qtranxs-available-language-link qtranxs-available-language-link-tr\" title=\"Turkish\">Turkish<\/a>. For the sake of viewer convenience, the content is shown below in the alternative language. You may click the link to switch the active language.<\/p><p><\/p>\n<h1>T\u00fcrkiye\u2019nin g\u00fcne\u015fte \u0131\u015f\u0131n\u0131m de\u011ferleri en y\u00fcksek \u015fehirlerinden birisi olan \u015eanl\u0131urfa\u2019da bir k\u00f6y okulu \u00f6\u011frencilerinin g\u00fcne\u015f enerjisini f\u0131rsata \u00e7evirdi\u011fi ve Karak\u00f6pr\u00fc il\u00e7esinde yer alan B\u00fcy\u00fcksalk\u0131m Ortaokulu \u00f6\u011frencilerinin<img loading=\"lazy\" class=\"alignright wp-image-94812\" src=\"https:\/\/www.enerjigazetesi.ist\/wp-content\/uploads\/2019\/06\/sanliurfali-ogrencilerden-gunes-enerjisiyle-7-kat-daha-verimli-enerji-uretimi-300x200.jpg\" alt=\"\" width=\"340\" height=\"226\" srcset=\"https:\/\/www.enerjigazetesi.ist\/wp-content\/uploads\/2019\/06\/sanliurfali-ogrencilerden-gunes-enerjisiyle-7-kat-daha-verimli-enerji-uretimi-300x200.jpg 300w, https:\/\/www.enerjigazetesi.ist\/wp-content\/uploads\/2019\/06\/sanliurfali-ogrencilerden-gunes-enerjisiyle-7-kat-daha-verimli-enerji-uretimi-768x511.jpg 768w, https:\/\/www.enerjigazetesi.ist\/wp-content\/uploads\/2019\/06\/sanliurfali-ogrencilerden-gunes-enerjisiyle-7-kat-daha-verimli-enerji-uretimi-500x333.jpg 500w, https:\/\/www.enerjigazetesi.ist\/wp-content\/uploads\/2019\/06\/sanliurfali-ogrencilerden-gunes-enerjisiyle-7-kat-daha-verimli-enerji-uretimi-75x50.jpg 75w, https:\/\/www.enerjigazetesi.ist\/wp-content\/uploads\/2019\/06\/sanliurfali-ogrencilerden-gunes-enerjisiyle-7-kat-daha-verimli-enerji-uretimi-450x300.jpg 450w, https:\/\/www.enerjigazetesi.ist\/wp-content\/uploads\/2019\/06\/sanliurfali-ogrencilerden-gunes-enerjisiyle-7-kat-daha-verimli-enerji-uretimi.jpg 900w\" sizes=\"(max-width: 340px) 100vw, 340px\" \/> g\u00fcne\u015f panelleri arac\u0131l\u0131\u011f\u0131yla elektrik \u00fcretmeye ba\u015flad\u0131\u011f\u0131 a\u00e7\u0131kland\u0131.<\/h1>\n<p>\u00d6\u011frenciler, g\u00fcne\u015f paneli masraflar\u0131n\u0131n y\u00fcksek olu\u015fu nedeniyle geli\u015ftirdikleri \u00f6zel bir sistemle elde ettikleri enerjiyi 7 kat daha verimli hale d\u00f6n\u00fc\u015ft\u00fcrd\u00fc. \u00d6\u011frencilerin projesi GAP \u0130daresi taraf\u0131ndan G\u00fcneydo\u011fu\u2019daki 2 bin okulun kat\u0131ld\u0131\u011f\u0131 yar\u0131\u015fmada 3&#8217;\u00fcnc\u00fcl\u00fckle \u00f6d\u00fcllendirildi. Elektrik s\u0131k\u0131nt\u0131s\u0131n\u0131n ya\u015fand\u0131\u011f\u0131 kentte projenin geli\u015ftirilmesiyle \u00e7ok say\u0131da vatanda\u015f\u0131n daha ucuz ve verimli enerjiye sahip olaca\u011f\u0131 tahmin ediliyor.<\/p>\n<p>Geri d\u00f6n\u00fc\u015f\u00fcm malzemeleriyle haz\u0131rlanm\u0131\u015f olan proje, g\u00fcne\u015f \u0131\u015f\u0131nlar\u0131 ayna ve mercekler yard\u0131m\u0131yla g\u00fc\u00e7lendirilerek g\u00fcne\u015f panellerine yans\u0131t\u0131l\u0131yor. Panellerden \u00e7\u0131kan enerji, tasarlanan 2 motorlu \u015faft sistemi ile 7 kat\u0131na y\u00fckseltiliyor. Sistemin geli\u015fmesi i\u00e7in \u00e7al\u0131\u015farak k\u00f6yde bunu canl\u0131 maket ile somut hale getiren ekip, elde etti\u011fi enerjiyi 6-7 kat daha art\u0131rarak sisteme sundu ve y\u00fcksek verimde enerji elde etmeyi ba\u015fard\u0131.<\/p>","protected":false},"excerpt":{"rendered":"<p>Sorry, this entry is only available in Turkish. For the sake of viewer convenience, the content is shown below in the alternative language. You may click the link to switch the active language. T\u00fcrkiye\u2019nin g\u00fcne\u015fte \u0131\u015f\u0131n\u0131m de\u011ferleri en y\u00fcksek \u015fehirlerinden birisi olan \u015eanl\u0131urfa\u2019da bir k\u00f6y okulu \u00f6\u011frencilerinin g\u00fcne\u015f enerjisini f\u0131rsata \u00e7evirdi\u011fi ve Karak\u00f6pr\u00fc il\u00e7esinde yer [&hellip;]<\/p>\n","protected":false},"author":1,"featured_media":94812,"comment_status":"open","ping_status":"open","sticky":false,"template":"","format":"standard","meta":[],"categories":[51,53,49],"tags":[52659,34979,26353,19,21807,23416,12474,23133,39384,52661,34925,23131,2097,52660,52662],"views":912,"_links":{"self":[{"href":"https:\/\/www.enerjigazetesi.ist\/en\/wp-json\/wp\/v2\/posts\/94810"}],"collection":[{"href":"https:\/\/www.enerjigazetesi.ist\/en\/wp-json\/wp\/v2\/posts"}],"about":[{"href":"https:\/\/www.enerjigazetesi.ist\/en\/wp-json\/wp\/v2\/types\/post"}],"author":[{"embeddable":true,"href":"https:\/\/www.enerjigazetesi.ist\/en\/wp-json\/wp\/v2\/users\/1"}],"replies":[{"embeddable":true,"href":"https:\/\/www.enerjigazetesi.ist\/en\/wp-json\/wp\/v2\/comments?post=94810"}],"version-history":[{"count":0,"href":"https:\/\/www.enerjigazetesi.ist\/en\/wp-json\/wp\/v2\/posts\/94810\/revisions"}],"wp:featuredmedia":[{"embeddable":true,"href":"https:\/\/www.enerjigazetesi.ist\/en\/wp-json\/wp\/v2\/media\/94812"}],"wp:attachment":[{"href":"https:\/\/www.enerjigazetesi.ist\/en\/wp-json\/wp\/v2\/media?parent=94810"}],"wp:term":[{"taxonomy":"category","embeddable":true,"href":"https:\/\/www.enerjigazetesi.ist\/en\/wp-json\/wp\/v2\/categories?post=94810"},{"taxonomy":"post_tag","embeddable":true,"href":"https:\/\/www.enerjigazetesi.ist\/en\/wp-json\/wp\/v2\/tags?post=94810"}],"curies":[{"name":"wp","href":"https:\/\/api.w.org\/{rel}","templated":true}]}}