{"id":9481,"date":"2013-04-11T10:10:20","date_gmt":"2013-04-11T07:10:20","guid":{"rendered":"https:\/\/www.enerjigazetesi.ist\/?p=9481"},"modified":"2013-04-11T10:10:20","modified_gmt":"2013-04-11T07:10:20","slug":"solarex-2013-fuari-altinci-kez-sektore-kapilarini-aciyor","status":"publish","type":"post","link":"https:\/\/www.enerjigazetesi.ist\/en\/solarex-2013-fuari-altinci-kez-sektore-kapilarini-aciyor\/","title":{"rendered":"(Turkish) Solarex 2013 Fuar\u0131 Alt\u0131nc\u0131 Kez Sekt\u00f6re Kap\u0131lar\u0131n\u0131 A\u00e7\u0131yor&#8230;"},"content":{"rendered":"<p class=\"qtranxs-available-languages-message qtranxs-available-languages-message-en\">Sorry, this entry is only available in <a href=\"https:\/\/www.enerjigazetesi.ist\/tr\/wp-json\/wp\/v2\/posts\/9481\" class=\"qtranxs-available-language-link qtranxs-available-language-link-tr\" title=\"Turkish\">Turkish<\/a>. For the sake of viewer convenience, the content is shown below in the alternative language. You may click the link to switch the active language.<\/p><p><strong>Solarex \u0130stanbul, 11 Nisan Per\u015fembe g\u00fcn\u00fc \u0130stanbul Fuar Merkezi Ye\u015filk\u00f6y\u2019de 6\u2019nc\u0131 kez sekt\u00f6re kap\u0131lar\u0131n\u0131 a\u00e7\u0131yor. 200\u2019\u00fcn \u00fczerinde firman\u0131n kat\u0131l\u0131m g\u00f6sterdi\u011fi fuarda 80\u2019e yak\u0131n yabanc\u0131 firma yer al\u0131yor. Toplamda 18 bin metrekarelik kapal\u0131 alanda d\u00fczenlenen fuar, 3 g\u00fcn boyunca firma seminerleri ve etkinlikleri ile de ilgi \u00e7ekecek.<\/strong><\/p>\n<p>\u0130stanbul \u00dcniversitesi\u2019nin Solar Car Racing Tak\u0131m\u0131, g\u00fcne\u015f enerjisiyle \u00e7al\u0131\u015fan arac\u0131n\u0131n tan\u0131t\u0131m\u0131n\u0131 yapacak, Y\u0131ld\u0131z Teknik \u00dcniversitesi Ae2 Project Enerji Tak\u0131m\u0131 ekibi ile birlikte, fuarda yer al\u0131yor. Ayn\u0131 zamanda bir bas\u0131n toplant\u0131s\u0131 da yapacak olan, Ae2 project tak\u0131m\u0131, yeni tasar\u0131m, yeni g\u00f6vde ve merakla beklenen yeni rengi ile 2013 versiyonlu g\u00fcne\u015f enerjili arac\u0131n\u0131 sergileyecek.<\/p>\n<p>\u0130stanbul Teknik \u00dcniversitesi G\u00fcne\u015f Arabas\u0131 ekibi de fuar\u0131n kat\u0131l\u0131mc\u0131lar\u0131 aras\u0131nda ara\u00e7lar\u0131yla yer al\u0131yor. Dokuz Eyl\u00fcl \u00dcniversitesi Solaris ekibinin Tubitak onayl\u0131 G\u00fcne\u015f enerjisi ile \u00e7al\u0131\u015fan ara\u00e7 projesi, fuar\u0131n ilgi \u00e7ekici standlar\u0131ndan olacak. Hacettepe \u00dcniversitesi Yeni ve Temiz Enerji Ara\u015ft\u0131rma ve Uygulama Merkezi G\u00fcne\u015f Saatleri Park\u0131 projesinin tan\u0131t\u0131m\u0131n\u0131 yapacak. Celal Bayar \u00dcniversitesi G\u00fcne\u015f arabas\u0131 tak\u0131m\u0131, Gebze Y\u00fcksek Teknoloji Enstit\u00fcs\u00fc de fotovoltaik sistemler ile ilgili sunumlar\u0131n\u0131 ger\u00e7ekle\u015ftirecek.<\/p>\n<p><strong>\u201cT\u00dcM KURUMLAR B\u0130L\u0130NC\u0130 Y\u00dcKSELTMEK \u0130\u00c7\u0130N \u00c7ALI\u015eIYOR\u201d<\/strong><\/p>\n<p><a href=\"https:\/\/www.enerjigazetesi.ist\/wp-content\/uploads\/2013\/04\/solarex-gunes-enerjisi-fuari-HI-749395.jpg\"><img loading=\"lazy\" class=\"alignright size-medium wp-image-9482\" title=\"solarex-gunes-enerjisi-fuari--HI-749395\" src=\"https:\/\/www.enerjigazetesi.ist\/wp-content\/uploads\/2013\/04\/solarex-gunes-enerjisi-fuari-HI-749395-300x201.jpg\" alt=\"\" width=\"300\" height=\"201\" srcset=\"https:\/\/www.enerjigazetesi.ist\/wp-content\/uploads\/2013\/04\/solarex-gunes-enerjisi-fuari-HI-749395-300x201.jpg 300w, https:\/\/www.enerjigazetesi.ist\/wp-content\/uploads\/2013\/04\/solarex-gunes-enerjisi-fuari-HI-749395-500x335.jpg 500w, https:\/\/www.enerjigazetesi.ist\/wp-content\/uploads\/2013\/04\/solarex-gunes-enerjisi-fuari-HI-749395-74x50.jpg 74w, https:\/\/www.enerjigazetesi.ist\/wp-content\/uploads\/2013\/04\/solarex-gunes-enerjisi-fuari-HI-749395.jpg 600w\" sizes=\"(max-width: 300px) 100vw, 300px\" \/><\/a>T\u00fcrkiye\u2019de 2008 y\u0131l\u0131ndan itibaren her y\u0131l d\u00fczenli olarak ger\u00e7ekle\u015ftirilen Solarex \u0130stanbul Fuar\u0131, kamu, \u00f6zel sekt\u00f6r, akademik isimler ve finans d\u00fcnyas\u0131n\u0131n profesyonellerini yeniden bir araya getiriyor. \u0130stanbul Fuar Merkezi\u2019nin 9 ve 10\u2019nuncu salonlar\u0131nda ger\u00e7ekle\u015fecek olan fuar, g\u00fcne\u015f enerjisi sekt\u00f6r\u00fcn\u00fcn en istikrarl\u0131 organizasyonlar\u0131 aras\u0131nda an\u0131l\u0131yor. Solarex \u0130stanbul, planlanan etkinlikleriyle hem kat\u0131l\u0131mc\u0131 firmalara hem de ziyaret\u00e7ilerine temiz enerjinin \u00f6nemini anlatman\u0131n yan\u0131 s\u0131ra \u201cLisanss\u0131z G\u00fcne\u015f Enerjisi Sekt\u00f6r\u00fcnde Finansman Se\u00e7enekleri\u201d, \u201cLisanss\u0131z Uygulama \u00d6rnekleri ve Yerli Panel \u00dcretimi\u201d, \u201cYabanc\u0131 Yat\u0131r\u0131mc\u0131lar A\u00e7\u0131s\u0131ndan \u00dclkemiz\u201d, \u201c Lisansl\u0131 ve Lisanss\u0131z Elektrik \u00dcretimi\u201d konular\u0131nda d\u00fczenlenen seminerlere ev sahipli\u011fi yapacak.<\/p>\n<p>D\u00fcnyada n\u00fcfus art\u0131\u015f\u0131, sanayile\u015fme ve kentle\u015fme olgular\u0131, k\u00fcreselle\u015fme sonucu artan ticaret olanaklar\u0131 do\u011fal kaynaklara ve enerjiye olan talebi giderek art\u0131r\u0131yor. Uluslararas\u0131 Enerji Ajans\u0131 (UEA) taraf\u0131ndan yap\u0131lan projeksiyonlar, mevcut enerji politikalar\u0131 ve enerji arz\u0131 tercihlerinin devam etmesi durumunda d\u00fcnya birincil enerji talebinin 2007-2030 y\u0131llar\u0131 aras\u0131nda y\u00fczde 40 oran\u0131nda artaca\u011f\u0131na i\u015faret ediyor. Referans senaryo olarak adland\u0131r\u0131lan ve y\u0131ll\u0131k ortalama y\u00fczde 1 bu\u00e7uk d\u00fczeyinde talep art\u0131\u015f\u0131na kar\u015f\u0131l\u0131k gelen bu durumda d\u00fcnya birincil enerji talebi 2007 y\u0131l\u0131ndaki 12 milyar ton petrol e\u015fde\u011feri (tep) d\u00fczeyinden 2030 y\u0131l\u0131nda 16,8 milyar tep d\u00fczeyine ula\u015fmas\u0131 bekleniyor.<\/p>\n<p>Fuar\u0131n ilk g\u00fcn\u00fc, Lt\u0131, \u00d6d\u00fcl, Bigsolar, Solarways, Sma, Stiens, Canadian Solar firmalar\u0131n\u0131n tan\u0131t\u0131m seminerleri verilecek. Cuma g\u00fcn\u00fc, L\u0130-DER taraf\u0131ndan organize edilen seminerde, g\u00fcne\u015f enerjisi sekt\u00f6r\u00fcnde finansman, \u00fcretim ve yabanc\u0131 yat\u0131r\u0131mc\u0131lar ac\u0131s\u0131ndan \u00fclkemiz konular\u0131 sunulacak. Fuar\u0131n son g\u00fcn\u00fc olan Cumartesi ise, GENSED taraf\u0131ndan, Lisansl\u0131 ve Lisanss\u0131z Elektrik \u00fcretimi tart\u0131\u015f\u0131lacak. Edh Enerji, Ekosolar, Sunplast, Linetech, Else Enerji, Enerparc firma seminerlerinin yan\u0131 s\u0131ra, Solar Baba platformu Ate\u015f U\u011furel ile seminerler sonlanacak.<\/p>\n<p>Kaynak: <a href=\"http:\/\/enerjigunlugu.net\/solarex-altinci-kez-sektore-kapilarini-aciyor_3087.html\" target=\"_blank\">Enerji G\u00fcnl\u00fc\u011f\u00fc<\/a><\/p>","protected":false},"excerpt":{"rendered":"<p>Sorry, this entry is only available in Turkish. For the sake of viewer convenience, the content is shown below in the alternative language. You may click the link to switch the active language.Solarex \u0130stanbul, 11 Nisan Per\u015fembe g\u00fcn\u00fc \u0130stanbul Fuar Merkezi Ye\u015filk\u00f6y\u2019de 6\u2019nc\u0131 kez sekt\u00f6re kap\u0131lar\u0131n\u0131 a\u00e7\u0131yor. 200\u2019\u00fcn \u00fczerinde firman\u0131n kat\u0131l\u0131m g\u00f6sterdi\u011fi fuarda 80\u2019e yak\u0131n [&hellip;]<\/p>\n","protected":false},"author":1,"featured_media":9482,"comment_status":"open","ping_status":"open","sticky":false,"template":"","format":"standard","meta":[],"categories":[53,49],"tags":[67,502,227,13,3671,4271,4364,4365,2207,4366],"views":948,"_links":{"self":[{"href":"https:\/\/www.enerjigazetesi.ist\/en\/wp-json\/wp\/v2\/posts\/9481"}],"collection":[{"href":"https:\/\/www.enerjigazetesi.ist\/en\/wp-json\/wp\/v2\/posts"}],"about":[{"href":"https:\/\/www.enerjigazetesi.ist\/en\/wp-json\/wp\/v2\/types\/post"}],"author":[{"embeddable":true,"href":"https:\/\/www.enerjigazetesi.ist\/en\/wp-json\/wp\/v2\/users\/1"}],"replies":[{"embeddable":true,"href":"https:\/\/www.enerjigazetesi.ist\/en\/wp-json\/wp\/v2\/comments?post=9481"}],"version-history":[{"count":2,"href":"https:\/\/www.enerjigazetesi.ist\/en\/wp-json\/wp\/v2\/posts\/9481\/revisions"}],"predecessor-version":[{"id":9484,"href":"https:\/\/www.enerjigazetesi.ist\/en\/wp-json\/wp\/v2\/posts\/9481\/revisions\/9484"}],"wp:featuredmedia":[{"embeddable":true,"href":"https:\/\/www.enerjigazetesi.ist\/en\/wp-json\/wp\/v2\/media\/9482"}],"wp:attachment":[{"href":"https:\/\/www.enerjigazetesi.ist\/en\/wp-json\/wp\/v2\/media?parent=9481"}],"wp:term":[{"taxonomy":"category","embeddable":true,"href":"https:\/\/www.enerjigazetesi.ist\/en\/wp-json\/wp\/v2\/categories?post=9481"},{"taxonomy":"post_tag","embeddable":true,"href":"https:\/\/www.enerjigazetesi.ist\/en\/wp-json\/wp\/v2\/tags?post=9481"}],"curies":[{"name":"wp","href":"https:\/\/api.w.org\/{rel}","templated":true}]}}