{"id":94597,"date":"2019-06-19T09:12:54","date_gmt":"2019-06-19T06:12:54","guid":{"rendered":"https:\/\/www.enerjigazetesi.ist\/?p=94597"},"modified":"2019-06-19T09:15:12","modified_gmt":"2019-06-19T06:15:12","slug":"zorlu-enerjinin-yesil-kredisi-en-iyi-yesil-kredi-odulune-layik-goruldu","status":"publish","type":"post","link":"https:\/\/www.enerjigazetesi.ist\/en\/zorlu-enerjinin-yesil-kredisi-en-iyi-yesil-kredi-odulune-layik-goruldu\/","title":{"rendered":"(Turkish) Zorlu Enerji\u2019nin Ye\u015fil Kredisi &#8220;En \u0130yi Ye\u015fil Kredi&#8221; \u00d6d\u00fcl\u00fcne Lay\u0131k G\u00f6r\u00fcld\u00fc"},"content":{"rendered":"<p class=\"qtranxs-available-languages-message qtranxs-available-languages-message-en\">Sorry, this entry is only available in <a href=\"https:\/\/www.enerjigazetesi.ist\/tr\/wp-json\/wp\/v2\/posts\/94597\" class=\"qtranxs-available-language-link qtranxs-available-language-link-tr\" title=\"Turkish\">Turkish<\/a>. For the sake of viewer convenience, the content is shown below in the alternative language. You may click the link to switch the active language.<\/p><p><\/p>\n<h1>Zorlu Enerji\u2019nin Garanti BBVA\u2019dan ald\u0131\u011f\u0131 10 milyon dolarl\u0131k ye\u015fil kredi; bankac\u0131l\u0131k sekt\u00f6r\u00fcn\u00fcn en \u00f6nemli \u00f6d\u00fcllerinden biri olan EMEA Finance Awards\u2019ta \u201cEn \u0130yi Ye\u015fil Kredi\u201d \u00f6d\u00fcl\u00fcn\u00fc ald\u0131.\u00a0<strong>Zorlu Enerji CEO\u2019su Sinan Ak, \u201cSekt\u00f6rlere \u00f6rnek olabilecek bir kredi anla\u015fmas\u0131n\u0131n, uluslararas\u0131 ortamda \u00f6d\u00fcllendirilmesi bizim i\u00e7in gurur verici\u201d dedi.<\/strong><\/h1>\n<p>Zorlu Enerji\u2019nin, i\u015fletme sermayesi ihtiyac\u0131 i\u00e7in Garanti BBVA\u2019ndan sa\u011flad\u0131\u011f\u0131 10 milyon dolarl\u0131k ye\u015fil kredi, bankac\u0131l\u0131k sekt\u00f6r\u00fcn\u00fcn en \u00f6nemli \u00f6d\u00fcllerinden biri olan EMEA Finance Awards\u2019ta, \u201cEn \u0130yi Ye\u015fil Kredi\u201d \u00f6d\u00fcl\u00fcn\u00fc ald\u0131.<\/p>\n<p><img loading=\"lazy\" class=\"alignleft size-medium wp-image-94599\" src=\"https:\/\/www.enerjigazetesi.ist\/wp-content\/uploads\/2019\/06\/zorlu-enerjinin-yesil-kredisi-en-iyi-yesil-kredi-odulunu-aldi-300x206.jpg\" alt=\"\" width=\"300\" height=\"206\" srcset=\"https:\/\/www.enerjigazetesi.ist\/wp-content\/uploads\/2019\/06\/zorlu-enerjinin-yesil-kredisi-en-iyi-yesil-kredi-odulunu-aldi-300x206.jpg 300w, https:\/\/www.enerjigazetesi.ist\/wp-content\/uploads\/2019\/06\/zorlu-enerjinin-yesil-kredisi-en-iyi-yesil-kredi-odulunu-aldi-500x344.jpg 500w, https:\/\/www.enerjigazetesi.ist\/wp-content\/uploads\/2019\/06\/zorlu-enerjinin-yesil-kredisi-en-iyi-yesil-kredi-odulunu-aldi-73x50.jpg 73w, https:\/\/www.enerjigazetesi.ist\/wp-content\/uploads\/2019\/06\/zorlu-enerjinin-yesil-kredisi-en-iyi-yesil-kredi-odulunu-aldi.jpg 710w\" sizes=\"(max-width: 300px) 100vw, 300px\" \/>T\u00fcrkiye\u2019nin ilk ye\u015fil kredisi olma \u00f6zelli\u011fi ta\u015f\u0131yan kredi; Zorlu Enerji\u2019nin s\u00fcrd\u00fcr\u00fclebilirlik performans\u0131n\u0131 iyile\u015ftirmesiyle pozitif y\u00f6nde de\u011fi\u015fiklik g\u00f6sterecek \u00f6deme modeliyle olu\u015fturuldu. Bu modele g\u00f6re, kredi s\u00fcreci kapsam\u0131nda,Zorlu Enerji\u2019nin \u00e7evresel, sosyal ve kurumsal y\u00f6netim alan\u0131ndaki performans\u0131, uluslararas\u0131 s\u00fcrd\u00fcr\u00fclebilirlik de\u011ferlendirme ajans\u0131 Vigeo-Eiris taraf\u0131ndan d\u00fczenli aral\u0131klarla puanlanacak ve ortaya \u00e7\u0131kacak puana g\u00f6re de Zorlu Enerji\u2019nin kredi faizi her y\u0131l yeniden de\u011ferlendirilecek.<\/p>\n<p>Londra\u2019da d\u00fczenlenen \u00f6d\u00fcl t\u00f6renine kat\u0131lan Zorlu Enerji CEO\u2019su Sinan Ak, \u015firket olarak enerji sekt\u00f6r\u00fcne \u00f6rnek olacak \u00e7evre ve s\u00fcrd\u00fcr\u00fclebilirlik politikalar\u0131 izlediklerini ve Garanti BBVA ile birlikte T\u00fcrkiye i\u00e7in bir ilk olan Ye\u015fil Kredi anla\u015fmas\u0131 imzalad\u0131klar\u0131n\u0131 hat\u0131rlatt\u0131. Ak, \u201cSekt\u00f6rlere \u00f6rnek olabilecek bir kredi anla\u015fmas\u0131n\u0131n, uluslararas\u0131 ortamda \u00f6d\u00fcllendirilmesi bizim i\u00e7in gurur verici. Hem Zorlu Enerji hem de Garanti BBVA bu \u00f6d\u00fcl\u00fc fazlas\u0131yla hak etti\u201d dedi.<\/p>\n<p>Garanti BBVA Genel M\u00fcd\u00fcr Yard\u0131mc\u0131s\u0131 Ebru Dildar Edin ise \u201cZorlu Enerji uzun y\u0131llard\u0131r s\u00fcrd\u00fcr\u00fclebilirlik konusunda att\u0131\u011f\u0131 yenilik\u00e7i ad\u0131mlarla ve projelerinde bu alanda g\u00f6sterdi\u011fi hassasiyetiyle \u00f6ne \u00e7\u0131k\u0131yor. Bu alanda \u00f6nemli bir birikime ve uzmanl\u0131\u011fa sahip. Bankam\u0131zdan sa\u011flad\u0131\u011f\u0131 ve s\u00fcrd\u00fcr\u00fclebilirlik performans\u0131na g\u00f6re faiz oran\u0131m\u0131z\u0131n de\u011fi\u015fkenlik g\u00f6sterdi\u011fi ye\u015fil kredisi ile \u00f6d\u00fcl kazanmas\u0131 bizler i\u00e7in gurur kayna\u011f\u0131 oldu. Zorlu Enerji\u2019yle ger\u00e7ekle\u015ftirdi\u011fimiz bu anla\u015fma sadece T\u00fcrkiye\u2019de bir ilk de\u011fil, d\u00fcnya genelinde de kendi kategorisinde be\u015finci. Garanti BBVA olarak m\u00fc\u015fterilerimizin s\u00fcrd\u00fcr\u00fclebilirlik alan\u0131nda att\u0131\u011f\u0131 ad\u0131mlar\u0131 yenilik\u00e7i \u00e7\u00f6z\u00fcmlerle desteklemeye ve Zorlu Enerji\u2019de oldu\u011fu gibi iyi \u00f6rnekleri yayg\u0131nla\u015ft\u0131rmak i\u00e7in t\u00fcm gerekli gayreti g\u00f6stermeye devam edece\u011fiz.\u201d ifadelerini kulland\u0131.<\/p>","protected":false},"excerpt":{"rendered":"<p>Sorry, this entry is only available in Turkish. For the sake of viewer convenience, the content is shown below in the alternative language. You may click the link to switch the active language. Zorlu Enerji\u2019nin Garanti BBVA\u2019dan ald\u0131\u011f\u0131 10 milyon dolarl\u0131k ye\u015fil kredi; bankac\u0131l\u0131k sekt\u00f6r\u00fcn\u00fcn en \u00f6nemli \u00f6d\u00fcllerinden biri olan EMEA Finance Awards\u2019ta \u201cEn \u0130yi [&hellip;]<\/p>\n","protected":false},"author":1,"featured_media":94599,"comment_status":"open","ping_status":"open","sticky":false,"template":"","format":"standard","meta":[],"categories":[51,53,52],"tags":[23216,52481,52482,52259,26559,52480,2582,4033,37032,52483,34977,793,52484,38378,344],"views":405,"_links":{"self":[{"href":"https:\/\/www.enerjigazetesi.ist\/en\/wp-json\/wp\/v2\/posts\/94597"}],"collection":[{"href":"https:\/\/www.enerjigazetesi.ist\/en\/wp-json\/wp\/v2\/posts"}],"about":[{"href":"https:\/\/www.enerjigazetesi.ist\/en\/wp-json\/wp\/v2\/types\/post"}],"author":[{"embeddable":true,"href":"https:\/\/www.enerjigazetesi.ist\/en\/wp-json\/wp\/v2\/users\/1"}],"replies":[{"embeddable":true,"href":"https:\/\/www.enerjigazetesi.ist\/en\/wp-json\/wp\/v2\/comments?post=94597"}],"version-history":[{"count":0,"href":"https:\/\/www.enerjigazetesi.ist\/en\/wp-json\/wp\/v2\/posts\/94597\/revisions"}],"wp:featuredmedia":[{"embeddable":true,"href":"https:\/\/www.enerjigazetesi.ist\/en\/wp-json\/wp\/v2\/media\/94599"}],"wp:attachment":[{"href":"https:\/\/www.enerjigazetesi.ist\/en\/wp-json\/wp\/v2\/media?parent=94597"}],"wp:term":[{"taxonomy":"category","embeddable":true,"href":"https:\/\/www.enerjigazetesi.ist\/en\/wp-json\/wp\/v2\/categories?post=94597"},{"taxonomy":"post_tag","embeddable":true,"href":"https:\/\/www.enerjigazetesi.ist\/en\/wp-json\/wp\/v2\/tags?post=94597"}],"curies":[{"name":"wp","href":"https:\/\/api.w.org\/{rel}","templated":true}]}}