{"id":94480,"date":"2019-06-17T09:11:40","date_gmt":"2019-06-17T06:11:40","guid":{"rendered":"https:\/\/www.enerjigazetesi.ist\/?p=94480"},"modified":"2019-06-17T09:15:03","modified_gmt":"2019-06-17T06:15:03","slug":"otizmli-ogrenciler-sahnede-yeteneklerini-konusturdu","status":"publish","type":"post","link":"https:\/\/www.enerjigazetesi.ist\/en\/otizmli-ogrenciler-sahnede-yeteneklerini-konusturdu\/","title":{"rendered":"(Turkish) Otizmli \u00d6\u011frenciler Sahnede Yeteneklerini Konu\u015fturdu!"},"content":{"rendered":"<p class=\"qtranxs-available-languages-message qtranxs-available-languages-message-en\">Sorry, this entry is only available in <a href=\"https:\/\/www.enerjigazetesi.ist\/tr\/wp-json\/wp\/v2\/posts\/94480\" class=\"qtranxs-available-language-link qtranxs-available-language-link-tr\" title=\"Turkish\">Turkish<\/a>. For the sake of viewer convenience, the content is shown below in the alternative language. You may click the link to switch the active language.<\/p><p><\/p>\n<h1>\u00d6zel Tohum Vakf\u0131 \u00d6zel E\u011fitim Okulu\u2019nda e\u011fitim g\u00f6ren otizmli \u00f6\u011frenciler, Profilo K\u00fclt\u00fcr Merkezi ev sahipli\u011finde ger\u00e7ekle\u015fen y\u0131lsonu g\u00f6sterisinde renkli kost\u00fcmleriyle sahnede boy g\u00f6stererek \u015fark\u0131lar\u0131, danslar\u0131 ve oyunlar\u0131yla izleyenlerden b\u00fcy\u00fck alk\u0131\u015f ald\u0131. \u00d6zel Tohum Vakf\u0131 \u00d6zel E\u011fitim Okulu\u2019nda e\u011fitim g\u00f6ren 19 \u00f6\u011frencinin okumay\u0131 \u00f6\u011frenme ba\u015far\u0131s\u0131n\u0131n da okuma bayram\u0131 ile kutland\u0131\u011f\u0131 y\u0131lsonu g\u00f6sterisinde \u00f6\u011frenciler b\u00fcy\u00fck bir co\u015fkuyla karne sevincini ya\u015fad\u0131.<\/h1>\n<p><strong>Profilo K\u00fclt\u00fcr Merkezi<\/strong>\u2019nde d\u00fczenlenen etkinlikte <strong>\u00d6zel Tohum Vakf\u0131 \u00d6zel E\u011fitim Okulu<\/strong>, y\u0131l boyu s\u00fcren yo\u011fun e\u011fitimlerinin ard\u0131ndan e\u011fitsel ve sosyal ileti\u015fim becerilerinde sa\u011flad\u0131klar\u0131 ilerleme ile <img loading=\"lazy\" class=\"alignleft size-medium wp-image-94482\" src=\"https:\/\/www.enerjigazetesi.ist\/wp-content\/uploads\/2019\/06\/otizmli-ogrenciler-sahnede-yeteneklerini-konusturdu1-300x200.jpg\" alt=\"\" width=\"300\" height=\"200\" srcset=\"https:\/\/www.enerjigazetesi.ist\/wp-content\/uploads\/2019\/06\/otizmli-ogrenciler-sahnede-yeteneklerini-konusturdu1-300x200.jpg 300w, https:\/\/www.enerjigazetesi.ist\/wp-content\/uploads\/2019\/06\/otizmli-ogrenciler-sahnede-yeteneklerini-konusturdu1-500x333.jpg 500w, https:\/\/www.enerjigazetesi.ist\/wp-content\/uploads\/2019\/06\/otizmli-ogrenciler-sahnede-yeteneklerini-konusturdu1-75x50.jpg 75w, https:\/\/www.enerjigazetesi.ist\/wp-content\/uploads\/2019\/06\/otizmli-ogrenciler-sahnede-yeteneklerini-konusturdu1-450x300.jpg 450w, https:\/\/www.enerjigazetesi.ist\/wp-content\/uploads\/2019\/06\/otizmli-ogrenciler-sahnede-yeteneklerini-konusturdu1.jpg 732w\" sizes=\"(max-width: 300px) 100vw, 300px\" \/>birbirinden g\u00fczel g\u00f6sterilerle sahnedeydiler. Yo\u011fun kat\u0131l\u0131mla ger\u00e7ekle\u015fen etkinlikte, \u00f6\u011fretmenlerinin g\u00f6zetiminde haz\u0131rlam\u0131\u015f olduklar\u0131 g\u00f6sterileri b\u00fcy\u00fck bir ba\u015far\u0131 ile sergileyen otizmli \u00f6\u011frenciler; \u015fark\u0131lar s\u00f6yledi, m\u00fczikli, dansl\u0131 tiyatro ske\u00e7leriyle oyunculuk yeteneklerini sergiledi.<\/p>\n<p>Renkli g\u00f6r\u00fcnt\u00fclerin ya\u015fand\u0131\u011f\u0131 etkinlikte konu\u015fan <strong>\u00d6zel Tohum Vakf\u0131 \u00d6zel E\u011fitim Okulu, Okul E\u011fitim Direkt\u00f6r\u00fc Hayal Korkmaz,<\/strong> \u201cVelilerimizin i\u015f birli\u011fi ile \u00e7ocuklar\u0131m\u0131z\u0131 daha g\u00fcvenli ad\u0131mlarla bir sonraki g\u00fcne, aya, y\u0131la ta\u015f\u0131yoruz. Bug\u00fcn e\u011fitimle otizmli \u00e7ocuklar\u0131m\u0131z\u0131n neler ba\u015fard\u0131\u011f\u0131na tan\u0131kl\u0131k edece\u011fimiz harika bir g\u00f6steri haz\u0131rlad\u0131k sizlere, eme\u011fi ge\u00e7en herkese te\u015fekk\u00fcrler.\u201d dedi. Bug\u00fcn i\u00e7in en az \u00f6\u011frenciler kadar heyecanl\u0131 olduklar\u0131n\u0131n alt\u0131n\u0131 \u00e7izen <strong>\u00d6zel Tohum Vakf\u0131 \u00d6zel E\u011fitim Okulu, Destek E\u011fitim Birimi Direkt\u00f6r\u00fc Nergiz Ko\u00e7arslan,<\/strong> \u201cHeyecan\u0131m\u0131z\u0131 anlatmak m\u00fcmk\u00fcn de\u011fil. Bu g\u00fczel g\u00fcn\u00fc bizlere haz\u0131rlayan e\u011fitimci arkada\u015flar\u0131ma, bir y\u0131l boyunca \u00e7ocuklar\u0131m\u0131za \u00f6nemli katk\u0131lar sa\u011flayan, t\u00fcm \u00e7ocuklar\u0131m\u0131zda b\u00fcy\u00fck eme\u011fi olan<strong> \u00d6zel Tohum Vakf\u0131 \u00d6zel E\u011fitim Okulu\u2019nun<\/strong> de\u011ferli \u00f6\u011fretmenlerine ve heyecan\u0131m\u0131z\u0131 payla\u015fmak \u00fczere salonu dolduran t\u00fcm misafirlerimize te\u015fekk\u00fcr ediyoruz.\u201d dedi.<\/p>","protected":false},"excerpt":{"rendered":"<p>Sorry, this entry is only available in Turkish. For the sake of viewer convenience, the content is shown below in the alternative language. You may click the link to switch the active language. \u00d6zel Tohum Vakf\u0131 \u00d6zel E\u011fitim Okulu\u2019nda e\u011fitim g\u00f6ren otizmli \u00f6\u011frenciler, Profilo K\u00fclt\u00fcr Merkezi ev sahipli\u011finde ger\u00e7ekle\u015fen y\u0131lsonu g\u00f6sterisinde renkli kost\u00fcmleriyle sahnede boy [&hellip;]<\/p>\n","protected":false},"author":1,"featured_media":94483,"comment_status":"open","ping_status":"open","sticky":false,"template":"","format":"standard","meta":[],"categories":[53],"tags":[52390,52391,52392,48741,51983],"views":379,"_links":{"self":[{"href":"https:\/\/www.enerjigazetesi.ist\/en\/wp-json\/wp\/v2\/posts\/94480"}],"collection":[{"href":"https:\/\/www.enerjigazetesi.ist\/en\/wp-json\/wp\/v2\/posts"}],"about":[{"href":"https:\/\/www.enerjigazetesi.ist\/en\/wp-json\/wp\/v2\/types\/post"}],"author":[{"embeddable":true,"href":"https:\/\/www.enerjigazetesi.ist\/en\/wp-json\/wp\/v2\/users\/1"}],"replies":[{"embeddable":true,"href":"https:\/\/www.enerjigazetesi.ist\/en\/wp-json\/wp\/v2\/comments?post=94480"}],"version-history":[{"count":0,"href":"https:\/\/www.enerjigazetesi.ist\/en\/wp-json\/wp\/v2\/posts\/94480\/revisions"}],"wp:featuredmedia":[{"embeddable":true,"href":"https:\/\/www.enerjigazetesi.ist\/en\/wp-json\/wp\/v2\/media\/94483"}],"wp:attachment":[{"href":"https:\/\/www.enerjigazetesi.ist\/en\/wp-json\/wp\/v2\/media?parent=94480"}],"wp:term":[{"taxonomy":"category","embeddable":true,"href":"https:\/\/www.enerjigazetesi.ist\/en\/wp-json\/wp\/v2\/categories?post=94480"},{"taxonomy":"post_tag","embeddable":true,"href":"https:\/\/www.enerjigazetesi.ist\/en\/wp-json\/wp\/v2\/tags?post=94480"}],"curies":[{"name":"wp","href":"https:\/\/api.w.org\/{rel}","templated":true}]}}