{"id":9436,"date":"2013-04-10T10:24:50","date_gmt":"2013-04-10T07:24:50","guid":{"rendered":"https:\/\/www.enerjigazetesi.ist\/?p=9436"},"modified":"2013-04-10T10:24:50","modified_gmt":"2013-04-10T07:24:50","slug":"ilk-lisanssiz-turbin-satildi","status":"publish","type":"post","link":"https:\/\/www.enerjigazetesi.ist\/en\/ilk-lisanssiz-turbin-satildi\/","title":{"rendered":"(Turkish) \u0130lk Lisanss\u0131z T\u00fcrbin Sat\u0131ld\u0131&#8230;"},"content":{"rendered":"<p class=\"qtranxs-available-languages-message qtranxs-available-languages-message-en\">Sorry, this entry is only available in <a href=\"https:\/\/www.enerjigazetesi.ist\/tr\/wp-json\/wp\/v2\/posts\/9436\" class=\"qtranxs-available-language-link qtranxs-available-language-link-tr\" title=\"Turkish\">Turkish<\/a>. For the sake of viewer convenience, the content is shown below in the alternative language. You may click the link to switch the active language.<\/p><p><strong>AYETEK, Lisanss\u0131z Elektrik \u00dcretim Y\u00f6netmeli\u011fi kapsam\u0131nda T\u00fcrkiye\u2019nin ilk r\u00fczgar t\u00fcrbininin sat\u0131\u015f\u0131n\u0131 ger\u00e7ekle\u015ftirdi.<\/strong><\/p>\n<p>\u00c7anakkale Ezine\u2019ye Ekim 2013\u2019te kurulmas\u0131 planlanan AYE 250 r\u00fczgar t\u00fcrbini yeni kanunlar kapsam\u0131nda ilk yat\u0131r\u0131m olmaya en ger\u00e7ek\u00e7i aday g\u00f6r\u00fcn\u00fcyor.<\/p>\n<p>Ara\u015ft\u0131rmalar\u0131 bizzat y\u00f6neten Murat Akp\u0131nar, ara\u015ft\u0131rmalar neticesinde AYETEK \u015firketiyle bu yat\u0131r\u0131m\u0131 ger\u00e7ekle\u015ftirmenin en do\u011fru tercih oldu\u011fu kanaatine nas\u0131l vard\u0131klar\u0131 ile ilgili a\u00e7\u0131klamalarda bulundu.<\/p>\n<p>Mevcut faaliyetlerinde kullan\u0131lan makinelerin al\u0131mlar\u0131nda uzun y\u0131llar tecr\u00fcbesi olan Murat Akp\u0131nar bir\u00e7ok ac\u0131 deneyimden sonra hi\u00e7bir ko\u015fulda Hindistan veya \u00c7in\u2019den makine al\u0131m\u0131 ger\u00e7ekle\u015ftirmediklerini ifade etti. Makine al\u0131mlar\u0131nda Alman m\u00fchendisli\u011fini tercih eden Akp\u0131nar Alman makinelerinden ald\u0131klar\u0131 verimi hi\u00e7bir Uzak Do\u011fudan gelen makineden almad\u0131klar\u0131n\u0131 belirtti.<\/p>\n<p>AYETEK\u2019in orta\u011f\u0131 olan Alman WTN \u015firketinin yakla\u015f\u0131k 30 y\u0131l r\u00fczgar t\u00fcrbinleri \u00fcretiyor olmas\u0131, kaliteden \u00f6d\u00fcn vermemesi ve \u00fcst\u00fcn tasar\u0131mlar\u0131 AYETEK\u2019i tercih etme sebepleri aras\u0131nda. Murat Akp\u0131nar, AYETEK \u015firketinin kritik aksamlar\u0131 Almanya\u2019da \u00fcreterek di\u011fer mekanik aksamlar\u0131 T\u00fcrkiye\u2019de \u00fcretme stratejisiyle ilgili \u2018\u2019Kaliteden \u00f6d\u00fcn vermeden maliyetleri azaltmak ve bunu yaparken T\u00fcrkiye ekonomisine katk\u0131 sa\u011flamak i\u00e7in en do\u011fru strateji\u2019\u2019 yorumunu yapt\u0131.<\/p>\n<p><a href=\"https:\/\/www.enerjigazetesi.ist\/wp-content\/uploads\/2013\/04\/ilk-lisanssiz-turbin-satildi.jpg\"><img loading=\"lazy\" class=\"alignleft size-medium wp-image-9437\" title=\"ilk-lisanssiz-turbin-satildi\" src=\"https:\/\/www.enerjigazetesi.ist\/wp-content\/uploads\/2013\/04\/ilk-lisanssiz-turbin-satildi-300x181.jpg\" alt=\"\" width=\"300\" height=\"181\" srcset=\"https:\/\/www.enerjigazetesi.ist\/wp-content\/uploads\/2013\/04\/ilk-lisanssiz-turbin-satildi-300x181.jpg 300w, https:\/\/www.enerjigazetesi.ist\/wp-content\/uploads\/2013\/04\/ilk-lisanssiz-turbin-satildi-80x48.jpg 80w, https:\/\/www.enerjigazetesi.ist\/wp-content\/uploads\/2013\/04\/ilk-lisanssiz-turbin-satildi.jpg 480w\" sizes=\"(max-width: 300px) 100vw, 300px\" \/><\/a>\u00d6n\u00fcm\u00fczdeki aylarda 2,2 MW g\u00fcc\u00fcnde T\u00fcrkiye\u2019nin en b\u00fcy\u00fck biyogaz santralinin ve biok\u00fctleden petrol \u00fcretim tesisinin a\u00e7\u0131l\u0131\u015f\u0131na haz\u0131rlanan Murat Akp\u0131nar AYETEK ile birlikte r\u00fczgar ve g\u00fcne\u015f enerjisi alan\u0131nda yat\u0131r\u0131mlar\u0131n\u0131n katlanarak devam edece\u011finin haberini verdi. Bu yat\u0131r\u0131mlar\u0131 yapmalar\u0131ndaki en b\u00fcy\u00fck sebebin elektrik fiyat art\u0131\u015flar\u0131ndan ba\u011f\u0131ms\u0131z hale gelmek oldu\u011funu vurgulayan Akp\u0131nar yeni a\u00e7\u0131klanan 1 MW s\u0131n\u0131r\u0131na ra\u011fmen 250 kW g\u00fcc\u00fcnde AYE 250\u2019yi tercih etmesinin sebebine ise \u015f\u00f6yle a\u00e7\u0131kl\u0131k getirdi:<br \/>\n&#8216;Bizim amac\u0131m\u0131z elektrik maliyetlerimizi kazanca \u00e7evirmek ve fiyat art\u0131\u015flar\u0131ndan ba\u011f\u0131ms\u0131z hale gelmektir.<\/p>\n<p>Fakat fiyat art\u0131\u015flar\u0131ndan ba\u011f\u0131ms\u0131z hale gelelim derken b\u00fcy\u00fck r\u00fczgar t\u00fcrbin \u00fcreticilerine ba\u011f\u0131ml\u0131 hale gelemeyiz. Yapt\u0131\u011f\u0131m\u0131z ara\u015ft\u0131rmalar neticesinde ortaya \u00e7\u0131km\u0131\u015ft\u0131r ki; gerekti\u011finde \u00fcreticiden ba\u011f\u0131ms\u0131z olabilmemiz i\u00e7in r\u00fczgar t\u00fcrbininin bak\u0131m ve onar\u0131m faaliyetlerini kendi b\u00fcnyemizde yapabilmeliyiz. Bu bizim i\u00e7in olmazsa olmazlar aras\u0131ndad\u0131r. AYETEK\u2019in sundu\u011fu cazip garanti ko\u015fullar\u0131 ve bak\u0131m onar\u0131m hizmetlerinden elbette yararlanaca\u011f\u0131z, fakat ileriki zamanlarda bu faaliyetleri kendimiz yapma opsiyonuna sahip olmal\u0131y\u0131z.<\/p>\n<p>1 MW\u2019a yak\u0131n g\u00fc\u00e7lerde r\u00fczgar t\u00fcrbin \u00fcreticilerinin \u00e7o\u011fu bu imkan\u0131 sa\u011flamad\u0131klar\u0131 gibi r\u00fczgar t\u00fcrbinlerinin ar\u0131za yapmas\u0131n\u0131 bir gelir kayna\u011f\u0131 olarak g\u00f6rmektedirler. Biz bu oyuna gelmeyiz! \u00d6b\u00fcr yandan AYE 250 r\u00fczgar t\u00fcrbininin bak\u0131m ve onar\u0131m a\u00e7\u0131s\u0131ndan \u00e7ok elveri\u015fli olmas\u0131 ve AYETEK\u2019in bu konuda personelimize e\u011fitim vermeye ve bilgi payla\u015f\u0131m\u0131na haz\u0131r olmas\u0131 bizim i\u00e7in \u00f6nemli tercih sebepleri aras\u0131nda olmu\u015ftur\u2019\u2019.<\/p>\n<p>Ara\u015ft\u0131rma kapsam\u0131nda AYETEK y\u00f6neticileriyle yakla\u015f\u0131k 2 y\u0131ld\u0131r g\u00f6r\u00fc\u015fmelerini s\u00fcrd\u00fcren Akp\u0131nar y\u00f6neticilerin yenilenebilir enerji alan\u0131ndaki donan\u0131mlar\u0131n\u0131 takdir etti\u011fini ifade etti. Ayr\u0131ca, \u2018\u2019Hollanda\u2019dan T\u00fcrkiye\u2019ye g\u00f6\u00e7 etmelerine ra\u011fmen T\u00fcrkiye\u2019nin i\u015f k\u00fclt\u00fcr\u00fcne bu kadar h\u0131zl\u0131 ve ba\u015far\u0131l\u0131 uyum sa\u011flam\u0131\u015f olmalar\u0131 ve T\u00fcrkiye\u2019nin en b\u00fcy\u00fck \u015firketleriyle masaya oturmalar\u0131 bize g\u00fcven vermi\u015ftir\u2019\u2019 diyen Akp\u0131nar AYETEK\u2019in, d\u00fcr\u00fcst ve istikrarl\u0131 duru\u015fundan dolay\u0131 yenilenebilir enerji yat\u0131r\u0131mlar\u0131nda \u00f6nemli bir stratejik partner oldu\u011funu s\u00f6zlerine ekledi. Lisanss\u0131z elektrik \u00fcretim sekt\u00f6r\u00fcn\u00fcn T\u00fcrkiye\u2019ye hay\u0131rl\u0131 olmas\u0131n\u0131 dileyen Murat Akp\u0131nar enerji yat\u0131r\u0131mlar\u0131yla ad\u0131ndan s\u00f6z ettirece\u011fe benziyor<\/p>\n<p>Kaynak: <a href=\"http:\/\/www.energyworld.com.tr\/root.vol?title=ilk-lisanssiz-turbin-satildi&amp;exec=page&amp;nid=524333\" target=\"_blank\">Energy World<\/a><\/p>","protected":false},"excerpt":{"rendered":"<p>Sorry, this entry is only available in Turkish. For the sake of viewer convenience, the content is shown below in the alternative language. You may click the link to switch the active language.AYETEK, Lisanss\u0131z Elektrik \u00dcretim Y\u00f6netmeli\u011fi kapsam\u0131nda T\u00fcrkiye\u2019nin ilk r\u00fczgar t\u00fcrbininin sat\u0131\u015f\u0131n\u0131 ger\u00e7ekle\u015ftirdi. \u00c7anakkale Ezine\u2019ye Ekim 2013\u2019te kurulmas\u0131 planlanan AYE 250 r\u00fczgar t\u00fcrbini yeni [&hellip;]<\/p>\n","protected":false},"author":1,"featured_media":9437,"comment_status":"open","ping_status":"open","sticky":false,"template":"","format":"standard","meta":[],"categories":[53,50],"tags":[4330,4328,4326,4329,68,19,63,67,18,4327,4331,69,324,4130],"views":745,"_links":{"self":[{"href":"https:\/\/www.enerjigazetesi.ist\/en\/wp-json\/wp\/v2\/posts\/9436"}],"collection":[{"href":"https:\/\/www.enerjigazetesi.ist\/en\/wp-json\/wp\/v2\/posts"}],"about":[{"href":"https:\/\/www.enerjigazetesi.ist\/en\/wp-json\/wp\/v2\/types\/post"}],"author":[{"embeddable":true,"href":"https:\/\/www.enerjigazetesi.ist\/en\/wp-json\/wp\/v2\/users\/1"}],"replies":[{"embeddable":true,"href":"https:\/\/www.enerjigazetesi.ist\/en\/wp-json\/wp\/v2\/comments?post=9436"}],"version-history":[{"count":1,"href":"https:\/\/www.enerjigazetesi.ist\/en\/wp-json\/wp\/v2\/posts\/9436\/revisions"}],"predecessor-version":[{"id":9438,"href":"https:\/\/www.enerjigazetesi.ist\/en\/wp-json\/wp\/v2\/posts\/9436\/revisions\/9438"}],"wp:featuredmedia":[{"embeddable":true,"href":"https:\/\/www.enerjigazetesi.ist\/en\/wp-json\/wp\/v2\/media\/9437"}],"wp:attachment":[{"href":"https:\/\/www.enerjigazetesi.ist\/en\/wp-json\/wp\/v2\/media?parent=9436"}],"wp:term":[{"taxonomy":"category","embeddable":true,"href":"https:\/\/www.enerjigazetesi.ist\/en\/wp-json\/wp\/v2\/categories?post=9436"},{"taxonomy":"post_tag","embeddable":true,"href":"https:\/\/www.enerjigazetesi.ist\/en\/wp-json\/wp\/v2\/tags?post=9436"}],"curies":[{"name":"wp","href":"https:\/\/api.w.org\/{rel}","templated":true}]}}